{"id":139156,"date":"2025-07-15T20:44:27","date_gmt":"2025-07-15T20:44:27","guid":{"rendered":"https:\/\/gazetaregionalna.com\/?p=139156"},"modified":"2025-07-15T20:44:29","modified_gmt":"2025-07-15T20:44:29","slug":"festiwal-frytka-off-2025-juz-w-sobote","status":"publish","type":"post","link":"https:\/\/gazetaregionalna.com\/?p=139156","title":{"rendered":"Festiwal Frytka Off 2025 ju\u017c w sobot\u0119 w Cz\u0119stochowie! Wyst\u0105pi\u0105 m.in. Mery Spolsky i Mela Koteluk"},"content":{"rendered":"\n<h2 class=\"wp-block-heading\">Przed nami trzynasta edycja cz\u0119stochowskiego Festiwalu Frytka Off. Impreza odb\u0119dzie si\u0119 19 lipca w Parku Wypoczynkowym Lisiniec. Wst\u0119p jest wolny.<\/h2>\n\n\n\n<p><a href=\"https:\/\/www.facebook.com\/FestiwalFrytkaOff\" target=\"_blank\" rel=\"noopener\">Frytka Off<\/a> ju\u017c po raz kolejny odb\u0119dzie si\u0119 na terenie Parku Wypoczynkowego Lisiniec (wcze\u015bniej festiwal organizowano w tzw. Alei Frytkowej). Za organizacj\u0119 wydarzenia odpowiadaj\u0105 Urz\u0105d Miasta Cz\u0119stochowy i O\u015brodek Promocji Kultury &#8222;Gaude Mater&#8221;. Festiwal odbywa si\u0119 pod honorowym patronatem Prezydenta Miasta Cz\u0119stochowy Krzysztofa Matyjaszczyka.<\/p>\n\n\n\n<figure class=\"wp-block-image size-large\"><img decoding=\"async\" width=\"1024\" height=\"1024\" data-src=\"https:\/\/gazetaregionalna.com\/wp-content\/uploads\/2025\/07\/515505262_734615182445075_3247720660463680480_n-1024x1024.jpg\" alt=\"\" class=\"wp-image-139157 lazyload\" data-srcset=\"https:\/\/gazetaregionalna.com\/wp-content\/uploads\/2025\/07\/515505262_734615182445075_3247720660463680480_n-1024x1024.jpg 1024w, https:\/\/gazetaregionalna.com\/wp-content\/uploads\/2025\/07\/515505262_734615182445075_3247720660463680480_n-300x300.jpg 300w, https:\/\/gazetaregionalna.com\/wp-content\/uploads\/2025\/07\/515505262_734615182445075_3247720660463680480_n-150x150.jpg 150w, https:\/\/gazetaregionalna.com\/wp-content\/uploads\/2025\/07\/515505262_734615182445075_3247720660463680480_n-768x768.jpg 768w, https:\/\/gazetaregionalna.com\/wp-content\/uploads\/2025\/07\/515505262_734615182445075_3247720660463680480_n-215x215.jpg 215w, https:\/\/gazetaregionalna.com\/wp-content\/uploads\/2025\/07\/515505262_734615182445075_3247720660463680480_n.jpg 1080w\" data-sizes=\"(max-width: 1024px) 100vw, 1024px\" src=\"data:image\/svg+xml;base64,PHN2ZyB3aWR0aD0iMSIgaGVpZ2h0PSIxIiB4bWxucz0iaHR0cDovL3d3dy53My5vcmcvMjAwMC9zdmciPjwvc3ZnPg==\" style=\"--smush-placeholder-width: 1024px; --smush-placeholder-aspect-ratio: 1024\/1024;\" \/><figcaption class=\"wp-element-caption\">Festiwal Frytka Off 2025<\/figcaption><\/figure>\n\n\n\n<p>Sobotnie koncerty rozpoczn\u0105 si\u0119 o\u00a0godz.\u00a016. Jako pierwszy wyst\u0105pi LAB, czyli zesp\u00f3\u0142, kt\u00f3ry inspiracji szuka w\u00a0pulsie miasta (sk\u0142ad stanowi\u0105 muzycy zwi\u0105zani wcze\u015bniej z\u00a0takimi formacjami jak np. Animators i\u00a0Negatyw). Grupa narodzi\u0142a si\u0119 w\u00a0lockdownie 2020\u00a0roku.<\/p>\n\n\n\n<p>Z\u00a0kolei o\u00a0godz.\u00a017 wyst\u0105pi reprezentant Cz\u0119stochowy, czyli 4\u00a0Hz. Grupa \u0142\u0105czy emocjonalny rap z\u00a0gitarowym pazurem, elektronicznymi smaczkami i\u00a0psychodelicznym t\u0142em. 4\u00a0Hz to brudna perkusja, gitarowe zaci\u0119cia i\u00a0flow. <\/p>\n\n\n\n<figure class=\"wp-block-image size-large\"><img decoding=\"async\" width=\"1024\" height=\"778\" data-src=\"https:\/\/gazetaregionalna.com\/wp-content\/uploads\/2025\/07\/485632052_1069481141887535_5623976106303193290_n-1024x778.jpg\" alt=\"\" class=\"wp-image-139161 lazyload\" data-srcset=\"https:\/\/gazetaregionalna.com\/wp-content\/uploads\/2025\/07\/485632052_1069481141887535_5623976106303193290_n-1024x778.jpg 1024w, https:\/\/gazetaregionalna.com\/wp-content\/uploads\/2025\/07\/485632052_1069481141887535_5623976106303193290_n-300x228.jpg 300w, https:\/\/gazetaregionalna.com\/wp-content\/uploads\/2025\/07\/485632052_1069481141887535_5623976106303193290_n-768x584.jpg 768w, https:\/\/gazetaregionalna.com\/wp-content\/uploads\/2025\/07\/485632052_1069481141887535_5623976106303193290_n.jpg 1200w\" data-sizes=\"(max-width: 1024px) 100vw, 1024px\" src=\"data:image\/svg+xml;base64,PHN2ZyB3aWR0aD0iMSIgaGVpZ2h0PSIxIiB4bWxucz0iaHR0cDovL3d3dy53My5vcmcvMjAwMC9zdmciPjwvc3ZnPg==\" style=\"--smush-placeholder-width: 1024px; --smush-placeholder-aspect-ratio: 1024\/778;\" \/><\/figure>\n\n\n\n<p>Trzecia na scenie b\u0119dzie Dziwna\u00a0Wiosna, a jej koncert zaplanowano na godz.\u00a018.30. Zesp\u00f3\u0142 ma na koncie dwie p\u0142yty: debiut zatytu\u0142owany zgodnie z nazw\u0105 oraz \u201eDuchy.Disco\u201d. Tw\u00f3rczo\u015b\u0107 ta miesza muzyk\u0119 pop-rockow\u0105, grunge, hard rock i\u00a0alternative. <\/p>\n\n\n\n<p>Potem przyjdzie pora na festiwalowe powroty. Po raz trzeci na scenie Frytki koncertowa\u0107 b\u0119d\u0105 dwie niezwykle utalentowane artystki: Mery Spolsky i Mela Koteluk. <\/p>\n\n\n\n<figure class=\"wp-block-image size-large\"><img decoding=\"async\" width=\"1024\" height=\"683\" data-src=\"https:\/\/gazetaregionalna.com\/wp-content\/uploads\/2025\/07\/485765229_1069481115220871_3258981142391230322_n-1024x683.jpg\" alt=\"\" class=\"wp-image-139162 lazyload\" data-srcset=\"https:\/\/gazetaregionalna.com\/wp-content\/uploads\/2025\/07\/485765229_1069481115220871_3258981142391230322_n-1024x683.jpg 1024w, https:\/\/gazetaregionalna.com\/wp-content\/uploads\/2025\/07\/485765229_1069481115220871_3258981142391230322_n-300x200.jpg 300w, https:\/\/gazetaregionalna.com\/wp-content\/uploads\/2025\/07\/485765229_1069481115220871_3258981142391230322_n-768x512.jpg 768w, https:\/\/gazetaregionalna.com\/wp-content\/uploads\/2025\/07\/485765229_1069481115220871_3258981142391230322_n.jpg 1200w\" data-sizes=\"(max-width: 1024px) 100vw, 1024px\" src=\"data:image\/svg+xml;base64,PHN2ZyB3aWR0aD0iMSIgaGVpZ2h0PSIxIiB4bWxucz0iaHR0cDovL3d3dy53My5vcmcvMjAwMC9zdmciPjwvc3ZnPg==\" style=\"--smush-placeholder-width: 1024px; --smush-placeholder-aspect-ratio: 1024\/683;\" \/><\/figure>\n\n\n\n<p>Pierwsza z nich jest wokalistk\u0105, autork\u0105 tekst\u00f3w, producentk\u0105 muzyczn\u0105, a\u00a0tak\u017ce pisark\u0105 (napisa\u0142a ksi\u0105\u017c\u0119 \u201eJestem Marysia i\u00a0chyba si\u0119 zabij\u0119 dzisiaj\u201d) oraz projektantk\u0105. Mery zadebiutowa\u0142a w\u00a02017\u00a0roku albumem \u201eMi\u0142o by\u0142o pana pozna\u0107\u201d, a\u00a0dwa lata p\u00f3\u017aniej wjecha\u0142a z\u00a0\u201eDekalogiem Spolsky\u201d \u2013 p\u0142yt\u0105, kt\u00f3ra od razu zrobi\u0142a zamieszanie. W\u00a02023\u00a0roku jej dyskografi\u0119 do\u0142o\u017cy\u0142a \u201eErotik er\u0119\u201d. <\/p>\n\n\n\n<p>Ten wyst\u0119p zaplanowano na godz.\u00a020, a\u00a0o godz.\u00a021.30 za\u015bpiewa wspomniana Mela Koteluk. Piosenkarka debiutowa\u0142a w\u00a02012\u00a0roku z\u00a0albumem \u201eSpadochron\u201d. Potem by\u0142y \u201eMigracje\u201d (podw\u00f3jna platyna), \u201eMigawka\u201d (Fryderyk), \u201eAstronomia poety\u201d stworzona z\u00a0zespo\u0142em Kwadrofonik (kolejny Fryderyk) oraz wydana w\u00a0marcu tego roku \u2013 \u201eHarmonia\u201d. Wszystkie p\u0142yty s\u0105 niezwykle osobiste, ale przy tym niezwykle uniwersalne.<\/p>\n\n\n\n<figure class=\"wp-block-image size-large\"><img decoding=\"async\" width=\"1024\" height=\"750\" data-src=\"https:\/\/gazetaregionalna.com\/wp-content\/uploads\/2025\/07\/481073287_641734308399830_9127651475311641375_n-1024x750.jpg\" alt=\"\" class=\"wp-image-139163 lazyload\" data-srcset=\"https:\/\/gazetaregionalna.com\/wp-content\/uploads\/2025\/07\/481073287_641734308399830_9127651475311641375_n-1024x750.jpg 1024w, https:\/\/gazetaregionalna.com\/wp-content\/uploads\/2025\/07\/481073287_641734308399830_9127651475311641375_n-300x220.jpg 300w, https:\/\/gazetaregionalna.com\/wp-content\/uploads\/2025\/07\/481073287_641734308399830_9127651475311641375_n-768x563.jpg 768w, https:\/\/gazetaregionalna.com\/wp-content\/uploads\/2025\/07\/481073287_641734308399830_9127651475311641375_n.jpg 1200w\" data-sizes=\"(max-width: 1024px) 100vw, 1024px\" src=\"data:image\/svg+xml;base64,PHN2ZyB3aWR0aD0iMSIgaGVpZ2h0PSIxIiB4bWxucz0iaHR0cDovL3d3dy53My5vcmcvMjAwMC9zdmciPjwvc3ZnPg==\" style=\"--smush-placeholder-width: 1024px; --smush-placeholder-aspect-ratio: 1024\/750;\" \/><\/figure>\n\n\n\n<p>Fina\u0142owy koncert trzynastej edycji imprezy przewidziano o\u00a0godz.\u00a023. Na scenie pojawi si\u0119 w\u00f3wczas raper Avi, czyli zdobywca platynowych i\u00a0z\u0142otych p\u0142yt. Muzyczn\u0105 drog\u0119 zaczyna\u0142 od wsp\u00f3\u0142pracy ze swoim przyjacielem, producentem Louisem\u00a0Villainem, natomiast dwa lata temu zaprezentowa\u0142 sw\u00f3j solowy kr\u0105\u017cek zatytu\u0142owany \u201eMa\u0142y ksi\u0105\u017c\u0119\u201d.<\/p>\n\n\n\n<p>Wst\u0119p na wszystkie sobotnie koncerty b\u0119dzie darmowy.<\/p>\n\n\n\n<figure class=\"wp-block-image size-large\"><img decoding=\"async\" width=\"1024\" height=\"671\" data-src=\"https:\/\/gazetaregionalna.com\/wp-content\/uploads\/2025\/07\/481284362_641735011733093_7717581471192060302_n-1024x671.jpg\" alt=\"\" class=\"wp-image-139164 lazyload\" data-srcset=\"https:\/\/gazetaregionalna.com\/wp-content\/uploads\/2025\/07\/481284362_641735011733093_7717581471192060302_n-1024x671.jpg 1024w, https:\/\/gazetaregionalna.com\/wp-content\/uploads\/2025\/07\/481284362_641735011733093_7717581471192060302_n-300x197.jpg 300w, https:\/\/gazetaregionalna.com\/wp-content\/uploads\/2025\/07\/481284362_641735011733093_7717581471192060302_n-768x503.jpg 768w, https:\/\/gazetaregionalna.com\/wp-content\/uploads\/2025\/07\/481284362_641735011733093_7717581471192060302_n.jpg 1200w\" data-sizes=\"(max-width: 1024px) 100vw, 1024px\" src=\"data:image\/svg+xml;base64,PHN2ZyB3aWR0aD0iMSIgaGVpZ2h0PSIxIiB4bWxucz0iaHR0cDovL3d3dy53My5vcmcvMjAwMC9zdmciPjwvc3ZnPg==\" style=\"--smush-placeholder-width: 1024px; --smush-placeholder-aspect-ratio: 1024\/671;\" \/><\/figure>\n\n\n\n<p>Tradycyjnie podczas plenerowej imprezy nie zabraknie strefy z\u00a0food truckami. Wystartuje ona ju\u017c o godz.\u00a015, a w\u00a0menu znajd\u0105 si\u0119 nie tylko frytki, ale te\u017c szereg innych frykas\u00f3w.<\/p>\n\n\n\n<p>Wydarzeniem towarzysz\u0105cym b\u0119d\u0105 before oraz after party. Zaplanowano je w lokalu La Playa. Pierwsza impreza odb\u0119dzie si\u0119 w pi\u0105tek, 18 lipca o godz. 18, druga po festiwalu ju\u017c o p\u00f3\u0142nocy. Za konsol\u0105 stan\u0105 DJ-e: Netrox, Horizon i Tirex. Wst\u0119p jest wolny.<\/p>\n\n\n\n<p>Wi\u0119cej informacji mo\u017cna znale\u017a\u0107 na: <a href=\"http:\/\/frytkaoff.czestochowa.pl\/\" target=\"_blank\" rel=\"noopener\">frytkaoff.czestochowa.pl<\/a><\/p>\n\n\n\n<p><strong>red., mat. UM Cz\u0119stochowy, fot. Grzegorz Skowronek\/UM Cz\u0119stochowy<\/strong><\/p>\n","protected":false},"excerpt":{"rendered":"<p>Przed nami trzynasta edycja cz\u0119stochowskiego Festiwalu Frytka Off. Impreza odb\u0119dzie si\u0119 19 lipca w Parku Wypoczynkowym Lisiniec. Wst\u0119p jest wolny. Frytka Off ju\u017c po<\/p>\n","protected":false},"author":11,"featured_media":139160,"comment_status":"closed","ping_status":"open","sticky":false,"template":"","format":"standard","meta":{"_monsterinsights_skip_tracking":false,"_monsterinsights_sitenote_active":false,"_monsterinsights_sitenote_note":"","_monsterinsights_sitenote_category":0,"_uf_show_specific_survey":0,"_uf_disable_surveys":false,"footnotes":""},"categories":[12,3,94,2],"tags":[144,9862,971,1180],"class_list":["post-139156","post","type-post","status-publish","format-standard","has-post-thumbnail","hentry","category-kultura-i-rozrywka","category-czestochowa-informacje","category-polecane","category-wiadomosci","tag-czestochowa","tag-festiwal-frytka-off","tag-muzyka","tag-zabawa"],"_links":{"self":[{"href":"https:\/\/gazetaregionalna.com\/index.php?rest_route=\/wp\/v2\/posts\/139156","targetHints":{"allow":["GET"]}}],"collection":[{"href":"https:\/\/gazetaregionalna.com\/index.php?rest_route=\/wp\/v2\/posts"}],"about":[{"href":"https:\/\/gazetaregionalna.com\/index.php?rest_route=\/wp\/v2\/types\/post"}],"author":[{"embeddable":true,"href":"https:\/\/gazetaregionalna.com\/index.php?rest_route=\/wp\/v2\/users\/11"}],"replies":[{"embeddable":true,"href":"https:\/\/gazetaregionalna.com\/index.php?rest_route=%2Fwp%2Fv2%2Fcomments&post=139156"}],"version-history":[{"count":3,"href":"https:\/\/gazetaregionalna.com\/index.php?rest_route=\/wp\/v2\/posts\/139156\/revisions"}],"predecessor-version":[{"id":139165,"href":"https:\/\/gazetaregionalna.com\/index.php?rest_route=\/wp\/v2\/posts\/139156\/revisions\/139165"}],"wp:featuredmedia":[{"embeddable":true,"href":"https:\/\/gazetaregionalna.com\/index.php?rest_route=\/wp\/v2\/media\/139160"}],"wp:attachment":[{"href":"https:\/\/gazetaregionalna.com\/index.php?rest_route=%2Fwp%2Fv2%2Fmedia&parent=139156"}],"wp:term":[{"taxonomy":"category","embeddable":true,"href":"https:\/\/gazetaregionalna.com\/index.php?rest_route=%2Fwp%2Fv2%2Fcategories&post=139156"},{"taxonomy":"post_tag","embeddable":true,"href":"https:\/\/gazetaregionalna.com\/index.php?rest_route=%2Fwp%2Fv2%2Ftags&post=139156"}],"curies":[{"name":"wp","href":"https:\/\/api.w.org\/{rel}","templated":true}]}}