{"id":13910,"date":"2020-06-11T18:44:45","date_gmt":"2020-06-11T18:44:45","guid":{"rendered":"https:\/\/gazetaregionalna.com\/?p=13910"},"modified":"2020-06-11T18:44:46","modified_gmt":"2020-06-11T18:44:46","slug":"eltrox-wlokniarz-czestochowa-3","status":"publish","type":"post","link":"https:\/\/gazetaregionalna.com\/?p=13910","title":{"rendered":"1 runda PGE Ekstraligi.                                                 Zapowied\u017a meczu ELTROX W\u0142\u00f3kniarz Cz\u0119stochowa &#8211; MRGARDEN GKM Grudzi\u0105dz."},"content":{"rendered":"\n<figure class=\"wp-block-image size-large\"><img decoding=\"async\" width=\"1024\" height=\"684\" data-src=\"https:\/\/gazetaregionalna.com\/wp-content\/uploads\/2020\/06\/20190809-WOL_6529-1024x684.jpg\" alt=\"\" class=\"wp-image-13911 lazyload\" data-srcset=\"https:\/\/gazetaregionalna.com\/wp-content\/uploads\/2020\/06\/20190809-WOL_6529-1024x684.jpg 1024w, https:\/\/gazetaregionalna.com\/wp-content\/uploads\/2020\/06\/20190809-WOL_6529-300x200.jpg 300w, https:\/\/gazetaregionalna.com\/wp-content\/uploads\/2020\/06\/20190809-WOL_6529-768x513.jpg 768w, https:\/\/gazetaregionalna.com\/wp-content\/uploads\/2020\/06\/20190809-WOL_6529-1536x1026.jpg 1536w, https:\/\/gazetaregionalna.com\/wp-content\/uploads\/2020\/06\/20190809-WOL_6529-696x465.jpg 696w, https:\/\/gazetaregionalna.com\/wp-content\/uploads\/2020\/06\/20190809-WOL_6529-1068x713.jpg 1068w, https:\/\/gazetaregionalna.com\/wp-content\/uploads\/2020\/06\/20190809-WOL_6529-629x420.jpg 629w, https:\/\/gazetaregionalna.com\/wp-content\/uploads\/2020\/06\/20190809-WOL_6529.jpg 1200w\" data-sizes=\"(max-width: 1024px) 100vw, 1024px\" src=\"data:image\/svg+xml;base64,PHN2ZyB3aWR0aD0iMSIgaGVpZ2h0PSIxIiB4bWxucz0iaHR0cDovL3d3dy53My5vcmcvMjAwMC9zdmciPjwvc3ZnPg==\" style=\"--smush-placeholder-width: 1024px; --smush-placeholder-aspect-ratio: 1024\/684;\" \/><figcaption>\u017ar\u00f3d\u0142o: Eltrox W\u0142\u00f3kniarz Cz\u0119stochowa<\/figcaption><\/figure>\n\n\n\n<h2 class=\"wp-block-heading\"><strong>12 czerwca startuje, z ponad dwumiesi\u0119cznym op\u00f3\u017anieniem spowodowanym pandemi\u0105 koronowirusa, najlepsza liga \u015bwiata PGE Ekstraliga. Na pocz\u0105tek zmaga\u0144 ELTROX W\u0142\u00f3kniarz Cz\u0119stochowa zmierzy si\u0119 na Arena zielona-energia.com z MRGARDEN GKM Grudzi\u0105dz. <\/strong><\/h2>\n\n\n\n<p>W ostatnich latach nie brakowa\u0142o emocji w spotkaniach tych\ndru\u017cyn. Szczeg\u00f3lnie, gdy chodzi o potyczki na cz\u0119stochowskim torze. Walka\nzazwyczaj by\u0142a emocjonuj\u0105ca i toczy\u0142a si\u0119 do ostatniego biegu i dos\u0142ownie ostatnich\nmetr\u00f3w. Trzy z czterech ostatnich rywalizacji mi\u0119dzy tymi zespo\u0142ami ko\u0144czy\u0142o\nsi\u0119 bez rozstrzygni\u0119cia. Warto przypomnie\u0107 szar\u017c\u0119 <strong>Leona Madsena<\/strong> podczas zwyci\u0119skiego remisu dla W\u0142\u00f3kniarza\nCz\u0119stochowa w 2018 roku. Remis ten da\u0142 w\u00f3wczas dru\u017cynie cz\u0119stochowskich Lw\u00f3w\nupragnione play-offy, a wszyscy kibice doskonale pami\u0119taj\u0105 atak naszego\nkapitana na ostatnim \u0142uku, kiedy to wyprzedzi\u0142 <strong>Antonio Lindbaeck\u2018a<\/strong>.<\/p>\n\n\n\n<p>Warto zaznaczy\u0107, \u017ce grudzi\u0105dzanie bardzo lubi\u0105 cz\u0119stochowski tor. Celem na ten sezon to z pewno\u015bci\u0105 play-offy, o kt\u00f3rych przed sezonem wspomina sternik MRGARDEN GKM Grudzi\u0105dz <strong>Marcin Murawski<\/strong> w rozmowie z Radiem PiK &#8211; <em>Wiadomo, \u017ce gospodarze to jeden z faworyt\u00f3w ca\u0142ej ligi, maj\u0105 bardzo mocny sk\u0142ad, ale my r\u00f3wnie\u017c nie mamy si\u0119 czego wstydzi\u0107. Nasza kadra wygl\u0105da bardzo solidnie. Z ka\u017cdym mo\u017cemy w tym sezonie wygra.<\/em><\/p>\n\n\n\n<p>Je\u015bli chodzi o kadr\u0119 to w zespole z Grudzi\u0105dza dosz\u0142o do\njednej zasadniczej zmiany. Mianowicie za&nbsp;\n<strong>Antonio Lindbaeck\u2018a<\/strong> przyszed\u0142\nz Falubazu Zielona G\u00f3ra <strong>Nicki Pedersen<\/strong>.\nDu\u0144czyk, wydaj\u0119 si\u0119 by\u0107 wzmocnieniem dru\u017cyny z Go\u0142\u0119biem na plastronie. Je\u015bli\ndodamy do tego do\u015bwiadczon\u0105, pozosta\u0142\u0105 kadr\u0119 grudzi\u0105dzan to w zestawieniu z\ndru\u017cyn\u0105 ELTROX W\u0142\u00f3kniarza Cz\u0119stochowa, mo\u017cemy spodziewa\u0107 si\u0119 znowu\nekscytuj\u0105cego spotkania. <\/p>\n\n\n\n<p>Je\u015bli chodzi o kadr\u0119 na pi\u0105tkowy mecz to w dru\u017cynie\ngospodarzy, \u017cadnych niespodzianek nie ma. Trener <strong>Marek Cie\u015blak<\/strong> powo\u0142a\u0142 do boju najsilniejsze zestawienie. Jedyn\u0105\nzagadk\u0105 by\u0142o obsadzenie miejsca drugiego juniora. Partnerem <strong>Jakuba Mi\u015bkowiaka<\/strong> w formacji juniorskiej\nzosta\u0142 <strong>Mateusz \u015awidnicki.<\/strong><\/p>\n\n\n\n<p>Cho\u0107 mecz odb\u0119dzie si\u0119 bez udzia\u0142u kibic\u00f3w, to na pewno\nemocji nie zabraknie. Zapraszamy do \u015bledzenia transmisji na kanale <strong>ELEVEN SPORTS 1<\/strong> w pi\u0105tek 12.06 od\ngodziny 20.15. <\/p>\n\n\n\n<p>Awizowane sk\u0142ady:<\/p>\n\n\n\n<p><strong>Eltrox W\u0142\u00f3kniarz\nCz\u0119stochowa<\/strong><\/p>\n\n\n\n<p>9. Leon Madsen<\/p>\n\n\n\n<p>10. Rune Holta<\/p>\n\n\n\n<p>11. Fredrik Lindgren<\/p>\n\n\n\n<p>12. Pawe\u0142 Przedpe\u0142ski<\/p>\n\n\n\n<p>13. Jason Doyle<\/p>\n\n\n\n<p>14. Mateusz \u015awidnicki<\/p>\n\n\n\n<p>15. Jakub Mi\u015bkowiak<\/p>\n\n\n\n<p><strong>MRGARDEN GKM\nGrudzi\u0105dz<\/strong><\/p>\n\n\n\n<p>1. Nicki Pedersen<\/p>\n\n\n\n<p>2. Krzysztof Buczkowski<\/p>\n\n\n\n<p>3. Przemys\u0142aw Pawlicki<\/p>\n\n\n\n<p>4. Kenneth Bjerre<\/p>\n\n\n\n<p>5. Artem Laguta<\/p>\n\n\n\n<p>6. Marcin Turowski<\/p>\n\n\n\n<p>7. Damian Lotarski<\/p>\n","protected":false},"excerpt":{"rendered":"<p>12 czerwca startuje, z ponad dwumiesi\u0119cznym op\u00f3\u017anieniem spowodowanym pandemi\u0105 koronowirusa, najlepsza liga \u015bwiata PGE Ekstraliga. Na pocz\u0105tek zmaga\u0144 ELTROX W\u0142\u00f3kniarz Cz\u0119stochowa zmierzy si\u0119 na<\/p>\n","protected":false},"author":13,"featured_media":13911,"comment_status":"open","ping_status":"open","sticky":false,"template":"","format":"standard","meta":{"_monsterinsights_skip_tracking":false,"_monsterinsights_sitenote_active":false,"_monsterinsights_sitenote_note":"","_monsterinsights_sitenote_category":0,"_uf_show_specific_survey":0,"_uf_disable_surveys":false,"footnotes":""},"categories":[5,3,7],"tags":[],"class_list":["post-13910","post","type-post","status-publish","format-standard","has-post-thumbnail","hentry","category-sport","category-czestochowa-informacje","category-zuzel"],"_links":{"self":[{"href":"https:\/\/gazetaregionalna.com\/index.php?rest_route=\/wp\/v2\/posts\/13910","targetHints":{"allow":["GET"]}}],"collection":[{"href":"https:\/\/gazetaregionalna.com\/index.php?rest_route=\/wp\/v2\/posts"}],"about":[{"href":"https:\/\/gazetaregionalna.com\/index.php?rest_route=\/wp\/v2\/types\/post"}],"author":[{"embeddable":true,"href":"https:\/\/gazetaregionalna.com\/index.php?rest_route=\/wp\/v2\/users\/13"}],"replies":[{"embeddable":true,"href":"https:\/\/gazetaregionalna.com\/index.php?rest_route=%2Fwp%2Fv2%2Fcomments&post=13910"}],"version-history":[{"count":4,"href":"https:\/\/gazetaregionalna.com\/index.php?rest_route=\/wp\/v2\/posts\/13910\/revisions"}],"predecessor-version":[{"id":13960,"href":"https:\/\/gazetaregionalna.com\/index.php?rest_route=\/wp\/v2\/posts\/13910\/revisions\/13960"}],"wp:featuredmedia":[{"embeddable":true,"href":"https:\/\/gazetaregionalna.com\/index.php?rest_route=\/wp\/v2\/media\/13911"}],"wp:attachment":[{"href":"https:\/\/gazetaregionalna.com\/index.php?rest_route=%2Fwp%2Fv2%2Fmedia&parent=13910"}],"wp:term":[{"taxonomy":"category","embeddable":true,"href":"https:\/\/gazetaregionalna.com\/index.php?rest_route=%2Fwp%2Fv2%2Fcategories&post=13910"},{"taxonomy":"post_tag","embeddable":true,"href":"https:\/\/gazetaregionalna.com\/index.php?rest_route=%2Fwp%2Fv2%2Ftags&post=13910"}],"curies":[{"name":"wp","href":"https:\/\/api.w.org\/{rel}","templated":true}]}}