{"id":138830,"date":"2025-06-30T06:40:38","date_gmt":"2025-06-30T06:40:38","guid":{"rendered":"https:\/\/gazetaregionalna.com\/?p=138830"},"modified":"2025-06-30T06:40:40","modified_gmt":"2025-06-30T06:40:40","slug":"straz-miejska-najwiecej-zgloszen-w-miniony-weekend-dotyczylo-zaklocania-spokoju-i-porzadku-publicznego-oraz-spozywania-alkoholu-w-miejscach-publicznych","status":"publish","type":"post","link":"https:\/\/gazetaregionalna.com\/?p=138830","title":{"rendered":"Stra\u017c Miejska: Najwi\u0119cej zg\u0142osze\u0144 w miniony weekend dotyczy\u0142o zak\u0142\u00f3cania spokoju i porz\u0105dku publicznego oraz spo\u017cywania alkoholu w miejscach publicznych"},"content":{"rendered":"\n<p>Dy\u017curni cz\u0119stochowskiej Stra\u017cy Miejskiej przyj\u0119li w trakcie minionego weekendu 143 telefoniczne zg\u0142oszenia o interwencj\u0119 od mieszkanek i mieszka\u0144c\u00f3w miasta. Patrole Stra\u017cy Miejskiej zabezpiecza\u0142y te\u017c imprezy plenerowe, kt\u00f3re w weekend odby\u0142y si\u0119 na terenie Cz\u0119stochowy.<\/p>\n\n\n\n<p>Najwi\u0119cej zg\u0142osze\u0144 w miniony weekend dotyczy\u0142o zak\u0142\u00f3cania spokoju i porz\u0105dku publicznego oraz spo\u017cywania alkoholu w miejscach publicznych. By\u0142o to 58 przypadk\u00f3w. Na drugim miejscu znalaz\u0142y si\u0119 zg\u0142oszenia zwi\u0105zane z wykroczeniami drogowymi. By\u0142o to 20 zg\u0142osze\u0144.<\/p>\n\n\n\n<p>W trakcie weekendu pracownicy Stra\u017cy Miejskiej z referatu ds. monitoringu wizyjnego przekazali do dy\u017curnego Stra\u017cy Miejskiej 21 interwencji do realizacji.<\/p>\n\n\n\n<p>Opr\u00f3cz interwencji zg\u0142oszonych przez mieszka\u0144c\u00f3w miasta cz\u0119stochowscy stra\u017cnicy miejscy podejmowali te\u017c w\u0142asne dzia\u0142ania podczas s\u0142u\u017cby patrolowej.<\/p>\n\n\n\n<p>W miniony weekend stra\u017cnicy miejscy zabezpieczali te\u017c imprezy plenerowe, kt\u00f3re odby\u0142y si\u0119 na terenie Cz\u0119stochowy.<\/p>\n\n\n\n<p>\u0179r\u00f3d\u0142o: www.sm.czestochowa.pl<\/p>\n","protected":false},"excerpt":{"rendered":"<p>Dy\u017curni cz\u0119stochowskiej Stra\u017cy Miejskiej przyj\u0119li w trakcie minionego weekendu 143 telefoniczne zg\u0142oszenia o interwencj\u0119 od mieszkanek i mieszka\u0144c\u00f3w miasta. Patrole Stra\u017cy Miejskiej zabezpiecza\u0142y te\u017c<\/p>\n","protected":false},"author":25,"featured_media":132173,"comment_status":"closed","ping_status":"open","sticky":false,"template":"","format":"standard","meta":{"_monsterinsights_skip_tracking":false,"_monsterinsights_sitenote_active":false,"_monsterinsights_sitenote_note":"","_monsterinsights_sitenote_category":0,"_uf_show_specific_survey":0,"_uf_disable_surveys":false,"footnotes":""},"categories":[94,3,2],"tags":[],"class_list":["post-138830","post","type-post","status-publish","format-standard","has-post-thumbnail","hentry","category-polecane","category-czestochowa-informacje","category-wiadomosci"],"_links":{"self":[{"href":"https:\/\/gazetaregionalna.com\/index.php?rest_route=\/wp\/v2\/posts\/138830","targetHints":{"allow":["GET"]}}],"collection":[{"href":"https:\/\/gazetaregionalna.com\/index.php?rest_route=\/wp\/v2\/posts"}],"about":[{"href":"https:\/\/gazetaregionalna.com\/index.php?rest_route=\/wp\/v2\/types\/post"}],"author":[{"embeddable":true,"href":"https:\/\/gazetaregionalna.com\/index.php?rest_route=\/wp\/v2\/users\/25"}],"replies":[{"embeddable":true,"href":"https:\/\/gazetaregionalna.com\/index.php?rest_route=%2Fwp%2Fv2%2Fcomments&post=138830"}],"version-history":[{"count":1,"href":"https:\/\/gazetaregionalna.com\/index.php?rest_route=\/wp\/v2\/posts\/138830\/revisions"}],"predecessor-version":[{"id":138831,"href":"https:\/\/gazetaregionalna.com\/index.php?rest_route=\/wp\/v2\/posts\/138830\/revisions\/138831"}],"wp:featuredmedia":[{"embeddable":true,"href":"https:\/\/gazetaregionalna.com\/index.php?rest_route=\/wp\/v2\/media\/132173"}],"wp:attachment":[{"href":"https:\/\/gazetaregionalna.com\/index.php?rest_route=%2Fwp%2Fv2%2Fmedia&parent=138830"}],"wp:term":[{"taxonomy":"category","embeddable":true,"href":"https:\/\/gazetaregionalna.com\/index.php?rest_route=%2Fwp%2Fv2%2Fcategories&post=138830"},{"taxonomy":"post_tag","embeddable":true,"href":"https:\/\/gazetaregionalna.com\/index.php?rest_route=%2Fwp%2Fv2%2Ftags&post=138830"}],"curies":[{"name":"wp","href":"https:\/\/api.w.org\/{rel}","templated":true}]}}