{"id":138787,"date":"2025-06-26T14:21:00","date_gmt":"2025-06-26T14:21:00","guid":{"rendered":"https:\/\/gazetaregionalna.com\/?p=138787"},"modified":"2025-06-26T07:24:30","modified_gmt":"2025-06-26T07:24:30","slug":"prezesi-rakowa-spotkali-sie-z-wiceprezydentami-czestochowy-tematem-bylo-25-miliona-zl-dla-rakowa-oraz-budowa-nowego-stadionu","status":"publish","type":"post","link":"https:\/\/gazetaregionalna.com\/?p=138787","title":{"rendered":"Prezesi Rakowa spotkali si\u0119 z wiceprezydentami Cz\u0119stochowy. Tematem by\u0142o 2,5 miliona z\u0142 dla Rakowa oraz budowa nowego stadionu&#8230;"},"content":{"rendered":"\n<p>Przedstawiciele Rakowa Cz\u0119stochowa podpisali z miastem umow\u0119 na promocj\u0119 poprzez sport. W czasie wizyty poruszono tak\u017ce kwesti\u0119 obecnych perspektyw lokalizacji planowanego stadionu Rakowa na terenach by\u0142ego \u201eElanexu\u201d \u2013 informuje Biuro Prasowe Urz\u0119du Miasta Cz\u0119stochowy.<\/p>\n\n\n\n<p>Poni\u017cej zamieszczamy ca\u0142y komunikat magistratu:<\/p>\n\n\n\n<p>\u201eW trakcie spotkania, kt\u00f3re odby\u0142o si\u0119 w Urz\u0119dzie Miasta Cz\u0119stochowy 25 czerwca w\u0142adze miasta przekaza\u0142y m.in. informacj\u0119 dotycz\u0105c\u0105 z\u0142o\u017conego przez miasto odwo\u0142ania od decyzji \u015al\u0105skiego Wojew\u00f3dzkiego Konserwatora Zabytk\u00f3w w Katowicach, orzekaj\u0105cej o rozszerzeniu ochrony konserwatorskiej zespo\u0142u zabudowy Prz\u0119dzalni Czesankowej \u201eElanex\u201d.<\/p>\n\n\n\n<p>W ocenie miasta zakres wpisu do rejestru zabytk\u00f3w praktycznie wszystkich dzia\u0142ek ewidencyjnych sk\u0142adaj\u0105cych si\u0119 na teren by\u0142ego \u201eElanexu\u201d, w tym tych, na kt\u00f3rych znajduj\u0105 si\u0119 zabudowania fabryczne pozbawione jakichkolwiek warto\u015bci zabytkowych, powoduje ograniczenia dla mo\u017cliwo\u015bci inwestycyjnych i przywr\u00f3cenia do \u017cycia tej cz\u0119\u015bci miasta w niedalekiej przysz\u0142o\u015bci. Ewentualne uprawomocnienie si\u0119 wspomnianej decyzji konserwatorskiej odsuwa tak\u017ce w czasie licytacj\u0119 komornicz\u0105, kt\u00f3ra daje szans\u0119 na odblokowanie teren\u00f3w \u201eElanexu\u201d dla inwestycji oraz mo\u017cliwej rewitalizacji cennych zabytkowo obiekt\u00f3w. Jak wiadomo grunty dawnej prz\u0119dzalni zosta\u0142y wskazane we wst\u0119pnym studium wykonalno\u015bci jako najlepsza, tak\u017ce pod k\u0105tem komercjalizacji projektu, lokalizacja dla nowego stadionu pi\u0142karskiego w Cz\u0119stochowie.<\/p>\n\n\n\n<p>Dlatego miasto z\u0142o\u017cy\u0142o do Ministra Kultury i Dziedzictwa Narodowego wniosek o uchylenie decyzji \u015al\u0105skiego Konserwatora Zabytk\u00f3w w ca\u0142o\u015bci.<\/p>\n\n\n\n<p>\u015arodowe spotkanie mi\u0119dzy RKS Rak\u00f3w a w\u0142adzami miasta by\u0142o tak\u017ce okazj\u0105 do podpisania ze strony klubu tegorocznej umowy na promocj\u0119 Cz\u0119stochowy poprzez pi\u0142k\u0119 no\u017cn\u0105. Us\u0142ugi promocyjne dru\u017cyny aktualnego wicemistrza Polski na rzecz miasta opiewaj\u0105 na 2,5 mln z\u0142.<\/p>\n\n\n\n<p>Strony ustali\u0142y tak\u017ce, \u017ce kolejne robocze spotkanie odb\u0119dzie si\u0119 w po\u0142owie lipca na terenie obecnego stadionu Rakowa przy ul. Limanowskiego, gdzie trwa ko\u0144cowa faza miejskiej inwestycji zwi\u0105zanej z rozbudow\u0105 zaplecza treningowo-dydaktycznego, szkoleniowego, regeneracyjno-rehabilitacyjnego oraz sanitarnego.<\/p>\n\n\n\n<p>W spotkaniu w UM ze strony klubu uczestniczyli: prezes Rakowa Piotr Obidzi\u0144ski, wiceprezes Dawid Krz\u0119towski oraz przewodnicz\u0105cy Rady Nadzorczej \u201eRakowa\u201d Wojciech Cygan. W\u0142adze miasta reprezentowali zast\u0119pcy prezydenta Cz\u0119stochowy \u0141ukasz Kot oraz \u0141ukasz Pabi\u015b, a Urz\u0105d Miasta \u2013 naczelnik Wydzia\u0142u Inwestycji i Zam\u00f3wie\u0144 Publicznych Micha\u0142 Konieczny oraz rzecznik prasowy UM W\u0142odzimierz Tutaj.\u201d<\/p>\n\n\n\n<p>MR-K, materia\u0142y prasowe Urz\u0119du Miasta Cz\u0119stochowy, fot: Kacper Staszczyk (UM)<\/p>\n\n\n\n<p>Partnerami relacji sportowych s\u0105:<\/p>\n\n\n\n<p>DMK Invest materia\u0142y budowlane Konopiska (www.dmkinvest.pl)<\/p>\n\n\n\n<p>Centrum Nieruchomo\u015bci i Finans\u00f3w (www.cnif.pl)<\/p>\n\n\n\n<figure class=\"wp-block-image size-large\"><img decoding=\"async\" width=\"1024\" height=\"683\" data-src=\"https:\/\/gazetaregionalna.com\/wp-content\/uploads\/2025\/06\/UM-1024x683.jpg\" alt=\"\" class=\"wp-image-138788 lazyload\" data-srcset=\"https:\/\/gazetaregionalna.com\/wp-content\/uploads\/2025\/06\/UM-1024x683.jpg 1024w, https:\/\/gazetaregionalna.com\/wp-content\/uploads\/2025\/06\/UM-300x200.jpg 300w, https:\/\/gazetaregionalna.com\/wp-content\/uploads\/2025\/06\/UM-768x512.jpg 768w, https:\/\/gazetaregionalna.com\/wp-content\/uploads\/2025\/06\/UM.jpg 1200w\" data-sizes=\"(max-width: 1024px) 100vw, 1024px\" src=\"data:image\/svg+xml;base64,PHN2ZyB3aWR0aD0iMSIgaGVpZ2h0PSIxIiB4bWxucz0iaHR0cDovL3d3dy53My5vcmcvMjAwMC9zdmciPjwvc3ZnPg==\" style=\"--smush-placeholder-width: 1024px; --smush-placeholder-aspect-ratio: 1024\/683;\" \/><\/figure>\n\n\n\n<figure class=\"wp-block-image size-large\"><img decoding=\"async\" width=\"1024\" height=\"1024\" data-src=\"https:\/\/gazetaregionalna.com\/wp-content\/uploads\/2024\/04\/DMK-Invest-1-1024x1024.jpg\" alt=\"\" class=\"wp-image-123882 lazyload\" data-srcset=\"https:\/\/gazetaregionalna.com\/wp-content\/uploads\/2024\/04\/DMK-Invest-1-1024x1024.jpg 1024w, https:\/\/gazetaregionalna.com\/wp-content\/uploads\/2024\/04\/DMK-Invest-1-300x300.jpg 300w, https:\/\/gazetaregionalna.com\/wp-content\/uploads\/2024\/04\/DMK-Invest-1-150x150.jpg 150w, https:\/\/gazetaregionalna.com\/wp-content\/uploads\/2024\/04\/DMK-Invest-1-768x768.jpg 768w, https:\/\/gazetaregionalna.com\/wp-content\/uploads\/2024\/04\/DMK-Invest-1-1536x1536.jpg 1536w, https:\/\/gazetaregionalna.com\/wp-content\/uploads\/2024\/04\/DMK-Invest-1-2048x2048.jpg 2048w, https:\/\/gazetaregionalna.com\/wp-content\/uploads\/2024\/04\/DMK-Invest-1-215x215.jpg 215w, https:\/\/gazetaregionalna.com\/wp-content\/uploads\/2024\/04\/DMK-Invest-1-scaled.jpg 1600w\" data-sizes=\"(max-width: 1024px) 100vw, 1024px\" src=\"data:image\/svg+xml;base64,PHN2ZyB3aWR0aD0iMSIgaGVpZ2h0PSIxIiB4bWxucz0iaHR0cDovL3d3dy53My5vcmcvMjAwMC9zdmciPjwvc3ZnPg==\" style=\"--smush-placeholder-width: 1024px; --smush-placeholder-aspect-ratio: 1024\/1024;\" \/><\/figure>\n\n\n\n<figure class=\"wp-block-image size-large\"><img decoding=\"async\" width=\"1024\" height=\"1024\" data-src=\"https:\/\/gazetaregionalna.com\/wp-content\/uploads\/2025\/05\/Rakow-Widzew-10-1024x1024.jpg\" alt=\"\" class=\"wp-image-137437 lazyload\" data-srcset=\"https:\/\/gazetaregionalna.com\/wp-content\/uploads\/2025\/05\/Rakow-Widzew-10-1024x1024.jpg 1024w, https:\/\/gazetaregionalna.com\/wp-content\/uploads\/2025\/05\/Rakow-Widzew-10-300x300.jpg 300w, https:\/\/gazetaregionalna.com\/wp-content\/uploads\/2025\/05\/Rakow-Widzew-10-150x150.jpg 150w, https:\/\/gazetaregionalna.com\/wp-content\/uploads\/2025\/05\/Rakow-Widzew-10-768x768.jpg 768w, https:\/\/gazetaregionalna.com\/wp-content\/uploads\/2025\/05\/Rakow-Widzew-10-215x215.jpg 215w, https:\/\/gazetaregionalna.com\/wp-content\/uploads\/2025\/05\/Rakow-Widzew-10.jpg 1200w\" data-sizes=\"(max-width: 1024px) 100vw, 1024px\" src=\"data:image\/svg+xml;base64,PHN2ZyB3aWR0aD0iMSIgaGVpZ2h0PSIxIiB4bWxucz0iaHR0cDovL3d3dy53My5vcmcvMjAwMC9zdmciPjwvc3ZnPg==\" style=\"--smush-placeholder-width: 1024px; --smush-placeholder-aspect-ratio: 1024\/1024;\" \/><\/figure>\n","protected":false},"excerpt":{"rendered":"<p>Przedstawiciele Rakowa Cz\u0119stochowa podpisali z miastem umow\u0119 na promocj\u0119 poprzez sport. W czasie wizyty poruszono tak\u017ce kwesti\u0119 obecnych perspektyw lokalizacji planowanego stadionu Rakowa na<\/p>\n","protected":false},"author":25,"featured_media":138788,"comment_status":"closed","ping_status":"open","sticky":false,"template":"","format":"standard","meta":{"_monsterinsights_skip_tracking":false,"_monsterinsights_sitenote_active":false,"_monsterinsights_sitenote_note":"","_monsterinsights_sitenote_category":0,"_uf_show_specific_survey":0,"_uf_disable_surveys":false,"footnotes":""},"categories":[94,6,5],"tags":[],"class_list":["post-138787","post","type-post","status-publish","format-standard","has-post-thumbnail","hentry","category-polecane","category-pilka-nozna","category-sport"],"_links":{"self":[{"href":"https:\/\/gazetaregionalna.com\/index.php?rest_route=\/wp\/v2\/posts\/138787","targetHints":{"allow":["GET"]}}],"collection":[{"href":"https:\/\/gazetaregionalna.com\/index.php?rest_route=\/wp\/v2\/posts"}],"about":[{"href":"https:\/\/gazetaregionalna.com\/index.php?rest_route=\/wp\/v2\/types\/post"}],"author":[{"embeddable":true,"href":"https:\/\/gazetaregionalna.com\/index.php?rest_route=\/wp\/v2\/users\/25"}],"replies":[{"embeddable":true,"href":"https:\/\/gazetaregionalna.com\/index.php?rest_route=%2Fwp%2Fv2%2Fcomments&post=138787"}],"version-history":[{"count":1,"href":"https:\/\/gazetaregionalna.com\/index.php?rest_route=\/wp\/v2\/posts\/138787\/revisions"}],"predecessor-version":[{"id":138789,"href":"https:\/\/gazetaregionalna.com\/index.php?rest_route=\/wp\/v2\/posts\/138787\/revisions\/138789"}],"wp:featuredmedia":[{"embeddable":true,"href":"https:\/\/gazetaregionalna.com\/index.php?rest_route=\/wp\/v2\/media\/138788"}],"wp:attachment":[{"href":"https:\/\/gazetaregionalna.com\/index.php?rest_route=%2Fwp%2Fv2%2Fmedia&parent=138787"}],"wp:term":[{"taxonomy":"category","embeddable":true,"href":"https:\/\/gazetaregionalna.com\/index.php?rest_route=%2Fwp%2Fv2%2Fcategories&post=138787"},{"taxonomy":"post_tag","embeddable":true,"href":"https:\/\/gazetaregionalna.com\/index.php?rest_route=%2Fwp%2Fv2%2Ftags&post=138787"}],"curies":[{"name":"wp","href":"https:\/\/api.w.org\/{rel}","templated":true}]}}