{"id":13875,"date":"2020-06-10T10:50:53","date_gmt":"2020-06-10T10:50:53","guid":{"rendered":"https:\/\/gazetaregionalna.com\/?p=13875"},"modified":"2020-06-10T10:50:55","modified_gmt":"2020-06-10T10:50:55","slug":"wezel-czestochowa","status":"publish","type":"post","link":"https:\/\/gazetaregionalna.com\/?p=13875","title":{"rendered":"Uwaga!!! W\u0119ze\u0142 Cz\u0119stochowa Blachownia w Wyrazowie otwarty!!!"},"content":{"rendered":"\n<p> Jak poinformowa\u0142a Generalna Dyrekcja Dr\u00f3g Krajowych i Autostrad, od dzisiaj 10 czerwca\u00a0kierowcy mog\u0105 korzysta\u0107 z w\u0119z\u0142a Cz\u0119stochowa Blachownia w ci\u0105gu\u00a0A1\u00a0na skrzy\u017cowaniu z\u00a0DK46. <\/p>\n\n\n\n<p>[post_gallery]<\/p>\n\n\n\n<p>(\u0179r\u00f3d\u0142o: Gmina Blachownia)<\/p>\n","protected":false},"excerpt":{"rendered":"<p>Jak poinformowa\u0142a Generalna Dyrekcja Dr\u00f3g Krajowych i Autostrad, od dzisiaj 10 czerwca\u00a0kierowcy mog\u0105 korzysta\u0107 z w\u0119z\u0142a Cz\u0119stochowa Blachownia w ci\u0105gu\u00a0A1\u00a0na skrzy\u017cowaniu z\u00a0DK46. [post_gallery] (\u0179r\u00f3d\u0142o:<\/p>\n","protected":false},"author":12,"featured_media":13879,"comment_status":"open","ping_status":"open","sticky":false,"template":"","format":"standard","meta":{"_monsterinsights_skip_tracking":false,"_monsterinsights_sitenote_active":false,"_monsterinsights_sitenote_note":"","_monsterinsights_sitenote_category":0,"_uf_show_specific_survey":0,"_uf_disable_surveys":false,"footnotes":""},"categories":[20,3,18,94,4,13],"tags":[],"class_list":["post-13875","post","type-post","status-publish","format-standard","has-post-thumbnail","hentry","category-budownictwo","category-czestochowa-informacje","category-motoryzacja","category-polecane","category-region","category-wydarzenia"],"_links":{"self":[{"href":"https:\/\/gazetaregionalna.com\/index.php?rest_route=\/wp\/v2\/posts\/13875","targetHints":{"allow":["GET"]}}],"collection":[{"href":"https:\/\/gazetaregionalna.com\/index.php?rest_route=\/wp\/v2\/posts"}],"about":[{"href":"https:\/\/gazetaregionalna.com\/index.php?rest_route=\/wp\/v2\/types\/post"}],"author":[{"embeddable":true,"href":"https:\/\/gazetaregionalna.com\/index.php?rest_route=\/wp\/v2\/users\/12"}],"replies":[{"embeddable":true,"href":"https:\/\/gazetaregionalna.com\/index.php?rest_route=%2Fwp%2Fv2%2Fcomments&post=13875"}],"version-history":[{"count":1,"href":"https:\/\/gazetaregionalna.com\/index.php?rest_route=\/wp\/v2\/posts\/13875\/revisions"}],"predecessor-version":[{"id":13884,"href":"https:\/\/gazetaregionalna.com\/index.php?rest_route=\/wp\/v2\/posts\/13875\/revisions\/13884"}],"wp:featuredmedia":[{"embeddable":true,"href":"https:\/\/gazetaregionalna.com\/index.php?rest_route=\/wp\/v2\/media\/13879"}],"wp:attachment":[{"href":"https:\/\/gazetaregionalna.com\/index.php?rest_route=%2Fwp%2Fv2%2Fmedia&parent=13875"}],"wp:term":[{"taxonomy":"category","embeddable":true,"href":"https:\/\/gazetaregionalna.com\/index.php?rest_route=%2Fwp%2Fv2%2Fcategories&post=13875"},{"taxonomy":"post_tag","embeddable":true,"href":"https:\/\/gazetaregionalna.com\/index.php?rest_route=%2Fwp%2Fv2%2Ftags&post=13875"}],"curies":[{"name":"wp","href":"https:\/\/api.w.org\/{rel}","templated":true}]}}