{"id":138673,"date":"2025-06-24T14:22:34","date_gmt":"2025-06-24T14:22:34","guid":{"rendered":"https:\/\/gazetaregionalna.com\/?p=138673"},"modified":"2025-06-24T14:22:35","modified_gmt":"2025-06-24T14:22:35","slug":"sedzia-marcin-dobrzanski-z-czestochowy-sedziowal-mecze-pucharu-swiata-w-siatkowce-plazowej","status":"publish","type":"post","link":"https:\/\/gazetaregionalna.com\/?p=138673","title":{"rendered":"S\u0119dzia Marcin Dobrza\u0144ski z Cz\u0119stochowy s\u0119dziowa\u0142 mecze Pucharu \u015awiata w siatk\u00f3wce pla\u017cowej!"},"content":{"rendered":"\n<p>W Krakowie przy Galerii Krakowskiej odby\u0142 si\u0119 turniej Pucharu \u015awiata w siatk\u00f3wce pla\u017cowej. Nominacj\u0119 do s\u0119dziowania rywalizacji kobiet otrzyma\u0142 s\u0119dzia Marcin Dobrza\u0144ski z Cz\u0119stochowy.<\/p>\n\n\n\n<p>S\u0119dzia Marcin Dobrza\u0144ski jest arbitrem od 23 lat. W hali ma uprawnienia do s\u0119dziowania mecz\u00f3w w najwy\u017cszej lidze kobiet czyli w Tauron Lidze. Podobnie jest w rozgrywkach og\u00f3lnopolskich siatk\u00f3wki pla\u017cowej. Cz\u0119stochowianin kilkakrotnie by\u0142 nominowany do s\u0119dziowania turniej\u00f3w fina\u0142owych mistrzostw Polski oraz do mecz\u00f3w decyduj\u0105cych o medalach\u2026<\/p>\n\n\n\n<p>Dotychczas s\u0119dzia Dobrza\u0144ski by\u0142 wyznaczany na mecze mi\u0119dzynarodowe jako s\u0119dzia liniowy czy sekretarz. W czerwcu 2025 roku otrzyma\u0142 nominacje do prowadzenia Pucharu \u015awiata Volleyball World Beach Pro Tour Futures w Krakowie jako S1 i S2.<\/p>\n\n\n\n<p>Co warte podkre\u015blenia i wida\u0107 na zdj\u0119ciach, s\u0119dzia Dobrza\u0144ski mia\u0142 gwizdek na smyczy z napisem \u201eCz\u0119stochowa\u201d czym promowa\u0142 \u201eswoje\u201d miasto. W chwilach wolnych chodzi\u0142 r\u00f3wnie\u017c w koszulce z nazw\u0105 \u201eCz\u0119stochowa\u201d. <\/p>\n\n\n\n<p>A tak po turnieju w swoich mediach spo\u0142eczno\u015bciowych napisa\u0142 s\u0119dzia Dobrza\u0144ski. \u201eTaki ja, niespe\u0142na 44 lata i si\u0119 uda\u0142o, ch\u0142opak z Cz\u0119stochowy jako arbiter Pucharu \u015awiata Beach Pro Tour Futures Krak\u00f3w 2025. Dzi\u0119kuj\u0119 za zaufanie, dzi\u0119kuj\u0119 za wsp\u00f3\u0142prac\u0119, super wydarzenie, super do\u015bwiadczenie, super ekipa, Dobry Team\u201d.<\/p>\n\n\n\n<p>AK, fot: Kamil Pastusiak\/kampas-sport.eu<\/p>\n\n\n\n<p>Wi\u0119cej zdj\u0119\u0107 Marcina Dobrza\u0144skiego autorstwa Kamila Pastusiaka (kampas-sport.eu) znajdziecie na fb Gazety Regionalnej. <\/p>\n\n\n\n<p>Partnerami relacji sportowych s\u0105:<\/p>\n\n\n\n<p>DMK Invest materia\u0142y budowlane Konopiska (<a href=\"http:\/\/www.dmkinvest.pl\/\" target=\"_blank\" rel=\"noreferrer noopener\">www.dmkinvest.pl<\/a>)<\/p>\n\n\n\n<p>Centrum Nieruchomo\u015bci i Finans\u00f3w (<a href=\"http:\/\/www.cnif.pl\" target=\"_blank\" rel=\"noreferrer noopener\">www.cnif.pl<\/a>)<\/p>\n\n\n\n<figure class=\"wp-block-image size-large\"><img decoding=\"async\" width=\"1024\" height=\"664\" data-src=\"https:\/\/gazetaregionalna.com\/wp-content\/uploads\/2025\/06\/Dobry-2-1024x664.jpg\" alt=\"\" class=\"wp-image-138675 lazyload\" data-srcset=\"https:\/\/gazetaregionalna.com\/wp-content\/uploads\/2025\/06\/Dobry-2-1024x664.jpg 1024w, https:\/\/gazetaregionalna.com\/wp-content\/uploads\/2025\/06\/Dobry-2-300x195.jpg 300w, https:\/\/gazetaregionalna.com\/wp-content\/uploads\/2025\/06\/Dobry-2-768x498.jpg 768w, https:\/\/gazetaregionalna.com\/wp-content\/uploads\/2025\/06\/Dobry-2.jpg 1200w\" data-sizes=\"(max-width: 1024px) 100vw, 1024px\" src=\"data:image\/svg+xml;base64,PHN2ZyB3aWR0aD0iMSIgaGVpZ2h0PSIxIiB4bWxucz0iaHR0cDovL3d3dy53My5vcmcvMjAwMC9zdmciPjwvc3ZnPg==\" style=\"--smush-placeholder-width: 1024px; --smush-placeholder-aspect-ratio: 1024\/664;\" \/><\/figure>\n\n\n\n<figure class=\"wp-block-image size-large\"><img decoding=\"async\" width=\"1024\" height=\"650\" data-src=\"https:\/\/gazetaregionalna.com\/wp-content\/uploads\/2025\/06\/Dobry-1-1024x650.jpg\" alt=\"\" class=\"wp-image-138674 lazyload\" data-srcset=\"https:\/\/gazetaregionalna.com\/wp-content\/uploads\/2025\/06\/Dobry-1-1024x650.jpg 1024w, https:\/\/gazetaregionalna.com\/wp-content\/uploads\/2025\/06\/Dobry-1-300x191.jpg 300w, https:\/\/gazetaregionalna.com\/wp-content\/uploads\/2025\/06\/Dobry-1-768x488.jpg 768w, https:\/\/gazetaregionalna.com\/wp-content\/uploads\/2025\/06\/Dobry-1-115x73.jpg 115w, https:\/\/gazetaregionalna.com\/wp-content\/uploads\/2025\/06\/Dobry-1.jpg 1200w\" data-sizes=\"(max-width: 1024px) 100vw, 1024px\" src=\"data:image\/svg+xml;base64,PHN2ZyB3aWR0aD0iMSIgaGVpZ2h0PSIxIiB4bWxucz0iaHR0cDovL3d3dy53My5vcmcvMjAwMC9zdmciPjwvc3ZnPg==\" style=\"--smush-placeholder-width: 1024px; --smush-placeholder-aspect-ratio: 1024\/650;\" \/><\/figure>\n\n\n\n<figure class=\"wp-block-image size-large\"><img decoding=\"async\" width=\"1024\" height=\"662\" data-src=\"https:\/\/gazetaregionalna.com\/wp-content\/uploads\/2025\/06\/Dobry-12-1024x662.jpg\" alt=\"\" class=\"wp-image-138685 lazyload\" data-srcset=\"https:\/\/gazetaregionalna.com\/wp-content\/uploads\/2025\/06\/Dobry-12-1024x662.jpg 1024w, https:\/\/gazetaregionalna.com\/wp-content\/uploads\/2025\/06\/Dobry-12-300x194.jpg 300w, https:\/\/gazetaregionalna.com\/wp-content\/uploads\/2025\/06\/Dobry-12-768x497.jpg 768w, https:\/\/gazetaregionalna.com\/wp-content\/uploads\/2025\/06\/Dobry-12-115x73.jpg 115w, https:\/\/gazetaregionalna.com\/wp-content\/uploads\/2025\/06\/Dobry-12.jpg 1200w\" data-sizes=\"(max-width: 1024px) 100vw, 1024px\" src=\"data:image\/svg+xml;base64,PHN2ZyB3aWR0aD0iMSIgaGVpZ2h0PSIxIiB4bWxucz0iaHR0cDovL3d3dy53My5vcmcvMjAwMC9zdmciPjwvc3ZnPg==\" style=\"--smush-placeholder-width: 1024px; --smush-placeholder-aspect-ratio: 1024\/662;\" \/><\/figure>\n\n\n\n<figure class=\"wp-block-image size-large\"><img decoding=\"async\" width=\"1024\" height=\"668\" data-src=\"https:\/\/gazetaregionalna.com\/wp-content\/uploads\/2025\/06\/Dobry-9-1024x668.jpg\" alt=\"\" class=\"wp-image-138682 lazyload\" data-srcset=\"https:\/\/gazetaregionalna.com\/wp-content\/uploads\/2025\/06\/Dobry-9-1024x668.jpg 1024w, https:\/\/gazetaregionalna.com\/wp-content\/uploads\/2025\/06\/Dobry-9-300x196.jpg 300w, https:\/\/gazetaregionalna.com\/wp-content\/uploads\/2025\/06\/Dobry-9-768x501.jpg 768w, https:\/\/gazetaregionalna.com\/wp-content\/uploads\/2025\/06\/Dobry-9.jpg 1200w\" data-sizes=\"(max-width: 1024px) 100vw, 1024px\" src=\"data:image\/svg+xml;base64,PHN2ZyB3aWR0aD0iMSIgaGVpZ2h0PSIxIiB4bWxucz0iaHR0cDovL3d3dy53My5vcmcvMjAwMC9zdmciPjwvc3ZnPg==\" style=\"--smush-placeholder-width: 1024px; --smush-placeholder-aspect-ratio: 1024\/668;\" \/><\/figure>\n\n\n\n<figure class=\"wp-block-image size-large\"><img decoding=\"async\" width=\"1024\" height=\"1024\" data-src=\"https:\/\/gazetaregionalna.com\/wp-content\/uploads\/2024\/04\/DMK-Invest-3-1024x1024.jpg\" alt=\"\" class=\"wp-image-123884 lazyload\" data-srcset=\"https:\/\/gazetaregionalna.com\/wp-content\/uploads\/2024\/04\/DMK-Invest-3-1024x1024.jpg 1024w, https:\/\/gazetaregionalna.com\/wp-content\/uploads\/2024\/04\/DMK-Invest-3-300x300.jpg 300w, https:\/\/gazetaregionalna.com\/wp-content\/uploads\/2024\/04\/DMK-Invest-3-150x150.jpg 150w, https:\/\/gazetaregionalna.com\/wp-content\/uploads\/2024\/04\/DMK-Invest-3-768x768.jpg 768w, https:\/\/gazetaregionalna.com\/wp-content\/uploads\/2024\/04\/DMK-Invest-3-1536x1536.jpg 1536w, https:\/\/gazetaregionalna.com\/wp-content\/uploads\/2024\/04\/DMK-Invest-3-2048x2048.jpg 2048w, https:\/\/gazetaregionalna.com\/wp-content\/uploads\/2024\/04\/DMK-Invest-3-215x215.jpg 215w, https:\/\/gazetaregionalna.com\/wp-content\/uploads\/2024\/04\/DMK-Invest-3-scaled.jpg 1600w\" data-sizes=\"(max-width: 1024px) 100vw, 1024px\" src=\"data:image\/svg+xml;base64,PHN2ZyB3aWR0aD0iMSIgaGVpZ2h0PSIxIiB4bWxucz0iaHR0cDovL3d3dy53My5vcmcvMjAwMC9zdmciPjwvc3ZnPg==\" style=\"--smush-placeholder-width: 1024px; --smush-placeholder-aspect-ratio: 1024\/1024;\" \/><\/figure>\n\n\n\n<figure class=\"wp-block-image size-large\"><img decoding=\"async\" width=\"1024\" height=\"1024\" data-src=\"https:\/\/gazetaregionalna.com\/wp-content\/uploads\/2025\/05\/Rakow-Widzew-10-1024x1024.jpg\" alt=\"\" class=\"wp-image-137437 lazyload\" data-srcset=\"https:\/\/gazetaregionalna.com\/wp-content\/uploads\/2025\/05\/Rakow-Widzew-10-1024x1024.jpg 1024w, https:\/\/gazetaregionalna.com\/wp-content\/uploads\/2025\/05\/Rakow-Widzew-10-300x300.jpg 300w, https:\/\/gazetaregionalna.com\/wp-content\/uploads\/2025\/05\/Rakow-Widzew-10-150x150.jpg 150w, https:\/\/gazetaregionalna.com\/wp-content\/uploads\/2025\/05\/Rakow-Widzew-10-768x768.jpg 768w, https:\/\/gazetaregionalna.com\/wp-content\/uploads\/2025\/05\/Rakow-Widzew-10-215x215.jpg 215w, https:\/\/gazetaregionalna.com\/wp-content\/uploads\/2025\/05\/Rakow-Widzew-10.jpg 1200w\" data-sizes=\"(max-width: 1024px) 100vw, 1024px\" src=\"data:image\/svg+xml;base64,PHN2ZyB3aWR0aD0iMSIgaGVpZ2h0PSIxIiB4bWxucz0iaHR0cDovL3d3dy53My5vcmcvMjAwMC9zdmciPjwvc3ZnPg==\" style=\"--smush-placeholder-width: 1024px; --smush-placeholder-aspect-ratio: 1024\/1024;\" \/><\/figure>\n","protected":false},"excerpt":{"rendered":"<p>W Krakowie przy Galerii Krakowskiej odby\u0142 si\u0119 turniej Pucharu \u015awiata w siatk\u00f3wce pla\u017cowej. Nominacj\u0119 do s\u0119dziowania rywalizacji kobiet otrzyma\u0142 s\u0119dzia Marcin Dobrza\u0144ski z Cz\u0119stochowy.<\/p>\n","protected":false},"author":15,"featured_media":138675,"comment_status":"closed","ping_status":"open","sticky":false,"template":"","format":"standard","meta":{"_monsterinsights_skip_tracking":false,"_monsterinsights_sitenote_active":false,"_monsterinsights_sitenote_note":"","_monsterinsights_sitenote_category":0,"_uf_show_specific_survey":0,"_uf_disable_surveys":false,"footnotes":""},"categories":[94,8,5],"tags":[],"class_list":["post-138673","post","type-post","status-publish","format-standard","has-post-thumbnail","hentry","category-polecane","category-siatkowka","category-sport"],"_links":{"self":[{"href":"https:\/\/gazetaregionalna.com\/index.php?rest_route=\/wp\/v2\/posts\/138673","targetHints":{"allow":["GET"]}}],"collection":[{"href":"https:\/\/gazetaregionalna.com\/index.php?rest_route=\/wp\/v2\/posts"}],"about":[{"href":"https:\/\/gazetaregionalna.com\/index.php?rest_route=\/wp\/v2\/types\/post"}],"author":[{"embeddable":true,"href":"https:\/\/gazetaregionalna.com\/index.php?rest_route=\/wp\/v2\/users\/15"}],"replies":[{"embeddable":true,"href":"https:\/\/gazetaregionalna.com\/index.php?rest_route=%2Fwp%2Fv2%2Fcomments&post=138673"}],"version-history":[{"count":1,"href":"https:\/\/gazetaregionalna.com\/index.php?rest_route=\/wp\/v2\/posts\/138673\/revisions"}],"predecessor-version":[{"id":138686,"href":"https:\/\/gazetaregionalna.com\/index.php?rest_route=\/wp\/v2\/posts\/138673\/revisions\/138686"}],"wp:featuredmedia":[{"embeddable":true,"href":"https:\/\/gazetaregionalna.com\/index.php?rest_route=\/wp\/v2\/media\/138675"}],"wp:attachment":[{"href":"https:\/\/gazetaregionalna.com\/index.php?rest_route=%2Fwp%2Fv2%2Fmedia&parent=138673"}],"wp:term":[{"taxonomy":"category","embeddable":true,"href":"https:\/\/gazetaregionalna.com\/index.php?rest_route=%2Fwp%2Fv2%2Fcategories&post=138673"},{"taxonomy":"post_tag","embeddable":true,"href":"https:\/\/gazetaregionalna.com\/index.php?rest_route=%2Fwp%2Fv2%2Ftags&post=138673"}],"curies":[{"name":"wp","href":"https:\/\/api.w.org\/{rel}","templated":true}]}}