{"id":138482,"date":"2025-06-19T11:09:10","date_gmt":"2025-06-19T11:09:10","guid":{"rendered":"https:\/\/gazetaregionalna.com\/?p=138482"},"modified":"2025-06-19T11:09:26","modified_gmt":"2025-06-19T11:09:26","slug":"trener-marek-papszun-ma-nowego-wspolpracownika","status":"publish","type":"post","link":"https:\/\/gazetaregionalna.com\/?p=138482","title":{"rendered":"Trener Marek Papszun ma nowego wsp\u00f3\u0142pracownika w sztabie szkoleniowym"},"content":{"rendered":"\n<p>Dawid Kroczek zosta\u0142 pierwszym asystentem trenera Marka Papszuna przeszed\u0142 z Cracovii Krak\u00f3w.<\/p>\n\n\n\n<p>Dawid Kroczek ma 36 lat. W poprzednim sezonie by\u0142 pierwszym szkoleniowcem Cracovii Krak\u00f3w. Z Cracovi\u0105 wywalczy\u0142 6. miejsce w PKO BP Ekstraklasie. Co ciekawe, Rak\u00f3w w poprzednim sezonie zdoby\u0142 z Cracovi\u0105 tylko 1 punkt remisuj\u0105c w Krakowie 0:0. Przy Limanowskiego Rak\u00f3w przegra\u0142 0:1.<\/p>\n\n\n\n<p>Kroczek posiada licencje UEFA A.<\/p>\n\n\n\n<p>&#8211; Do\u0142\u0105czam do klubu, kt\u00f3ry w ostatnich latach poczyni\u0142 bardzo du\u017cy post\u0119p i wraz z kolejnym sezonem te cele nie malej\u0105. G\u0142\u00f3wnym czynnikiem tej decyzji jest osoba trenera Marka Papszuna oraz jasno sprecyzowane oczekiwania i cele klubu. Wierz\u0119, \u017ce wszyscy wsp\u00f3lnie osi\u0105gniemy to, co zak\u0142adamy &#8211; powiedzia\u0142 dla klubowej strony rakow.com trener Dawid Kroczek.<\/p>\n\n\n\n<p>AK, fot: Jakub Ziemianin (Rak\u00f3w Cz\u0119stochowa)<\/p>\n\n\n\n<p>Partnerami relacji sportowych s\u0105:<\/p>\n\n\n\n<p>DMK Invest materia\u0142y budowlane Konopiska (<a href=\"http:\/\/www.dmkinvest.pl\/\" target=\"_blank\" rel=\"noopener\">www.dmkinvest.pl<\/a>)<\/p>\n\n\n\n<p>CNiF (www.cnif.pl)<\/p>\n\n\n\n<figure class=\"wp-block-image size-large\"><img decoding=\"async\" width=\"1024\" height=\"663\" data-src=\"https:\/\/gazetaregionalna.com\/wp-content\/uploads\/2025\/06\/Dawid-Kroczek-1-1-1024x663.jpg\" alt=\"\" class=\"wp-image-138485 lazyload\" data-srcset=\"https:\/\/gazetaregionalna.com\/wp-content\/uploads\/2025\/06\/Dawid-Kroczek-1-1-1024x663.jpg 1024w, https:\/\/gazetaregionalna.com\/wp-content\/uploads\/2025\/06\/Dawid-Kroczek-1-1-300x194.jpg 300w, https:\/\/gazetaregionalna.com\/wp-content\/uploads\/2025\/06\/Dawid-Kroczek-1-1-768x497.jpg 768w, https:\/\/gazetaregionalna.com\/wp-content\/uploads\/2025\/06\/Dawid-Kroczek-1-1-115x73.jpg 115w, https:\/\/gazetaregionalna.com\/wp-content\/uploads\/2025\/06\/Dawid-Kroczek-1-1.jpg 1200w\" data-sizes=\"(max-width: 1024px) 100vw, 1024px\" src=\"data:image\/svg+xml;base64,PHN2ZyB3aWR0aD0iMSIgaGVpZ2h0PSIxIiB4bWxucz0iaHR0cDovL3d3dy53My5vcmcvMjAwMC9zdmciPjwvc3ZnPg==\" style=\"--smush-placeholder-width: 1024px; --smush-placeholder-aspect-ratio: 1024\/663;\" \/><\/figure>\n\n\n\n<figure class=\"wp-block-image size-large\"><img decoding=\"async\" width=\"1024\" height=\"637\" data-src=\"https:\/\/gazetaregionalna.com\/wp-content\/uploads\/2025\/06\/Dawid-Kroczek-2-1024x637.jpg\" alt=\"\" class=\"wp-image-138484 lazyload\" data-srcset=\"https:\/\/gazetaregionalna.com\/wp-content\/uploads\/2025\/06\/Dawid-Kroczek-2-1024x637.jpg 1024w, https:\/\/gazetaregionalna.com\/wp-content\/uploads\/2025\/06\/Dawid-Kroczek-2-300x187.jpg 300w, https:\/\/gazetaregionalna.com\/wp-content\/uploads\/2025\/06\/Dawid-Kroczek-2-768x478.jpg 768w, https:\/\/gazetaregionalna.com\/wp-content\/uploads\/2025\/06\/Dawid-Kroczek-2-115x73.jpg 115w, https:\/\/gazetaregionalna.com\/wp-content\/uploads\/2025\/06\/Dawid-Kroczek-2.jpg 1200w\" data-sizes=\"(max-width: 1024px) 100vw, 1024px\" src=\"data:image\/svg+xml;base64,PHN2ZyB3aWR0aD0iMSIgaGVpZ2h0PSIxIiB4bWxucz0iaHR0cDovL3d3dy53My5vcmcvMjAwMC9zdmciPjwvc3ZnPg==\" style=\"--smush-placeholder-width: 1024px; --smush-placeholder-aspect-ratio: 1024\/637;\" \/><\/figure>\n\n\n\n<figure class=\"wp-block-image size-large\"><img decoding=\"async\" width=\"1024\" height=\"1024\" data-src=\"https:\/\/gazetaregionalna.com\/wp-content\/uploads\/2024\/04\/DMK-Invest-2-1024x1024.jpg\" alt=\"\" class=\"wp-image-123883 lazyload\" data-srcset=\"https:\/\/gazetaregionalna.com\/wp-content\/uploads\/2024\/04\/DMK-Invest-2-1024x1024.jpg 1024w, https:\/\/gazetaregionalna.com\/wp-content\/uploads\/2024\/04\/DMK-Invest-2-300x300.jpg 300w, https:\/\/gazetaregionalna.com\/wp-content\/uploads\/2024\/04\/DMK-Invest-2-150x150.jpg 150w, https:\/\/gazetaregionalna.com\/wp-content\/uploads\/2024\/04\/DMK-Invest-2-768x768.jpg 768w, https:\/\/gazetaregionalna.com\/wp-content\/uploads\/2024\/04\/DMK-Invest-2-1536x1536.jpg 1536w, https:\/\/gazetaregionalna.com\/wp-content\/uploads\/2024\/04\/DMK-Invest-2-2048x2048.jpg 2048w, https:\/\/gazetaregionalna.com\/wp-content\/uploads\/2024\/04\/DMK-Invest-2-215x215.jpg 215w, https:\/\/gazetaregionalna.com\/wp-content\/uploads\/2024\/04\/DMK-Invest-2-scaled.jpg 1600w\" data-sizes=\"(max-width: 1024px) 100vw, 1024px\" src=\"data:image\/svg+xml;base64,PHN2ZyB3aWR0aD0iMSIgaGVpZ2h0PSIxIiB4bWxucz0iaHR0cDovL3d3dy53My5vcmcvMjAwMC9zdmciPjwvc3ZnPg==\" style=\"--smush-placeholder-width: 1024px; --smush-placeholder-aspect-ratio: 1024\/1024;\" \/><\/figure>\n\n\n\n<figure class=\"wp-block-image size-large\"><img decoding=\"async\" width=\"1024\" height=\"1024\" data-src=\"https:\/\/gazetaregionalna.com\/wp-content\/uploads\/2025\/05\/Rakow-Widzew-10-1024x1024.jpg\" alt=\"\" class=\"wp-image-137437 lazyload\" data-srcset=\"https:\/\/gazetaregionalna.com\/wp-content\/uploads\/2025\/05\/Rakow-Widzew-10-1024x1024.jpg 1024w, https:\/\/gazetaregionalna.com\/wp-content\/uploads\/2025\/05\/Rakow-Widzew-10-300x300.jpg 300w, https:\/\/gazetaregionalna.com\/wp-content\/uploads\/2025\/05\/Rakow-Widzew-10-150x150.jpg 150w, https:\/\/gazetaregionalna.com\/wp-content\/uploads\/2025\/05\/Rakow-Widzew-10-768x768.jpg 768w, https:\/\/gazetaregionalna.com\/wp-content\/uploads\/2025\/05\/Rakow-Widzew-10-215x215.jpg 215w, https:\/\/gazetaregionalna.com\/wp-content\/uploads\/2025\/05\/Rakow-Widzew-10.jpg 1200w\" data-sizes=\"(max-width: 1024px) 100vw, 1024px\" src=\"data:image\/svg+xml;base64,PHN2ZyB3aWR0aD0iMSIgaGVpZ2h0PSIxIiB4bWxucz0iaHR0cDovL3d3dy53My5vcmcvMjAwMC9zdmciPjwvc3ZnPg==\" style=\"--smush-placeholder-width: 1024px; --smush-placeholder-aspect-ratio: 1024\/1024;\" \/><\/figure>\n","protected":false},"excerpt":{"rendered":"<p>Dawid Kroczek zosta\u0142 pierwszym asystentem trenera Marka Papszuna przeszed\u0142 z Cracovii Krak\u00f3w. Dawid Kroczek ma 36 lat. W poprzednim sezonie by\u0142 pierwszym szkoleniowcem Cracovii<\/p>\n","protected":false},"author":15,"featured_media":138485,"comment_status":"closed","ping_status":"open","sticky":false,"template":"","format":"standard","meta":{"_monsterinsights_skip_tracking":false,"_monsterinsights_sitenote_active":false,"_monsterinsights_sitenote_note":"","_monsterinsights_sitenote_category":0,"_uf_show_specific_survey":0,"_uf_disable_surveys":false,"footnotes":""},"categories":[5,6,94],"tags":[],"class_list":["post-138482","post","type-post","status-publish","format-standard","has-post-thumbnail","hentry","category-sport","category-pilka-nozna","category-polecane"],"_links":{"self":[{"href":"https:\/\/gazetaregionalna.com\/index.php?rest_route=\/wp\/v2\/posts\/138482","targetHints":{"allow":["GET"]}}],"collection":[{"href":"https:\/\/gazetaregionalna.com\/index.php?rest_route=\/wp\/v2\/posts"}],"about":[{"href":"https:\/\/gazetaregionalna.com\/index.php?rest_route=\/wp\/v2\/types\/post"}],"author":[{"embeddable":true,"href":"https:\/\/gazetaregionalna.com\/index.php?rest_route=\/wp\/v2\/users\/15"}],"replies":[{"embeddable":true,"href":"https:\/\/gazetaregionalna.com\/index.php?rest_route=%2Fwp%2Fv2%2Fcomments&post=138482"}],"version-history":[{"count":2,"href":"https:\/\/gazetaregionalna.com\/index.php?rest_route=\/wp\/v2\/posts\/138482\/revisions"}],"predecessor-version":[{"id":138487,"href":"https:\/\/gazetaregionalna.com\/index.php?rest_route=\/wp\/v2\/posts\/138482\/revisions\/138487"}],"wp:featuredmedia":[{"embeddable":true,"href":"https:\/\/gazetaregionalna.com\/index.php?rest_route=\/wp\/v2\/media\/138485"}],"wp:attachment":[{"href":"https:\/\/gazetaregionalna.com\/index.php?rest_route=%2Fwp%2Fv2%2Fmedia&parent=138482"}],"wp:term":[{"taxonomy":"category","embeddable":true,"href":"https:\/\/gazetaregionalna.com\/index.php?rest_route=%2Fwp%2Fv2%2Fcategories&post=138482"},{"taxonomy":"post_tag","embeddable":true,"href":"https:\/\/gazetaregionalna.com\/index.php?rest_route=%2Fwp%2Fv2%2Ftags&post=138482"}],"curies":[{"name":"wp","href":"https:\/\/api.w.org\/{rel}","templated":true}]}}