{"id":13829,"date":"2020-06-09T14:14:05","date_gmt":"2020-06-09T14:14:05","guid":{"rendered":"https:\/\/gazetaregionalna.com\/?p=13829"},"modified":"2020-06-09T15:14:41","modified_gmt":"2020-06-09T15:14:41","slug":"55-lat","status":"publish","type":"post","link":"https:\/\/gazetaregionalna.com\/?p=13829","title":{"rendered":"R\u00f3wno 55 lat temu otwarto Rezerwat Archeologiczny w Cz\u0119stochowie-Rakowie 1965-2020."},"content":{"rendered":"\n<p>Dzi\u015b mija 55 rocznica otwarcia Rezerwatu Archeologicznego w Cz\u0119stochowie-Rakowie. Pierwsze fragmenty ko\u015bci i ozd\u00f3b znajdowano w tym miejscu jeszcze przed&nbsp;I Wojn\u0105 \u015awiatow\u0105, trafia\u0142y one w\u00f3wczas na posterunek policji. Samo cmentarzysko odkryto w styczniu 1955 roku w zwi\u0105zku z pracami budowlano-ziemnymi, prowadzonymi przy budowie trasy tramwajowej i wiaduktu przy&nbsp;Aleji Pokoju&nbsp;w dzielnicy&nbsp;Rak\u00f3w.<\/p>\n\n\n\n<p>Po wielu latach bada\u0144 archeologicznych w 1960 roku powsta\u0142a decyzja o budowie rezerwatu o powierzchni 100 m\u00b2. <\/p>\n\n\n\n<p>9 czerwca 1965 roku odby\u0142o si\u0119 uroczyste otwarcie unikatowego obiektu \u2013 Rezerwatu Archeologicznego, ch\u0119tnie odwiedzanego przez cz\u0119stochowian, ale te\u017c przez pasjonat\u00f3w archeologii i mi\u0142o\u015bnik\u00f3w historii, znajduj\u0105cego si\u0119 przy ul. \u0141ukasi\u0144skiego 20.<\/p>\n\n\n\n<p>Z powodu panuj\u0105cej pandemii koronawirusa Muzeum Cz\u0119stochowskie zaprasza na \u015bwi\u0119towanie wirtualne. Mo\u017cna w nim wzi\u0105\u0107 udzia\u0142 we wtorek 9 czerwca od godz.18:00 na profilu <strong>55 lat Rezerwatu Archeologicznego w Cz\u0119stochowie <\/strong>na Facebooku. <\/p>\n\n\n\n<p>Oprowadzanie kuratorskie po wystawie odbywa si\u0119 pod nazw\u0105 \u201eZ mroku dziej\u00f3w\u201d. W czasie transmisji odb\u0119dzie si\u0119 spotkanie z Magdalen\u0105 Wieczorek-Szmal. <\/p>\n\n\n\n<p>Cz\u0119stochowskie Muzeum zaprasza!<\/p>\n\n\n\n<figure class=\"wp-block-image size-large\"><img decoding=\"async\" width=\"1000\" height=\"750\" data-src=\"https:\/\/gazetaregionalna.com\/wp-content\/uploads\/2020\/06\/rezerwat-archeologiczny-w-czestochowie-211351.jpg\" alt=\"\" class=\"wp-image-13839 lazyload\" data-srcset=\"https:\/\/gazetaregionalna.com\/wp-content\/uploads\/2020\/06\/rezerwat-archeologiczny-w-czestochowie-211351.jpg 1000w, https:\/\/gazetaregionalna.com\/wp-content\/uploads\/2020\/06\/rezerwat-archeologiczny-w-czestochowie-211351-300x225.jpg 300w, https:\/\/gazetaregionalna.com\/wp-content\/uploads\/2020\/06\/rezerwat-archeologiczny-w-czestochowie-211351-768x576.jpg 768w, https:\/\/gazetaregionalna.com\/wp-content\/uploads\/2020\/06\/rezerwat-archeologiczny-w-czestochowie-211351-80x60.jpg 80w, https:\/\/gazetaregionalna.com\/wp-content\/uploads\/2020\/06\/rezerwat-archeologiczny-w-czestochowie-211351-265x198.jpg 265w, https:\/\/gazetaregionalna.com\/wp-content\/uploads\/2020\/06\/rezerwat-archeologiczny-w-czestochowie-211351-696x522.jpg 696w, https:\/\/gazetaregionalna.com\/wp-content\/uploads\/2020\/06\/rezerwat-archeologiczny-w-czestochowie-211351-560x420.jpg 560w\" data-sizes=\"(max-width: 1000px) 100vw, 1000px\" src=\"data:image\/svg+xml;base64,PHN2ZyB3aWR0aD0iMSIgaGVpZ2h0PSIxIiB4bWxucz0iaHR0cDovL3d3dy53My5vcmcvMjAwMC9zdmciPjwvc3ZnPg==\" style=\"--smush-placeholder-width: 1000px; --smush-placeholder-aspect-ratio: 1000\/750;\" \/><figcaption>(Fot. PolskieSzlaki.pl)<\/figcaption><\/figure>\n\n\n\n<p>(\u0179r\u00f3d\u0142o: Muzeum Cz\u0119stochowa)<\/p>\n","protected":false},"excerpt":{"rendered":"<p>Dzi\u015b mija 55 rocznica otwarcia Rezerwatu Archeologicznego w Cz\u0119stochowie-Rakowie. Pierwsze fragmenty ko\u015bci i ozd\u00f3b znajdowano w tym miejscu jeszcze przed&nbsp;I Wojn\u0105 \u015awiatow\u0105, trafia\u0142y one<\/p>\n","protected":false},"author":12,"featured_media":13840,"comment_status":"open","ping_status":"open","sticky":false,"template":"","format":"standard","meta":{"_monsterinsights_skip_tracking":false,"_monsterinsights_sitenote_active":false,"_monsterinsights_sitenote_note":"","_monsterinsights_sitenote_category":0,"_uf_show_specific_survey":0,"_uf_disable_surveys":false,"footnotes":""},"categories":[41,3,94,4,13],"tags":[],"class_list":["post-13829","post","type-post","status-publish","format-standard","has-post-thumbnail","hentry","category-edukacja","category-czestochowa-informacje","category-polecane","category-region","category-wydarzenia"],"_links":{"self":[{"href":"https:\/\/gazetaregionalna.com\/index.php?rest_route=\/wp\/v2\/posts\/13829","targetHints":{"allow":["GET"]}}],"collection":[{"href":"https:\/\/gazetaregionalna.com\/index.php?rest_route=\/wp\/v2\/posts"}],"about":[{"href":"https:\/\/gazetaregionalna.com\/index.php?rest_route=\/wp\/v2\/types\/post"}],"author":[{"embeddable":true,"href":"https:\/\/gazetaregionalna.com\/index.php?rest_route=\/wp\/v2\/users\/12"}],"replies":[{"embeddable":true,"href":"https:\/\/gazetaregionalna.com\/index.php?rest_route=%2Fwp%2Fv2%2Fcomments&post=13829"}],"version-history":[{"count":5,"href":"https:\/\/gazetaregionalna.com\/index.php?rest_route=\/wp\/v2\/posts\/13829\/revisions"}],"predecessor-version":[{"id":13851,"href":"https:\/\/gazetaregionalna.com\/index.php?rest_route=\/wp\/v2\/posts\/13829\/revisions\/13851"}],"wp:featuredmedia":[{"embeddable":true,"href":"https:\/\/gazetaregionalna.com\/index.php?rest_route=\/wp\/v2\/media\/13840"}],"wp:attachment":[{"href":"https:\/\/gazetaregionalna.com\/index.php?rest_route=%2Fwp%2Fv2%2Fmedia&parent=13829"}],"wp:term":[{"taxonomy":"category","embeddable":true,"href":"https:\/\/gazetaregionalna.com\/index.php?rest_route=%2Fwp%2Fv2%2Fcategories&post=13829"},{"taxonomy":"post_tag","embeddable":true,"href":"https:\/\/gazetaregionalna.com\/index.php?rest_route=%2Fwp%2Fv2%2Ftags&post=13829"}],"curies":[{"name":"wp","href":"https:\/\/api.w.org\/{rel}","templated":true}]}}