{"id":137983,"date":"2025-06-09T20:18:50","date_gmt":"2025-06-09T20:18:50","guid":{"rendered":"https:\/\/gazetaregionalna.com\/?p=137983"},"modified":"2025-06-09T20:18:52","modified_gmt":"2025-06-09T20:18:52","slug":"festiwal-smaku-2025-w-czestochowie","status":"publish","type":"post","link":"https:\/\/gazetaregionalna.com\/?p=137983","title":{"rendered":"Festiwal Smaku 2025 w Cz\u0119stochowie i regionie. Ile kosztuj\u0105 dania? [LISTA LOKALI]"},"content":{"rendered":"\n<h2 class=\"wp-block-heading\">9 czerwca wystartowa\u0142 Festiwal Smaku. Potrwa do pi\u0105tku, 13 czerwca.  W tym czasie cz\u0119stochowskie restauracje i kawiarnie proponuj\u0105 smakoszom specjalne menu w okazyjnych cenach.<\/h2>\n\n\n\n<p>Festiwal Smaku to ciesz\u0105ce si\u0119 du\u017cym zainteresowaniem wydarzenie kulinarne organizowane w r\u00f3\u017cnych regionach Polski. Zasady przy ka\u017cdej edycji s\u0105 podobne: przez pi\u0119\u0107 dni, od poniedzia\u0142ku do pi\u0105tku, restauracje oraz kawiarnie proponuj\u0105 mieszka\u0144com specjalnie przygotowane na t\u0119 okazj\u0119 wyj\u0105tkowe dania w festiwalowych cenach. <\/p>\n\n\n\n<p>Tym razem cennik wygl\u0105da nast\u0119puj\u0105co: za 55 z\u0142 mo\u017cna kupi\u0107 przystawk\u0119 i danie g\u0142\u00f3wne, deser kosztuje 22 z\u0142, a drink &#8211; 19 z\u0142.<\/p>\n\n\n\n<figure class=\"wp-block-image size-full\"><img decoding=\"async\" width=\"700\" height=\"469\" data-src=\"https:\/\/gazetaregionalna.com\/wp-content\/uploads\/2025\/06\/Screenshot-2025-06-09-at-22-03-34-CZESTOCHOWA-OD-9-DO-13-CZERWCA-Festiwal-Smaku.jpg\" alt=\"\" class=\"wp-image-137987 lazyload\" data-srcset=\"https:\/\/gazetaregionalna.com\/wp-content\/uploads\/2025\/06\/Screenshot-2025-06-09-at-22-03-34-CZESTOCHOWA-OD-9-DO-13-CZERWCA-Festiwal-Smaku.jpg 700w, https:\/\/gazetaregionalna.com\/wp-content\/uploads\/2025\/06\/Screenshot-2025-06-09-at-22-03-34-CZESTOCHOWA-OD-9-DO-13-CZERWCA-Festiwal-Smaku-300x201.jpg 300w\" data-sizes=\"(max-width: 700px) 100vw, 700px\" src=\"data:image\/svg+xml;base64,PHN2ZyB3aWR0aD0iMSIgaGVpZ2h0PSIxIiB4bWxucz0iaHR0cDovL3d3dy53My5vcmcvMjAwMC9zdmciPjwvc3ZnPg==\" style=\"--smush-placeholder-width: 700px; --smush-placeholder-aspect-ratio: 700\/469;\" \/><figcaption class=\"wp-element-caption\">Festiwal Smaku &#8211; Fenomen Koncept<\/figcaption><\/figure>\n\n\n\n<p>Celem festiwalu jest zach\u0119cenie do odkrywania nowych smak\u00f3w oraz odwiedzania najsmaczniejszych lokali w mie\u015bcie. Natomiast g\u0142\u00f3wnym za\u0142o\u017ceniem tego wydarzenia jest aktywizacja \u017cycia miasta i jego mieszka\u0144c\u00f3w, promowanie idei \u201eSlow Food\u201d oraz wspieranie lokalnej przedsi\u0119biorczo\u015bci gastronomicznej. -Najwy\u017cszy poziom kulinarny, r\u00f3\u017cnorodno\u015b\u0107, kreatywno\u015b\u0107, \u015bwietna atmosfera, mi\u0142a obs\u0142uga \u2013 to wszystkie cechy, kt\u00f3re wyr\u00f3\u017cniaj\u0105 najsmaczniejsze restauracje i najs\u0142odsze kawiarnie bior\u0105ce udzia\u0142 w naszym projekcie. Pod\u0105\u017caj ze smakiem kulinarnym szlakiem!- zach\u0119caj\u0105 organizatorzy.<\/p>\n\n\n\n<p>Cz\u0119stochowska ods\u0142ona Festiwalu Smaku wystartowa\u0142a w poniedzia\u0142ek, 9 czerwca. Rozsmakowywa\u0107 si\u0119 w menu mo\u017cna do 13 czerwca.<\/p>\n\n\n\n<figure class=\"wp-block-image size-full\"><img decoding=\"async\" width=\"700\" height=\"469\" data-src=\"https:\/\/gazetaregionalna.com\/wp-content\/uploads\/2025\/06\/Screenshot-2025-06-09-at-22-16-34-CZESTOCHOWA-OD-9-DO-13-CZERWCA-Festiwal-Smaku.jpg\" alt=\"\" class=\"wp-image-137990 lazyload\" data-srcset=\"https:\/\/gazetaregionalna.com\/wp-content\/uploads\/2025\/06\/Screenshot-2025-06-09-at-22-16-34-CZESTOCHOWA-OD-9-DO-13-CZERWCA-Festiwal-Smaku.jpg 700w, https:\/\/gazetaregionalna.com\/wp-content\/uploads\/2025\/06\/Screenshot-2025-06-09-at-22-16-34-CZESTOCHOWA-OD-9-DO-13-CZERWCA-Festiwal-Smaku-300x201.jpg 300w\" data-sizes=\"(max-width: 700px) 100vw, 700px\" src=\"data:image\/svg+xml;base64,PHN2ZyB3aWR0aD0iMSIgaGVpZ2h0PSIxIiB4bWxucz0iaHR0cDovL3d3dy53My5vcmcvMjAwMC9zdmciPjwvc3ZnPg==\" style=\"--smush-placeholder-width: 700px; --smush-placeholder-aspect-ratio: 700\/469;\" \/><figcaption class=\"wp-element-caption\">Festiwal Smaku &#8211; Czeski Film<\/figcaption><\/figure>\n\n\n\n<p>Jakie smakowito\u015bci trafi\u0142y do menu? Np. Czeski Film jako przystawk\u0119 serwuje marynowany ser camembert w zio\u0142ach podany z anchois. Z kolei Fenomen Koncept na danie g\u0142\u00f3wne przewidzia\u0142 &#8211; soczyst\u0105 pier\u015b z kurczaka, z kremow\u0105 polent\u0105, m\u0142od\u0105 kapust\u0105 i sosem z czosnku nied\u017awiedziego (UWAGA! Restauracja czynna od \u015brody, 11 czerwca). Natomiast G\u0142odna Ma\u0142pa jako danie g\u0142\u00f3wne poleca &#8211; \u015bwie\u017cy makaron w sosie bazyliowym z cukini\u0105, pra\u017conymi pistacjami, pomidorkami, parmezanem oraz aksamitn\u0105 straciatell\u0105 (ca\u0142o\u015b\u0107 dope\u0142niona jest chrupi\u0105cym chipsem z prosciutto crudo z miodem). Co\u015b s\u0142odkiego? Mo\u017ce beza w Miedzianym Piecu albo sernik na zimno z piank\u0105 lawendow\u0105 i faworkiem z ciasta wonton w Alei 57. A co\u015b na och\u0142od\u0119? Przyk\u0142adem niech tu b\u0119dzie Mango Aperol Margerita w Alchemiku b\u0105d\u017a Sunset Cocktail w Roku Tygrysa. <\/p>\n\n\n\n<h2 class=\"wp-block-heading\">Oto lista lokali bior\u0105cych udzia\u0142 w Festiwalu Smaku:<\/h2>\n\n\n\n<figure class=\"wp-block-image size-large\"><img decoding=\"async\" width=\"1024\" height=\"491\" data-src=\"https:\/\/gazetaregionalna.com\/wp-content\/uploads\/2025\/06\/COVER-FOTO-FACEBOOK-1024x491.jpg\" alt=\"\" class=\"wp-image-137989 lazyload\" data-srcset=\"https:\/\/gazetaregionalna.com\/wp-content\/uploads\/2025\/06\/COVER-FOTO-FACEBOOK-1024x491.jpg 1024w, https:\/\/gazetaregionalna.com\/wp-content\/uploads\/2025\/06\/COVER-FOTO-FACEBOOK-300x144.jpg 300w, https:\/\/gazetaregionalna.com\/wp-content\/uploads\/2025\/06\/COVER-FOTO-FACEBOOK-768x368.jpg 768w, https:\/\/gazetaregionalna.com\/wp-content\/uploads\/2025\/06\/COVER-FOTO-FACEBOOK.jpg 1200w\" data-sizes=\"(max-width: 1024px) 100vw, 1024px\" src=\"data:image\/svg+xml;base64,PHN2ZyB3aWR0aD0iMSIgaGVpZ2h0PSIxIiB4bWxucz0iaHR0cDovL3d3dy53My5vcmcvMjAwMC9zdmciPjwvc3ZnPg==\" style=\"--smush-placeholder-width: 1024px; --smush-placeholder-aspect-ratio: 1024\/491;\" \/><figcaption class=\"wp-element-caption\">Festiwal Smaku<\/figcaption><\/figure>\n\n\n\n<p><strong>Cz\u0119stochowa<\/strong><\/p>\n\n\n\n<p>Czeski Film Pub &amp; Restauracja, Al. NMP 43<\/p>\n\n\n\n<p> Miedziany Piec &#8211; Pizza Napoletana, al. Wolno\u015bci 11 <\/p>\n\n\n\n<p>Il Gusto, ul. Wielu\u0144ska 15 <\/p>\n\n\n\n<p>Rok Tygrysa inspired by Asia, Al. NMP 51 <\/p>\n\n\n\n<p>Klimaty, ul. Wielu\u0144ska 6<\/p>\n\n\n\n<p>Indyjskie Curry, ul. Kopernika 22<\/p>\n\n\n\n<p>Fenomen Koncept, al. Armii Krajowej 42 <\/p>\n\n\n\n<p>Tbilisi Smak Gruzji, ul. Wielu\u0144ska 4 <\/p>\n\n\n\n<p>La Grappa, ul. Dekabryst\u00f3w 33 <\/p>\n\n\n\n<p>Aleja 57, Al. NMP 57 <\/p>\n\n\n\n<p>Alchemik, Al. NMP 29 <\/p>\n\n\n\n<p>G\u0142odna Ma\u0142pa Pizza &amp; Chill, Al. NMP 35 <\/p>\n\n\n\n<p>Grand Slam Restaurant &amp; Lounge, ul. 3 Maja 1 <\/p>\n\n\n\n<p>Koku Sushi, ul. Wielu\u0144ska 4 <\/p>\n\n\n\n<p><strong>Region<\/strong><\/p>\n\n\n\n<p> Kmicic &#8211; Blachownia, ul. Le\u015bna 14 <\/p>\n\n\n\n<p>Tbilisi Smak Gruzji &#8211; K\u0142omnice, ul. Cz\u0119stochowska 17<\/p>\n\n\n\n<p>Le\u015bny &#8211; Olsztyn, ul. Kuhna 45<\/p>\n\n\n\n<p>Menu dost\u0119pne jest na: <a href=\"https:\/\/festiwal-smaku.pl\/miasta\/czestochowa-od-9-do-13-czerwca\/?fbclid=IwZXh0bgNhZW0CMTAAYnJpZBEwdGtwMXZKeTNLYU52cWNhQQEeuE2lKL2LeEdO6KLwD-9P-3VEkwfnOF0l9TzhtUCM0DwFK25ar6HDEZS7ALg_aem_gRZbG50r_TiJBEft-0n6Dw\" target=\"_blank\" rel=\"noreferrer noopener\">festiwal-smaku.pl\/miasta\/czestochowa-od-9-do-13-czerwca\/<\/a><\/p>\n\n\n\n<p><strong>red.<\/strong><\/p>\n","protected":false},"excerpt":{"rendered":"<p>9 czerwca wystartowa\u0142 Festiwal Smaku. Potrwa do pi\u0105tku, 13 czerwca. W tym czasie cz\u0119stochowskie restauracje i kawiarnie proponuj\u0105 smakoszom specjalne menu w okazyjnych cenach.<\/p>\n","protected":false},"author":11,"featured_media":137988,"comment_status":"closed","ping_status":"open","sticky":false,"template":"","format":"standard","meta":{"_monsterinsights_skip_tracking":false,"_monsterinsights_sitenote_active":false,"_monsterinsights_sitenote_note":"","_monsterinsights_sitenote_category":0,"_uf_show_specific_survey":0,"_uf_disable_surveys":false,"footnotes":""},"categories":[3,16,2],"tags":[144,9898,3900,1422],"class_list":["post-137983","post","type-post","status-publish","format-standard","has-post-thumbnail","hentry","category-czestochowa-informacje","category-gastronomia","category-wiadomosci","tag-czestochowa","tag-festiwal-smaku","tag-region","tag-restauracje"],"_links":{"self":[{"href":"https:\/\/gazetaregionalna.com\/index.php?rest_route=\/wp\/v2\/posts\/137983","targetHints":{"allow":["GET"]}}],"collection":[{"href":"https:\/\/gazetaregionalna.com\/index.php?rest_route=\/wp\/v2\/posts"}],"about":[{"href":"https:\/\/gazetaregionalna.com\/index.php?rest_route=\/wp\/v2\/types\/post"}],"author":[{"embeddable":true,"href":"https:\/\/gazetaregionalna.com\/index.php?rest_route=\/wp\/v2\/users\/11"}],"replies":[{"embeddable":true,"href":"https:\/\/gazetaregionalna.com\/index.php?rest_route=%2Fwp%2Fv2%2Fcomments&post=137983"}],"version-history":[{"count":4,"href":"https:\/\/gazetaregionalna.com\/index.php?rest_route=\/wp\/v2\/posts\/137983\/revisions"}],"predecessor-version":[{"id":137991,"href":"https:\/\/gazetaregionalna.com\/index.php?rest_route=\/wp\/v2\/posts\/137983\/revisions\/137991"}],"wp:featuredmedia":[{"embeddable":true,"href":"https:\/\/gazetaregionalna.com\/index.php?rest_route=\/wp\/v2\/media\/137988"}],"wp:attachment":[{"href":"https:\/\/gazetaregionalna.com\/index.php?rest_route=%2Fwp%2Fv2%2Fmedia&parent=137983"}],"wp:term":[{"taxonomy":"category","embeddable":true,"href":"https:\/\/gazetaregionalna.com\/index.php?rest_route=%2Fwp%2Fv2%2Fcategories&post=137983"},{"taxonomy":"post_tag","embeddable":true,"href":"https:\/\/gazetaregionalna.com\/index.php?rest_route=%2Fwp%2Fv2%2Ftags&post=137983"}],"curies":[{"name":"wp","href":"https:\/\/api.w.org\/{rel}","templated":true}]}}