{"id":137968,"date":"2025-06-08T21:49:13","date_gmt":"2025-06-08T21:49:13","guid":{"rendered":"https:\/\/gazetaregionalna.com\/?p=137968"},"modified":"2025-06-08T21:49:14","modified_gmt":"2025-06-08T21:49:14","slug":"czestochowski-teatr-konczy-sezon-2024-2025","status":"publish","type":"post","link":"https:\/\/gazetaregionalna.com\/?p=137968","title":{"rendered":"Cz\u0119stochowski teatr ko\u0144czy sezon 2024\/2025. Jakie tytu\u0142y zaplanowano na fina\u0142?"},"content":{"rendered":"\n<h2 class=\"wp-block-heading\">Teatr im. Adama Mickiewicza ko\u0144czy sezon. W repertuarze zaplanowa\u0142 jeszcze dwie swoje produkcje: &#8222;Lekcje ta\u0144ca&#8221; i &#8222;Urok likwidacji&#8221;.<\/h2>\n\n\n\n<p>W pierwszych dniach czerwca cz\u0119stochowski teatr zaprezentowa\u0142 co\u015b dla widz\u00f3w w ka\u017cdym wieku. By\u0142y wi\u0119c i &#8222;Niesamowite przygody skarpetek&#8221; (tytu\u0142 idealny na Dzie\u0144 Dziecka), i najnowsza (sz\u00f3sta w sezonie 2024\/2025) premiera &#8211; &#8222;Je\u015bli przeci\u0119to ci\u0119 na p\u00f3\u0142&#8221;. Weekend 6-8 czerwca zdominowa\u0142 &#8222;Bum&#8221; z Maciejem P\u00f3\u0142torakiem  w roli g\u0142\u00f3wnej &#8211; niestety, spektakl ten zagrano po raz ostatni, a widzowie po\u017cegnali si\u0119 ze spektaklem w re\u017cyserii Iwo Verdala. Z kolei 7 czerwca odby\u0142 si\u0119 r\u00f3wnie\u017c Salon Poezji (drugi w tym p\u00f3\u0142roczu) dedykowany tw\u00f3rczo\u015bci Bogdana Loebla.<\/p>\n\n\n\n<figure class=\"wp-block-image size-full\"><img decoding=\"async\" width=\"1000\" height=\"667\" data-src=\"https:\/\/gazetaregionalna.com\/wp-content\/uploads\/2025\/06\/a9b966de429ce0791ad03fa2716d9fdd.jpg\" alt=\"\" class=\"wp-image-137973 lazyload\" data-srcset=\"https:\/\/gazetaregionalna.com\/wp-content\/uploads\/2025\/06\/a9b966de429ce0791ad03fa2716d9fdd.jpg 1000w, https:\/\/gazetaregionalna.com\/wp-content\/uploads\/2025\/06\/a9b966de429ce0791ad03fa2716d9fdd-300x200.jpg 300w, https:\/\/gazetaregionalna.com\/wp-content\/uploads\/2025\/06\/a9b966de429ce0791ad03fa2716d9fdd-768x512.jpg 768w\" data-sizes=\"(max-width: 1000px) 100vw, 1000px\" src=\"data:image\/svg+xml;base64,PHN2ZyB3aWR0aD0iMSIgaGVpZ2h0PSIxIiB4bWxucz0iaHR0cDovL3d3dy53My5vcmcvMjAwMC9zdmciPjwvc3ZnPg==\" style=\"--smush-placeholder-width: 1000px; --smush-placeholder-aspect-ratio: 1000\/667;\" \/><figcaption class=\"wp-element-caption\">&#8222;Lekcje ta\u0144ca&#8221; fot. Piotr D\u0142ubak<\/figcaption><\/figure>\n\n\n\n<p>Teraz pora na po\u017cegnanie sezonu. W repertuarze znalaz\u0142o si\u0119 miejsce dla jeszcze jednej tegorocznej premiery (ta mia\u0142a miejsce na walentynki), czyli doskona\u0142ych &#8222;Lekcji ta\u0144ca&#8221; z rewelacyjnymi rolami Hanny Zbyryt i Bartosza Kopcia. Za re\u017cyseri\u0119 sztuki Marka St. Germaina odpowiada Aneta Groszy\u0144ska. To tzw. czu\u0142a komedia \u0142\u0105cz\u0105ca w sobie ciep\u0142o, humor oraz refleksj\u0119 nad tym, jak trudno jest pokona\u0107 granice w\u0142asnych l\u0119k\u00f3w i r\u00f3\u017cnic.\u00a0Wzruszaj\u0105c\u0105 opowie\u015b\u0107 zobaczymy 11 i 12 czerwca o godz. 19.<\/p>\n\n\n\n<figure class=\"wp-block-image size-full\"><img decoding=\"async\" width=\"1000\" height=\"668\" data-src=\"https:\/\/gazetaregionalna.com\/wp-content\/uploads\/2025\/06\/a63dda27c470a5b6ef061e128edbbfc7.jpg\" alt=\"\" class=\"wp-image-137970 lazyload\" data-srcset=\"https:\/\/gazetaregionalna.com\/wp-content\/uploads\/2025\/06\/a63dda27c470a5b6ef061e128edbbfc7.jpg 1000w, https:\/\/gazetaregionalna.com\/wp-content\/uploads\/2025\/06\/a63dda27c470a5b6ef061e128edbbfc7-300x200.jpg 300w, https:\/\/gazetaregionalna.com\/wp-content\/uploads\/2025\/06\/a63dda27c470a5b6ef061e128edbbfc7-768x513.jpg 768w\" data-sizes=\"(max-width: 1000px) 100vw, 1000px\" src=\"data:image\/svg+xml;base64,PHN2ZyB3aWR0aD0iMSIgaGVpZ2h0PSIxIiB4bWxucz0iaHR0cDovL3d3dy53My5vcmcvMjAwMC9zdmciPjwvc3ZnPg==\" style=\"--smush-placeholder-width: 1000px; --smush-placeholder-aspect-ratio: 1000\/668;\" \/><figcaption class=\"wp-element-caption\">&#8222;Urok likwidacji&#8221; fot. Piotr D\u0142ubak<\/figcaption><\/figure>\n\n\n\n<p>Z kolei &#8222;Urok likwidacji&#8221; (nowo\u015b\u0107 z poprzedniego sezonu) w re\u017cyserii Agaty Biziuk grana b\u0119dzie 14 i 15 czerwca o godz. 19. Spektakl powsta\u0142 na podstawie ksi\u0105\u017cki &#8222;Niepowtarzalny urok likwidacji. Reporta\u017ce z Polski lat 90.\u201d Piotra Lipi\u0144skiego i Micha\u0142a Matysa. Na scenie wyst\u0105pi\u0105: Antoni Rot, Iwona Cho\u0142uj, Maciej P\u00f3\u0142torak, Marcel Opali\u0144ski (go\u015bcinnie), Marta Honzatko i Karol Czajkowski.<\/p>\n\n\n\n<p>Bohater\u00f3w \u201eUroku likwidacji\u201d poznajemy w sylwestrow\u0105 noc 1989 roku. S\u0105 fajerwerki, lambada i troska o skup \u017cywca. Spotykaj\u0105 si\u0119, by \u015bwi\u0119towa\u0107 nadej\u015bcie prze\u0142omowego 1990 roku. Przypominaj\u0105 czasy, w kt\u00f3rych rz\u0105dzi\u0142 slogan: \u201eOd zera do milionera\u201d.\u00a0Cho\u0107 zdarza\u0142o si\u0119, \u017ce spektakularne sukcesy przeobra\u017ca\u0142y si\u0119 w r\u00f3wnie spektakularne pora\u017cki. Likwidowano pa\u0144stwowe zak\u0142ady, a prywatne biznesy wyrasta\u0142y jak grzyby po deszczu.<\/p>\n\n\n\n<p>Na sam fina\u0142, tj. 18 czerwca &#8211; o godz. 17 i 19 &#8211; na scen\u0119 powr\u00f3ci spektakl warsztatowy &#8222;Sielsko-anielsko&#8221; w re\u017cyserii Marka \u015alosarskiego i w wykonaniu uczestnik\u00f3w czteromiesi\u0119cznych warsztat\u00f3w dla doros\u0142ych, kt\u00f3rych koordynatork\u0105 jest Ewa Ole\u015b.<\/p>\n\n\n\n<p>Bilety<a href=\"https:\/\/www.teatr-mickiewicza.pl\/\" target=\"_blank\" rel=\"noopener\">: www.teatr-mickiewicza.pl<\/a><\/p>\n\n\n\n<p><strong>red.<\/strong><\/p>\n","protected":false},"excerpt":{"rendered":"<p>Teatr im. Adama Mickiewicza ko\u0144czy sezon. W repertuarze zaplanowa\u0142 jeszcze dwie swoje produkcje: &#8222;Lekcje ta\u0144ca&#8221; i &#8222;Urok likwidacji&#8221;. W pierwszych dniach czerwca cz\u0119stochowski teatr<\/p>\n","protected":false},"author":11,"featured_media":137972,"comment_status":"closed","ping_status":"open","sticky":false,"template":"","format":"standard","meta":{"_monsterinsights_skip_tracking":false,"_monsterinsights_sitenote_active":false,"_monsterinsights_sitenote_note":"","_monsterinsights_sitenote_category":0,"_uf_show_specific_survey":0,"_uf_disable_surveys":false,"footnotes":""},"categories":[12,3,94,2],"tags":[144,2875,1213,255],"class_list":["post-137968","post","type-post","status-publish","format-standard","has-post-thumbnail","hentry","category-kultura-i-rozrywka","category-czestochowa-informacje","category-polecane","category-wiadomosci","tag-czestochowa","tag-sezon","tag-teatr","tag-teatr-im-adama-mickiewicza-w-czestochowie"],"_links":{"self":[{"href":"https:\/\/gazetaregionalna.com\/index.php?rest_route=\/wp\/v2\/posts\/137968","targetHints":{"allow":["GET"]}}],"collection":[{"href":"https:\/\/gazetaregionalna.com\/index.php?rest_route=\/wp\/v2\/posts"}],"about":[{"href":"https:\/\/gazetaregionalna.com\/index.php?rest_route=\/wp\/v2\/types\/post"}],"author":[{"embeddable":true,"href":"https:\/\/gazetaregionalna.com\/index.php?rest_route=\/wp\/v2\/users\/11"}],"replies":[{"embeddable":true,"href":"https:\/\/gazetaregionalna.com\/index.php?rest_route=%2Fwp%2Fv2%2Fcomments&post=137968"}],"version-history":[{"count":2,"href":"https:\/\/gazetaregionalna.com\/index.php?rest_route=\/wp\/v2\/posts\/137968\/revisions"}],"predecessor-version":[{"id":137974,"href":"https:\/\/gazetaregionalna.com\/index.php?rest_route=\/wp\/v2\/posts\/137968\/revisions\/137974"}],"wp:featuredmedia":[{"embeddable":true,"href":"https:\/\/gazetaregionalna.com\/index.php?rest_route=\/wp\/v2\/media\/137972"}],"wp:attachment":[{"href":"https:\/\/gazetaregionalna.com\/index.php?rest_route=%2Fwp%2Fv2%2Fmedia&parent=137968"}],"wp:term":[{"taxonomy":"category","embeddable":true,"href":"https:\/\/gazetaregionalna.com\/index.php?rest_route=%2Fwp%2Fv2%2Fcategories&post=137968"},{"taxonomy":"post_tag","embeddable":true,"href":"https:\/\/gazetaregionalna.com\/index.php?rest_route=%2Fwp%2Fv2%2Ftags&post=137968"}],"curies":[{"name":"wp","href":"https:\/\/api.w.org\/{rel}","templated":true}]}}