{"id":137938,"date":"2025-06-06T19:46:21","date_gmt":"2025-06-06T19:46:21","guid":{"rendered":"https:\/\/gazetaregionalna.com\/?p=137938"},"modified":"2025-06-06T19:46:22","modified_gmt":"2025-06-06T19:46:22","slug":"dream-rev-up-festival-w-czestochowie","status":"publish","type":"post","link":"https:\/\/gazetaregionalna.com\/?p=137938","title":{"rendered":"Takiego wydarzenia motoryzacyjnego jeszcze nie by\u0142o! Dream Rev Up Festival w Cz\u0119stochowie"},"content":{"rendered":"\n<h2 class=\"wp-block-heading\">W weekend 7 i 8 czerwca na terenie WORD Cz\u0119stochowa odb\u0119dzie si\u0119 Dream Rev Up Festival. Wydarzenie po\u0142\u0105czy wystaw\u0119 aut z emocjonuj\u0105cymi dwudniowymi pokazami driftu Za wsp\u00f3\u0142organizacj\u0119 projektu odpowiada firma Manager.<\/h2>\n\n\n\n<p>-Nasza impreza to prawdziwe \u015bwi\u0119to motoryzacji \u2013 od tuning\u00f3w przez oldtimery, ekskluzywne sportowe auta po najbardziej medialne pojazdy \u015bwiata, czyli idealne repliki z filmu \u201cSzybcy i w\u015bciekli: Tokio Drift\u201d. Oczekujemy du\u017cego zainteresowania medi\u00f3w, co daje unikaln\u0105 mo\u017cliwo\u015b\u0107 promocji firmy w kontek\u015bcie zdrowego podej\u015bcia do motoryzacji. Do\u0142\u0105czcie do nas i sta\u0144cie si\u0119 cz\u0119\u015bci\u0105 wydarzenia, kt\u00f3re nie tylko wzbudzi emocje, ale tak\u017ce wp\u0142ynie na rozw\u00f3j bezpiecznej i ekscytuj\u0105cej kultury motoryzacyjnej w Polsce! \u2013 zapowiadaj\u0105 organizatorzy <a href=\"https:\/\/gazetaregionalna.com\/dream-rev-up-festival-7-8-czerwca\/\">Dream Rev Up Festival.<\/a><\/p>\n\n\n\n<figure class=\"wp-block-image size-large\"><img decoding=\"async\" width=\"1024\" height=\"585\" data-src=\"https:\/\/gazetaregionalna.com\/wp-content\/uploads\/2025\/06\/498919353_122160289550515552_2445570915015533948_n-1024x585.jpg\" alt=\"\" class=\"wp-image-137789 lazyload\" data-srcset=\"https:\/\/gazetaregionalna.com\/wp-content\/uploads\/2025\/06\/498919353_122160289550515552_2445570915015533948_n-1024x585.jpg 1024w, https:\/\/gazetaregionalna.com\/wp-content\/uploads\/2025\/06\/498919353_122160289550515552_2445570915015533948_n-300x172.jpg 300w, https:\/\/gazetaregionalna.com\/wp-content\/uploads\/2025\/06\/498919353_122160289550515552_2445570915015533948_n-768x439.jpg 768w, https:\/\/gazetaregionalna.com\/wp-content\/uploads\/2025\/06\/498919353_122160289550515552_2445570915015533948_n.jpg 1200w\" data-sizes=\"(max-width: 1024px) 100vw, 1024px\" src=\"data:image\/svg+xml;base64,PHN2ZyB3aWR0aD0iMSIgaGVpZ2h0PSIxIiB4bWxucz0iaHR0cDovL3d3dy53My5vcmcvMjAwMC9zdmciPjwvc3ZnPg==\" style=\"--smush-placeholder-width: 1024px; --smush-placeholder-aspect-ratio: 1024\/585;\" \/><figcaption class=\"wp-element-caption\">Dream Rev Up Festival (mat. prasowe)<\/figcaption><\/figure>\n\n\n\n<p>To pierwsze w Polsce wydarzenie, kt\u00f3re po\u0142\u0105czy wystaw\u0119 aut z emocjonuj\u0105cymi dwudniowymi pokazami driftu na terenie WORD Cz\u0119stochowa. Projekt ten wychodzi naprzeciw potrzebom pasjonat\u00f3w motoryzacji w czasach, gdy brakuje bezpiecznych miejsc do szybkiej jazdy, a temat pr\u0119dko\u015bci jest na czo\u0142\u00f3wkach medi\u00f3w. <\/p>\n\n\n\n<p>Wsp\u00f3\u0142organizatorem weekendowego wydarzenia jest firma Manager. Zaplanowano je na 7 i 8 czerwca. W tym czasie przewidziano m.in. okaz aut tuningowanych, oldtimer\u00f3w i samochod\u00f3w znanych ze \u015bwiata motoryzacji. Na terenie WORD b\u0119dzie mo\u017cna zobaczy\u0107 tak\u017ce najbardziej medialne pojazdy globu!<\/p>\n\n\n\n<figure class=\"wp-block-image size-large\"><img decoding=\"async\" width=\"1024\" height=\"768\" data-src=\"https:\/\/gazetaregionalna.com\/wp-content\/uploads\/2025\/06\/489821105_122152822544515552_4644984013624117931_n-1024x768.jpg\" alt=\"\" class=\"wp-image-137793 lazyload\" data-srcset=\"https:\/\/gazetaregionalna.com\/wp-content\/uploads\/2025\/06\/489821105_122152822544515552_4644984013624117931_n-1024x768.jpg 1024w, https:\/\/gazetaregionalna.com\/wp-content\/uploads\/2025\/06\/489821105_122152822544515552_4644984013624117931_n-300x225.jpg 300w, https:\/\/gazetaregionalna.com\/wp-content\/uploads\/2025\/06\/489821105_122152822544515552_4644984013624117931_n-768x576.jpg 768w, https:\/\/gazetaregionalna.com\/wp-content\/uploads\/2025\/06\/489821105_122152822544515552_4644984013624117931_n.jpg 1200w\" data-sizes=\"(max-width: 1024px) 100vw, 1024px\" src=\"data:image\/svg+xml;base64,PHN2ZyB3aWR0aD0iMSIgaGVpZ2h0PSIxIiB4bWxucz0iaHR0cDovL3d3dy53My5vcmcvMjAwMC9zdmciPjwvc3ZnPg==\" style=\"--smush-placeholder-width: 1024px; --smush-placeholder-aspect-ratio: 1024\/768;\" \/><figcaption class=\"wp-element-caption\">Dream Rev Up Festival (mat. prasowe)<\/figcaption><\/figure>\n\n\n\n<p>Organizatorzy zadbali r\u00f3wnie\u017c o pokazy driftu i stuntu oraz prezentacj\u0119 samochod\u00f3w sportowych BMW. Zapewni\u0105 te\u017c symulator jazdy na jednym kole wheelie i symulatory moto VR. Do dyspozycji uczestnk\u00f3w b\u0119d\u0105 m.in. flippery i automaty retro,. Istotn\u0105 rol\u0119 odgrywa\u0107 b\u0119dzie r\u00f3wnie\u017c strefa bezpiecze\u0144stwa, w kt\u00f3rej czeka\u0107 ma np. symulator dachowania, alkogogle czy pit stop.<\/p>\n\n\n\n<p>Nie zabraknie r\u00f3wnie\u017c atrakcji dla najm\u0142odszych uczestnik\u00f3w Dream Rev Up Festival. To z my\u015bl\u0105 o nich stworzona zostanie strefa zabaw moto. Dla milusi\u0144skich przewidziano te\u017c autka akumulatorowe i autka RC. Zaplanowano tak\u017ce familijne konkursy oraz animacje o tematyce motoryzacyjnej. <\/p>\n\n\n\n<figure class=\"wp-block-image size-large\"><img decoding=\"async\" width=\"1024\" height=\"768\" data-src=\"https:\/\/gazetaregionalna.com\/wp-content\/uploads\/2025\/06\/489821105_122152822544515552_4644984013624117931_n-1024x768.jpg\" alt=\"\" class=\"wp-image-137793 lazyload\" data-srcset=\"https:\/\/gazetaregionalna.com\/wp-content\/uploads\/2025\/06\/489821105_122152822544515552_4644984013624117931_n-1024x768.jpg 1024w, https:\/\/gazetaregionalna.com\/wp-content\/uploads\/2025\/06\/489821105_122152822544515552_4644984013624117931_n-300x225.jpg 300w, https:\/\/gazetaregionalna.com\/wp-content\/uploads\/2025\/06\/489821105_122152822544515552_4644984013624117931_n-768x576.jpg 768w, https:\/\/gazetaregionalna.com\/wp-content\/uploads\/2025\/06\/489821105_122152822544515552_4644984013624117931_n.jpg 1200w\" data-sizes=\"(max-width: 1024px) 100vw, 1024px\" src=\"data:image\/svg+xml;base64,PHN2ZyB3aWR0aD0iMSIgaGVpZ2h0PSIxIiB4bWxucz0iaHR0cDovL3d3dy53My5vcmcvMjAwMC9zdmciPjwvc3ZnPg==\" style=\"--smush-placeholder-width: 1024px; --smush-placeholder-aspect-ratio: 1024\/768;\" \/><figcaption class=\"wp-element-caption\">Dream Rev Up Festival (mat. prasowe)<\/figcaption><\/figure>\n\n\n\n<p>W sobot\u0119, 7 czerwca wydarzenie b\u0119dzie czynne w godz. 12.00-22.00, a w niedziel\u0119, 8 czerwca \u2013 10.00-16.00. <\/p>\n\n\n\n<p>Bilety dost\u0119pne s\u0105 w punktach <a href=\"https:\/\/www.facebook.com\/profile.php?id=100054517537803\" target=\"_blank\" rel=\"noreferrer noopener\">Restauracja&amp;Puba Czeski Film <\/a>oraz online na stronie<a href=\"https:\/\/www.eventim.pl\/artist\/dream-rev-up-festival\/#calendar-start=2025-06\" target=\"_blank\" rel=\"noreferrer noopener\"> eventim.<\/a> Te normalne kosztuj\u0105 40 z\u0142, a dla uczni\u00f3w i student\u00f3w \u2013 20 z\u0142.<\/p>\n\n\n\n<p>Dream Rev Up Festival odb\u0119dzie si\u0119 pod honorowym patronatem Marsza\u0142ka Wojew\u00f3dztwa \u015al\u0105skiego Wojciecha Sa\u0142ugi.<\/p>\n\n\n\n<p>Szczeg\u00f3\u0142y: <a href=\"https:\/\/www.facebook.com\/Dreamrevup\" target=\"_blank\" rel=\"noreferrer noopener\">www.facebook.com\/Dreamrevup<\/a><\/p>\n\n\n\n<p><strong>red.<\/strong><\/p>\n\n\n\n<figure class=\"wp-block-image size-large\"><img decoding=\"async\" width=\"1024\" height=\"652\" data-src=\"https:\/\/gazetaregionalna.com\/wp-content\/uploads\/2025\/06\/491417727_122153491454515552_741812568085164551_n-1024x652.jpg\" alt=\"\" class=\"wp-image-137792 lazyload\" data-srcset=\"https:\/\/gazetaregionalna.com\/wp-content\/uploads\/2025\/06\/491417727_122153491454515552_741812568085164551_n-1024x652.jpg 1024w, https:\/\/gazetaregionalna.com\/wp-content\/uploads\/2025\/06\/491417727_122153491454515552_741812568085164551_n-300x191.jpg 300w, https:\/\/gazetaregionalna.com\/wp-content\/uploads\/2025\/06\/491417727_122153491454515552_741812568085164551_n-768x489.jpg 768w, https:\/\/gazetaregionalna.com\/wp-content\/uploads\/2025\/06\/491417727_122153491454515552_741812568085164551_n-115x73.jpg 115w, https:\/\/gazetaregionalna.com\/wp-content\/uploads\/2025\/06\/491417727_122153491454515552_741812568085164551_n.jpg 1163w\" data-sizes=\"(max-width: 1024px) 100vw, 1024px\" src=\"data:image\/svg+xml;base64,PHN2ZyB3aWR0aD0iMSIgaGVpZ2h0PSIxIiB4bWxucz0iaHR0cDovL3d3dy53My5vcmcvMjAwMC9zdmciPjwvc3ZnPg==\" style=\"--smush-placeholder-width: 1024px; --smush-placeholder-aspect-ratio: 1024\/652;\" \/><figcaption class=\"wp-element-caption\">Dream Rev Up Festival (mat. prasowe)<\/figcaption><\/figure>\n","protected":false},"excerpt":{"rendered":"<p>W weekend 7 i 8 czerwca na terenie WORD Cz\u0119stochowa odb\u0119dzie si\u0119 Dream Rev Up Festival. Wydarzenie po\u0142\u0105czy wystaw\u0119 aut z emocjonuj\u0105cymi dwudniowymi pokazami<\/p>\n","protected":false},"author":11,"featured_media":137795,"comment_status":"closed","ping_status":"open","sticky":false,"template":"","format":"standard","meta":{"_monsterinsights_skip_tracking":false,"_monsterinsights_sitenote_active":false,"_monsterinsights_sitenote_note":"","_monsterinsights_sitenote_category":0,"_uf_show_specific_survey":0,"_uf_disable_surveys":false,"footnotes":""},"categories":[3,12,18,2],"tags":[9884,9895,5793,4093],"class_list":["post-137938","post","type-post","status-publish","format-standard","has-post-thumbnail","hentry","category-czestochowa-informacje","category-kultura-i-rozrywka","category-motoryzacja","category-wiadomosci","tag-dream-rev-up-festival","tag-maganer","tag-motoryzacja","tag-word-czestochowa"],"_links":{"self":[{"href":"https:\/\/gazetaregionalna.com\/index.php?rest_route=\/wp\/v2\/posts\/137938","targetHints":{"allow":["GET"]}}],"collection":[{"href":"https:\/\/gazetaregionalna.com\/index.php?rest_route=\/wp\/v2\/posts"}],"about":[{"href":"https:\/\/gazetaregionalna.com\/index.php?rest_route=\/wp\/v2\/types\/post"}],"author":[{"embeddable":true,"href":"https:\/\/gazetaregionalna.com\/index.php?rest_route=\/wp\/v2\/users\/11"}],"replies":[{"embeddable":true,"href":"https:\/\/gazetaregionalna.com\/index.php?rest_route=%2Fwp%2Fv2%2Fcomments&post=137938"}],"version-history":[{"count":2,"href":"https:\/\/gazetaregionalna.com\/index.php?rest_route=\/wp\/v2\/posts\/137938\/revisions"}],"predecessor-version":[{"id":137940,"href":"https:\/\/gazetaregionalna.com\/index.php?rest_route=\/wp\/v2\/posts\/137938\/revisions\/137940"}],"wp:featuredmedia":[{"embeddable":true,"href":"https:\/\/gazetaregionalna.com\/index.php?rest_route=\/wp\/v2\/media\/137795"}],"wp:attachment":[{"href":"https:\/\/gazetaregionalna.com\/index.php?rest_route=%2Fwp%2Fv2%2Fmedia&parent=137938"}],"wp:term":[{"taxonomy":"category","embeddable":true,"href":"https:\/\/gazetaregionalna.com\/index.php?rest_route=%2Fwp%2Fv2%2Fcategories&post=137938"},{"taxonomy":"post_tag","embeddable":true,"href":"https:\/\/gazetaregionalna.com\/index.php?rest_route=%2Fwp%2Fv2%2Ftags&post=137938"}],"curies":[{"name":"wp","href":"https:\/\/api.w.org\/{rel}","templated":true}]}}