{"id":13786,"date":"2020-06-09T12:05:57","date_gmt":"2020-06-09T12:05:57","guid":{"rendered":"https:\/\/gazetaregionalna.com\/?p=13786"},"modified":"2020-06-09T12:05:58","modified_gmt":"2020-06-09T12:05:58","slug":"iwaszkiewicza","status":"publish","type":"post","link":"https:\/\/gazetaregionalna.com\/?p=13786","title":{"rendered":"Przystanek &#8222;Iwaszkiewicza&#8221; ci\u0105gle zawieszony. &#8222;Kopernika&#8221; ju\u017c dost\u0119pny."},"content":{"rendered":"\n<p> W zwi\u0105zku z przebudow\u0105 torowiska, przystanek autobusowy &#8222;Iwaszkiewicza&#8221; w kierunku Fieldorfa-Nila b\u0119dzie zawieszony do odwo\u0142ania. Pasa\u017cerowie\u00a0proszeni s\u0105 o korzystanie z przystanku BACZY\u0143SKIEGO \u2013 znajduj\u0105cego si\u0119 400 metr\u00f3w dalej, w kierunku ul. Fieldorfa-Nila. <\/p>\n\n\n\n<p> Natomiast przystanek ,,Kopernika\u201d w kierunku placu Biega\u0144skiego ponownie funkcjonuje po zako\u0144czeniu rob\u00f3t na jezdni i\u00a0chodniku. <\/p>\n\n\n\n<p>(\u0179r\u00f3d\u0142o: UM Cz\u0119stochowa)<\/p>\n","protected":false},"excerpt":{"rendered":"<p>W zwi\u0105zku z przebudow\u0105 torowiska, przystanek autobusowy &#8222;Iwaszkiewicza&#8221; w kierunku Fieldorfa-Nila b\u0119dzie zawieszony do odwo\u0142ania. Pasa\u017cerowie\u00a0proszeni s\u0105 o korzystanie z przystanku BACZY\u0143SKIEGO \u2013 znajduj\u0105cego<\/p>\n","protected":false},"author":12,"featured_media":13664,"comment_status":"open","ping_status":"open","sticky":false,"template":"","format":"standard","meta":{"_monsterinsights_skip_tracking":false,"_monsterinsights_sitenote_active":false,"_monsterinsights_sitenote_note":"","_monsterinsights_sitenote_category":0,"_uf_show_specific_survey":0,"_uf_disable_surveys":false,"footnotes":""},"categories":[94,3,2],"tags":[],"class_list":["post-13786","post","type-post","status-publish","format-standard","has-post-thumbnail","hentry","category-polecane","category-czestochowa-informacje","category-wiadomosci"],"_links":{"self":[{"href":"https:\/\/gazetaregionalna.com\/index.php?rest_route=\/wp\/v2\/posts\/13786","targetHints":{"allow":["GET"]}}],"collection":[{"href":"https:\/\/gazetaregionalna.com\/index.php?rest_route=\/wp\/v2\/posts"}],"about":[{"href":"https:\/\/gazetaregionalna.com\/index.php?rest_route=\/wp\/v2\/types\/post"}],"author":[{"embeddable":true,"href":"https:\/\/gazetaregionalna.com\/index.php?rest_route=\/wp\/v2\/users\/12"}],"replies":[{"embeddable":true,"href":"https:\/\/gazetaregionalna.com\/index.php?rest_route=%2Fwp%2Fv2%2Fcomments&post=13786"}],"version-history":[{"count":2,"href":"https:\/\/gazetaregionalna.com\/index.php?rest_route=\/wp\/v2\/posts\/13786\/revisions"}],"predecessor-version":[{"id":13788,"href":"https:\/\/gazetaregionalna.com\/index.php?rest_route=\/wp\/v2\/posts\/13786\/revisions\/13788"}],"wp:featuredmedia":[{"embeddable":true,"href":"https:\/\/gazetaregionalna.com\/index.php?rest_route=\/wp\/v2\/media\/13664"}],"wp:attachment":[{"href":"https:\/\/gazetaregionalna.com\/index.php?rest_route=%2Fwp%2Fv2%2Fmedia&parent=13786"}],"wp:term":[{"taxonomy":"category","embeddable":true,"href":"https:\/\/gazetaregionalna.com\/index.php?rest_route=%2Fwp%2Fv2%2Fcategories&post=13786"},{"taxonomy":"post_tag","embeddable":true,"href":"https:\/\/gazetaregionalna.com\/index.php?rest_route=%2Fwp%2Fv2%2Ftags&post=13786"}],"curies":[{"name":"wp","href":"https:\/\/api.w.org\/{rel}","templated":true}]}}