{"id":137790,"date":"2025-06-03T11:04:03","date_gmt":"2025-06-03T11:04:03","guid":{"rendered":"https:\/\/gazetaregionalna.com\/?p=137790"},"modified":"2025-06-03T11:05:10","modified_gmt":"2025-06-03T11:05:10","slug":"mieszkaniec-uratowal-zolwia-ktory-szedl-po-ruchliwej-drodze-pomogli-tez-straznicy-miejscy","status":"publish","type":"post","link":"https:\/\/gazetaregionalna.com\/?p=137790","title":{"rendered":"Mieszkaniec uratowa\u0142 \u017c\u00f3\u0142wia, kt\u00f3ry szed\u0142 po ruchliwej drodze. Pomogli te\u017c stra\u017cnicy miejscy&#8230;"},"content":{"rendered":"\n<p>Do cz\u0119stochowskiej Stra\u017cy Miejskiej zadzwoni\u0142a kobieta, kt\u00f3ra poinformowa\u0142a, \u017ce jej m\u0105\u017c znalaz\u0142 \u017c\u00f3\u0142wia, kt\u00f3ry szed\u0142 po ruchliwej jezdni przy jasnog\u00f3rskich parkach. Cz\u0119stochowscy stra\u017cnicy miejscy odebrali \u017c\u00f3\u0142wia, kt\u00f3ry trafi do azylu dla \u017c\u00f3\u0142wi.<\/p>\n\n\n\n<p>W minion\u0105 \u015brod\u0119 ok. godz. 17 do Stra\u017cy Miejskiej zadzwoni\u0142a kobieta i poinformowa\u0142a, \u017ce razem z m\u0119\u017cem s\u0105 w posiadaniu \u017c\u00f3\u0142wia. \u017b\u00f3\u0142w \u017c\u00f3\u0142tobrzuchy zosta\u0142 znaleziony na drodze przy Parku Staszica i 3-go Maja. M\u0119\u017cczyzna zabra\u0142 \u017c\u00f3\u0142wia z jezdni i zabezpieczy\u0142 go do czasu przyjazdu patrolu Stra\u017cy Miejskiej.<\/p>\n\n\n\n<p>Stra\u017cnicy miejscy odebrali \u017c\u00f3\u0142wia i skontaktowali si\u0119 z fundacj\u0105, kt\u00f3ra prowadzi azyl dla \u017c\u00f3\u0142wi. \u017b\u00f3\u0142w zostanie przekazany do azylu.<\/p>\n\n\n\n<p>Nale\u017cy podkre\u015bli\u0107 zdecydowan\u0105 reakcj\u0119 mieszka\u0144ca, kt\u00f3ry uratowa\u0142 \u017c\u00f3\u0142wia i przekaza\u0142 go w r\u0119ce stra\u017cnik\u00f3w miejskich. <\/p>\n\n\n\n<p>\u0179r\u00f3d\u0142o: www.sm.czestochowa.pl<\/p>\n\n\n\n<figure class=\"wp-block-image size-large\"><img decoding=\"async\" width=\"811\" height=\"1024\" data-src=\"https:\/\/gazetaregionalna.com\/wp-content\/uploads\/2025\/06\/Z-811x1024.jpg\" alt=\"\" class=\"wp-image-137794 lazyload\" data-srcset=\"https:\/\/gazetaregionalna.com\/wp-content\/uploads\/2025\/06\/Z-811x1024.jpg 811w, https:\/\/gazetaregionalna.com\/wp-content\/uploads\/2025\/06\/Z-237x300.jpg 237w, https:\/\/gazetaregionalna.com\/wp-content\/uploads\/2025\/06\/Z-768x970.jpg 768w, https:\/\/gazetaregionalna.com\/wp-content\/uploads\/2025\/06\/Z.jpg 1200w\" data-sizes=\"(max-width: 811px) 100vw, 811px\" src=\"data:image\/svg+xml;base64,PHN2ZyB3aWR0aD0iMSIgaGVpZ2h0PSIxIiB4bWxucz0iaHR0cDovL3d3dy53My5vcmcvMjAwMC9zdmciPjwvc3ZnPg==\" style=\"--smush-placeholder-width: 811px; --smush-placeholder-aspect-ratio: 811\/1024;\" \/><\/figure>\n","protected":false},"excerpt":{"rendered":"<p>Do cz\u0119stochowskiej Stra\u017cy Miejskiej zadzwoni\u0142a kobieta, kt\u00f3ra poinformowa\u0142a, \u017ce jej m\u0105\u017c znalaz\u0142 \u017c\u00f3\u0142wia, kt\u00f3ry szed\u0142 po ruchliwej jezdni przy jasnog\u00f3rskich parkach. Cz\u0119stochowscy stra\u017cnicy miejscy<\/p>\n","protected":false},"author":25,"featured_media":137794,"comment_status":"closed","ping_status":"open","sticky":false,"template":"","format":"standard","meta":{"_monsterinsights_skip_tracking":false,"_monsterinsights_sitenote_active":false,"_monsterinsights_sitenote_note":"","_monsterinsights_sitenote_category":0,"_uf_show_specific_survey":0,"_uf_disable_surveys":false,"footnotes":""},"categories":[94,3,2],"tags":[],"class_list":["post-137790","post","type-post","status-publish","format-standard","has-post-thumbnail","hentry","category-polecane","category-czestochowa-informacje","category-wiadomosci"],"_links":{"self":[{"href":"https:\/\/gazetaregionalna.com\/index.php?rest_route=\/wp\/v2\/posts\/137790","targetHints":{"allow":["GET"]}}],"collection":[{"href":"https:\/\/gazetaregionalna.com\/index.php?rest_route=\/wp\/v2\/posts"}],"about":[{"href":"https:\/\/gazetaregionalna.com\/index.php?rest_route=\/wp\/v2\/types\/post"}],"author":[{"embeddable":true,"href":"https:\/\/gazetaregionalna.com\/index.php?rest_route=\/wp\/v2\/users\/25"}],"replies":[{"embeddable":true,"href":"https:\/\/gazetaregionalna.com\/index.php?rest_route=%2Fwp%2Fv2%2Fcomments&post=137790"}],"version-history":[{"count":3,"href":"https:\/\/gazetaregionalna.com\/index.php?rest_route=\/wp\/v2\/posts\/137790\/revisions"}],"predecessor-version":[{"id":137798,"href":"https:\/\/gazetaregionalna.com\/index.php?rest_route=\/wp\/v2\/posts\/137790\/revisions\/137798"}],"wp:featuredmedia":[{"embeddable":true,"href":"https:\/\/gazetaregionalna.com\/index.php?rest_route=\/wp\/v2\/media\/137794"}],"wp:attachment":[{"href":"https:\/\/gazetaregionalna.com\/index.php?rest_route=%2Fwp%2Fv2%2Fmedia&parent=137790"}],"wp:term":[{"taxonomy":"category","embeddable":true,"href":"https:\/\/gazetaregionalna.com\/index.php?rest_route=%2Fwp%2Fv2%2Fcategories&post=137790"},{"taxonomy":"post_tag","embeddable":true,"href":"https:\/\/gazetaregionalna.com\/index.php?rest_route=%2Fwp%2Fv2%2Ftags&post=137790"}],"curies":[{"name":"wp","href":"https:\/\/api.w.org\/{rel}","templated":true}]}}