{"id":137782,"date":"2025-06-03T11:18:47","date_gmt":"2025-06-03T11:18:47","guid":{"rendered":"https:\/\/gazetaregionalna.com\/?p=137782"},"modified":"2025-06-03T11:18:49","modified_gmt":"2025-06-03T11:18:49","slug":"dream-rev-up-festival-7-8-czerwca","status":"publish","type":"post","link":"https:\/\/gazetaregionalna.com\/?p=137782","title":{"rendered":"Dream Rev Up Festival. Ju\u017c 7-8 czerwca w Cz\u0119stochowie! Rozdajemy bilety [KONKURS]"},"content":{"rendered":"\n<h2 class=\"wp-block-heading\">Takiego wydarzenia motoryzacyjnego jeszcze nie by\u0142o! 7 i 8 czerwca na terenie WORD Cz\u0119stochowa odb\u0119dzie si\u0119 Dream Rev Up Festival. Za wsp\u00f3\u0142organizacj\u0119 projektu odpowiada firma Manager. Mamy dla Czytelnik\u00f3w cztery pojedyncze bilety, kt\u00f3re mo\u017cna wygra\u0107 w konkursie.<\/h2>\n\n\n\n<p>Dream Rev Up Festival to pierwsze w Polsce wydarzenie, kt\u00f3re po\u0142\u0105czy wystaw\u0119 aut z emocjonuj\u0105cymi dwudniowymi pokazami driftu na terenie WORD Cz\u0119stochowa. To projekt, kt\u00f3ry wychodzi naprzeciw potrzebom pasjonat\u00f3w motoryzacji w czasach, gdy brakuje bezpiecznych miejsc do szybkiej jazdy, a temat pr\u0119dko\u015bci jest na czo\u0142\u00f3wkach medi\u00f3w. Wsp\u00f3\u0142organizatorem wydarzenia jest firma Manager.<\/p>\n\n\n\n<figure class=\"wp-block-image size-large\"><img decoding=\"async\" width=\"727\" height=\"1024\" data-src=\"https:\/\/gazetaregionalna.com\/wp-content\/uploads\/2025\/06\/493941366_122162554496515552_3344689355785090385_n-727x1024.jpg\" alt=\"\" class=\"wp-image-137788 lazyload\" data-srcset=\"https:\/\/gazetaregionalna.com\/wp-content\/uploads\/2025\/06\/493941366_122162554496515552_3344689355785090385_n-727x1024.jpg 727w, https:\/\/gazetaregionalna.com\/wp-content\/uploads\/2025\/06\/493941366_122162554496515552_3344689355785090385_n-213x300.jpg 213w, https:\/\/gazetaregionalna.com\/wp-content\/uploads\/2025\/06\/493941366_122162554496515552_3344689355785090385_n-768x1082.jpg 768w, https:\/\/gazetaregionalna.com\/wp-content\/uploads\/2025\/06\/493941366_122162554496515552_3344689355785090385_n-1091x1536.jpg 1091w, https:\/\/gazetaregionalna.com\/wp-content\/uploads\/2025\/06\/493941366_122162554496515552_3344689355785090385_n-scaled.jpg 1136w\" data-sizes=\"(max-width: 727px) 100vw, 727px\" src=\"data:image\/svg+xml;base64,PHN2ZyB3aWR0aD0iMSIgaGVpZ2h0PSIxIiB4bWxucz0iaHR0cDovL3d3dy53My5vcmcvMjAwMC9zdmciPjwvc3ZnPg==\" style=\"--smush-placeholder-width: 727px; --smush-placeholder-aspect-ratio: 727\/1024;\" \/><figcaption class=\"wp-element-caption\">Dream Rev Up Festival (mat. prasowe)<\/figcaption><\/figure>\n\n\n\n<p>-Nasza impreza to prawdziwe \u015bwi\u0119to motoryzacji \u2013 od tuning\u00f3w przez oldtimery, ekskluzywne sportowe auta po najbardziej medialne pojazdy \u015bwiata, czyli idealne repliki z filmu \u201cSzybcy i w\u015bciekli: Tokio Drift\u201d. Oczekujemy du\u017cego zainteresowania medi\u00f3w, co daje unikaln\u0105 mo\u017cliwo\u015b\u0107 promocji firmy w kontek\u015bcie zdrowego podej\u015bcia do motoryzacji. Do\u0142\u0105czcie do nas i sta\u0144cie si\u0119 cz\u0119\u015bci\u0105 wydarzenia, kt\u00f3re nie tylko<br>wzbudzi emocje, ale tak\u017ce wp\u0142ynie na rozw\u00f3j bezpiecznej i ekscytuj\u0105cej kultury motoryzacyjnej w Polsce! &#8211; zapowiadaj\u0105 organizatorzy. <\/p>\n\n\n\n<figure class=\"wp-block-image size-large\"><img decoding=\"async\" width=\"1024\" height=\"652\" data-src=\"https:\/\/gazetaregionalna.com\/wp-content\/uploads\/2025\/06\/491417727_122153491454515552_741812568085164551_n-1024x652.jpg\" alt=\"\" class=\"wp-image-137792 lazyload\" data-srcset=\"https:\/\/gazetaregionalna.com\/wp-content\/uploads\/2025\/06\/491417727_122153491454515552_741812568085164551_n-1024x652.jpg 1024w, https:\/\/gazetaregionalna.com\/wp-content\/uploads\/2025\/06\/491417727_122153491454515552_741812568085164551_n-300x191.jpg 300w, https:\/\/gazetaregionalna.com\/wp-content\/uploads\/2025\/06\/491417727_122153491454515552_741812568085164551_n-768x489.jpg 768w, https:\/\/gazetaregionalna.com\/wp-content\/uploads\/2025\/06\/491417727_122153491454515552_741812568085164551_n-115x73.jpg 115w, https:\/\/gazetaregionalna.com\/wp-content\/uploads\/2025\/06\/491417727_122153491454515552_741812568085164551_n.jpg 1163w\" data-sizes=\"(max-width: 1024px) 100vw, 1024px\" src=\"data:image\/svg+xml;base64,PHN2ZyB3aWR0aD0iMSIgaGVpZ2h0PSIxIiB4bWxucz0iaHR0cDovL3d3dy53My5vcmcvMjAwMC9zdmciPjwvc3ZnPg==\" style=\"--smush-placeholder-width: 1024px; --smush-placeholder-aspect-ratio: 1024\/652;\" \/><figcaption class=\"wp-element-caption\">Dream Rev Up Festival (mat. prasowe)<\/figcaption><\/figure>\n\n\n\n<p>Wydarzenie odb\u0119dzie si\u0119 w weekend 7-8 czerwca. Zaplanowano w\u00f3wczas szereg atrakcji na czele z wystaw\u0105 pojazd\u00f3w tuningowanych ze sceny europejskiej. Co jeszcze? Pokaz aut tuningowanych, oldtimer\u00f3w i samochod\u00f3w znanych ze \u015bwiata motoryzacji. Na terenie WORD b\u0119dzie mo\u017cna zobaczy\u0107 tak\u017ce najbardziej medialne pojazdy globu!<\/p>\n\n\n\n<p>Organizatorzy zadbali r\u00f3wnie\u017c o pokazy driftu i stuntu oraz prezentacj\u0119 samochod\u00f3w sportowych BMW. Przewidzieli symulator jazdy na jednym kole wheelie i symulatory moto VR. Na fan\u00f3w motoryzacji czeka\u0107 b\u0119d\u0105 te\u017c flippery i automaty retro, loty helikopterem, a strefie bezpiecze\u0144stwa: symulator dachowania, alkogogle czy pit stop.<\/p>\n\n\n\n<figure class=\"wp-block-image size-large\"><img decoding=\"async\" width=\"1024\" height=\"935\" data-src=\"https:\/\/gazetaregionalna.com\/wp-content\/uploads\/2025\/06\/490888069_122153491640515552_3667288033562587802_n-1024x935.jpg\" alt=\"\" class=\"wp-image-137791 lazyload\" data-srcset=\"https:\/\/gazetaregionalna.com\/wp-content\/uploads\/2025\/06\/490888069_122153491640515552_3667288033562587802_n-1024x935.jpg 1024w, https:\/\/gazetaregionalna.com\/wp-content\/uploads\/2025\/06\/490888069_122153491640515552_3667288033562587802_n-300x274.jpg 300w, https:\/\/gazetaregionalna.com\/wp-content\/uploads\/2025\/06\/490888069_122153491640515552_3667288033562587802_n-768x701.jpg 768w, https:\/\/gazetaregionalna.com\/wp-content\/uploads\/2025\/06\/490888069_122153491640515552_3667288033562587802_n.jpg 1200w\" data-sizes=\"(max-width: 1024px) 100vw, 1024px\" src=\"data:image\/svg+xml;base64,PHN2ZyB3aWR0aD0iMSIgaGVpZ2h0PSIxIiB4bWxucz0iaHR0cDovL3d3dy53My5vcmcvMjAwMC9zdmciPjwvc3ZnPg==\" style=\"--smush-placeholder-width: 1024px; --smush-placeholder-aspect-ratio: 1024\/935;\" \/><figcaption class=\"wp-element-caption\">Dream Rev Up Festival (mat. prasowe)<\/figcaption><\/figure>\n\n\n\n<p>Oczywi\u015bcie nie zabraknie r\u00f3wnie\u017c atrakcji dla najm\u0142odszych uczestnik\u00f3w Dream Rev Up Festival! Z my\u015bl\u0105 o nich stworzona zostanie strefa zabaw moto oraz autka akumulatorowe dla dzieci i autka RC. Odb\u0119d\u0105 si\u0119 te\u017c familijne konkursy oraz animacje o tematyce motoryzacyjnej. B\u0119d\u0105 tak\u017ce niespodzianki! <\/p>\n\n\n\n<p>W sobot\u0119, 7 czerwca wydarzenie b\u0119dzie czynne w godz. 12.00-22.00, a w niedziel\u0119, 8 czerwca &#8211; 10.00-16.00.<\/p>\n\n\n\n<figure class=\"wp-block-image size-large\"><img decoding=\"async\" width=\"1024\" height=\"695\" data-src=\"https:\/\/gazetaregionalna.com\/wp-content\/uploads\/2025\/06\/490357371_122152822580515552_141203567344866585_n-1024x695.jpg\" alt=\"\" class=\"wp-image-137795 lazyload\" data-srcset=\"https:\/\/gazetaregionalna.com\/wp-content\/uploads\/2025\/06\/490357371_122152822580515552_141203567344866585_n-1024x695.jpg 1024w, https:\/\/gazetaregionalna.com\/wp-content\/uploads\/2025\/06\/490357371_122152822580515552_141203567344866585_n-300x204.jpg 300w, https:\/\/gazetaregionalna.com\/wp-content\/uploads\/2025\/06\/490357371_122152822580515552_141203567344866585_n-768x521.jpg 768w, https:\/\/gazetaregionalna.com\/wp-content\/uploads\/2025\/06\/490357371_122152822580515552_141203567344866585_n.jpg 1200w\" data-sizes=\"(max-width: 1024px) 100vw, 1024px\" src=\"data:image\/svg+xml;base64,PHN2ZyB3aWR0aD0iMSIgaGVpZ2h0PSIxIiB4bWxucz0iaHR0cDovL3d3dy53My5vcmcvMjAwMC9zdmciPjwvc3ZnPg==\" style=\"--smush-placeholder-width: 1024px; --smush-placeholder-aspect-ratio: 1024\/695;\" \/><figcaption class=\"wp-element-caption\">Dream Rev Up Festival (mat. prasowe)<\/figcaption><\/figure>\n\n\n\n<p>Bilety dost\u0119pne s\u0105 w punktach <a href=\"https:\/\/www.facebook.com\/profile.php?id=100054517537803\" target=\"_blank\" rel=\"noopener\">Restauracja&amp;Puba Czeski Film <\/a>oraz online na stronie<a href=\"https:\/\/www.eventim.pl\/artist\/dream-rev-up-festival\/#calendar-start=2025-06\" target=\"_blank\" rel=\"noopener\"> eventim.<\/a> Normalne kosztuj\u0105 40 z\u0142, a dla uczni\u00f3w i student\u00f3w &#8211; 20 z\u0142.<\/p>\n\n\n\n<p>Wydarzenie odb\u0119dzie si\u0119 pod honorowym patronatem Marsza\u0142ka Wojew\u00f3dztwa \u015al\u0105skiego Wojciecha Sa\u0142ugi.<\/p>\n\n\n\n<p>Szczeg\u00f3\u0142y warto \u015bledzi\u0107 na Facebooku: <a href=\"https:\/\/www.facebook.com\/Dreamrevup\" target=\"_blank\" rel=\"noopener\">www.facebook.com\/Dreamrevup<\/a><\/p>\n\n\n\n<figure class=\"wp-block-image size-large\"><img decoding=\"async\" width=\"1024\" height=\"768\" data-src=\"https:\/\/gazetaregionalna.com\/wp-content\/uploads\/2025\/06\/489821105_122152822544515552_4644984013624117931_n-1024x768.jpg\" alt=\"\" class=\"wp-image-137793 lazyload\" data-srcset=\"https:\/\/gazetaregionalna.com\/wp-content\/uploads\/2025\/06\/489821105_122152822544515552_4644984013624117931_n-1024x768.jpg 1024w, https:\/\/gazetaregionalna.com\/wp-content\/uploads\/2025\/06\/489821105_122152822544515552_4644984013624117931_n-300x225.jpg 300w, https:\/\/gazetaregionalna.com\/wp-content\/uploads\/2025\/06\/489821105_122152822544515552_4644984013624117931_n-768x576.jpg 768w, https:\/\/gazetaregionalna.com\/wp-content\/uploads\/2025\/06\/489821105_122152822544515552_4644984013624117931_n.jpg 1200w\" data-sizes=\"(max-width: 1024px) 100vw, 1024px\" src=\"data:image\/svg+xml;base64,PHN2ZyB3aWR0aD0iMSIgaGVpZ2h0PSIxIiB4bWxucz0iaHR0cDovL3d3dy53My5vcmcvMjAwMC9zdmciPjwvc3ZnPg==\" style=\"--smush-placeholder-width: 1024px; --smush-placeholder-aspect-ratio: 1024\/768;\" \/><figcaption class=\"wp-element-caption\">Dream Rev Up Festival (mat. prasowe)<\/figcaption><\/figure>\n\n\n\n<h3 class=\"wp-block-heading\">Wygraj zaproszenie na Dream Rev Up Festival!<\/h3>\n\n\n\n<p>Mamy dla czytelnik\u00f3w cztery pojedyncze bilety na Dream Rev Up Festiva. By wygra\u0107 jeden z nich nale\u017cy odpowiedzie\u0107 na poni\u017csze pytanie (uzasadniaj\u0105c odpowied\u017a):<\/p>\n\n\n\n<p><strong>Gdyby\u015b mog\u0142a\/m\u00f3g\u0142 wybra\u0107 wymarzony samoch\u00f3d, jaki by\u0142by to model (i dlaczego w\u0142a\u015bnie ten)?<\/strong><\/p>\n\n\n\n<p>Odpowied\u017a nale\u017cy wys\u0142a\u0107 mailowo na adres <strong>konkursy@gazetaregionalna.com<\/strong>, w tytule podaj\u0105c \u201eDream Rev Up Festival\u201d, a w tre\u015bci tak\u017ce swoje imi\u0119 i nazwisko. <strong>Zadanie nale\u017cy wykona\u0107 w terminie od 3 czerwca od godz. 14.00 do 4 czerwca do godz. 18.00.<\/strong><\/p>\n\n\n\n<figure class=\"wp-block-image size-large\"><img decoding=\"async\" width=\"1024\" height=\"683\" data-src=\"https:\/\/gazetaregionalna.com\/wp-content\/uploads\/2025\/06\/490055605_122153138078515552_4452998701112452775_n-1024x683.jpg\" alt=\"\" class=\"wp-image-137799 lazyload\" data-srcset=\"https:\/\/gazetaregionalna.com\/wp-content\/uploads\/2025\/06\/490055605_122153138078515552_4452998701112452775_n-1024x683.jpg 1024w, https:\/\/gazetaregionalna.com\/wp-content\/uploads\/2025\/06\/490055605_122153138078515552_4452998701112452775_n-300x200.jpg 300w, https:\/\/gazetaregionalna.com\/wp-content\/uploads\/2025\/06\/490055605_122153138078515552_4452998701112452775_n-768x512.jpg 768w, https:\/\/gazetaregionalna.com\/wp-content\/uploads\/2025\/06\/490055605_122153138078515552_4452998701112452775_n.jpg 1200w\" data-sizes=\"(max-width: 1024px) 100vw, 1024px\" src=\"data:image\/svg+xml;base64,PHN2ZyB3aWR0aD0iMSIgaGVpZ2h0PSIxIiB4bWxucz0iaHR0cDovL3d3dy53My5vcmcvMjAwMC9zdmciPjwvc3ZnPg==\" style=\"--smush-placeholder-width: 1024px; --smush-placeholder-aspect-ratio: 1024\/683;\" \/><figcaption class=\"wp-element-caption\">Dream Rev Up Festival (mat. prasowe)<\/figcaption><\/figure>\n\n\n\n<h4 class=\"wp-block-heading\">Regulamin konkursu \u201cDream Rev Up Festival&#8221;<\/h4>\n\n\n\n<p><strong>\u00a7 1. POSTANOWIENIA OG\u00d3LNE<\/strong><\/p>\n\n\n\n<p>1. Organizatorem konkurs\u00f3w jest GazetaRegionalna.com (zwana dalej \u201eOrganizatorem\u201d).<br>2. Fundatorem nagrody jest Firma Manager.<br>3. Niniejszy regulamin (dalej \u201eRegulamin\u201d) stanowi podstaw\u0119 organizacji oraz okre\u015bla warunki Konkursu.<br>4. Konkurs nie jest stworzony, administrowany, wspierany ani sponsorowany przez Facebook.<br>5. Konkurs jest prowadzony na stronie <a href=\"https:\/\/www.gazetaregionalna.com\">www.gazetaregionalna.com<\/a>.<\/p>\n\n\n\n<p>6. Administratorem danych osobowych udost\u0119pnianych przez Uczestnik\u00f3w Konkursu jest Organizator. Podanie danych osobowych ma charakter dowolny, lecz niezb\u0119dny do przyst\u0105pienia przez Uczestnika do Konkursu. Osobom udost\u0119pniaj\u0105cym dane przys\u0142uguje prawo dost\u0119pu do tych danych, ich zmian b\u0105d\u017a usuni\u0119cia.<\/p>\n\n\n\n<p><strong>\u00a7 2. MIEJSCE, CZAS I ZASADY KONKURSU<\/strong><\/p>\n\n\n\n<p>1. Konkurs jest dost\u0119pny w formie tekstu konkursowego na portalu organizatora gazetaregionalna.com<strong>. Konkurs trwa od 3 czerwca 2025 r. od godz. 14.00 do 4 czerwca 2025 r. do godz. 18.00.<\/strong> W wyj\u0105tkowych sytuacjach Organizator konkursu mo\u017ce przed\u0142u\u017cy\u0107 lub przerwa\u0107 trwanie konkursu, w\u00a0okre\u015blonym przez siebie zakresie, o czym poinformuje uczestnik\u00f3w konkursu na profilu wskazanym w \u00a71 pkt.6 Regulaminu.<\/p>\n\n\n\n<p><strong>\u00a7 3. UCZESTNICY KONKURSU<\/strong><\/p>\n\n\n\n<p>Uczestnikami Konkursu mog\u0105 by\u0107 wy\u0142\u0105cznie osoby fizyczne, konsumenci w rozumieniu art. 221 kodeksu cywilnego, posiadaj\u0105ce pe\u0142n\u0105 zdolno\u015bci do czynno\u015bci prawnych, kt\u00f3re zaakceptowa\u0142y niniejszy Regulamin (dalej: \u201eUczestnik\u201d).<\/p>\n\n\n\n<p>Uczestnik o\u015bwiadcza, \u017ce:a. jest osob\u0105 fizyczn\u0105, posiadaj\u0105c\u0105 pe\u0142n\u0105 zdolno\u015b\u0107 do czynno\u015bci prawnych;b. jest osob\u0105 pe\u0142noletni\u0105;c. zapozna\u0142 si\u0119 z tre\u015bci\u0105 niniejszego Regulaminu i w spos\u00f3b dobrowolny przyst\u0119puje do Konkursu;d. wyra\u017ca zgod\u0119 i akceptuje warunki Regulaminu, w tym zapozna\u0142 si\u0119 z tre\u015bci\u0105 dotycz\u0105c\u0105 procedury odbioru nagrody i j\u0105 w pe\u0142ni akceptuje;e. zobowi\u0105zuje si\u0119 do przestrzegania postanowie\u0144 Regulaminu;f. wyrazi\u0142 zgod\u0119 na przetwarzanie danych osobowych dla cel\u00f3w zwi\u0105zanych z uczestnictwem w Konkursie;<\/p>\n\n\n\n<p>Uczestnik zobowi\u0105zuje si\u0119 do przestrzegania okre\u015blonych w Regulaminie zasad, jak r\u00f3wnie\u017c potwierdza, i\u017c spe\u0142nia wszystkie warunki, kt\u00f3re uprawniaj\u0105 go do udzia\u0142u w Konkursie.4. W Konkursie nie mog\u0105 uczestniczy\u0107 pracownicy i wsp\u00f3\u0142pracownicy Organizatora.<\/p>\n\n\n\n<p><strong>\u00a7 4. NAGRODA<\/strong><\/p>\n\n\n\n<p><strong>1. Nagrod\u0105 w Konkursie s\u0105 cztery pojedyncze bilety dla czterech os\u00f3b wy\u0142onionych w\u00a0spos\u00f3b wskazany w \u00a76.<\/strong><\/p>\n\n\n\n<p>Informacja o Nagrodzie b\u0119dzie zawarta w tre\u015bci og\u0142oszenia o Konkursie opublikowanego na stronie gazetaregionalna.com.<\/p>\n\n\n\n<p>3.Laureatowi nie przys\u0142uguje prawo wymiany Nagrody na got\u00f3wk\u0119 ani nagrod\u0119 innego rodzaju.<\/p>\n\n\n\n<p>.4. Zwyci\u0119zca mo\u017ce zrzec si\u0119 Nagrody, ale w zamian nie przys\u0142uguje mu ekwiwalent pieni\u0119\u017cny ani jakakolwiek inna nagroda.<\/p>\n\n\n\n<p><strong>\u00a7 5. ZASADY UCZESTNICTWA W KONKURSIE<\/strong><\/p>\n\n\n\n<p><strong>1. Zadaniem Uczestnika Konkursu jest:<\/strong>odpowied\u017a na zadanie\/pytanie konkursowe przedstawione na stronie gazetaregionalna.com. Jest ono nast\u0119puj\u0105ce:<strong> <strong>Gdyby\u015b mog\u0142a\/m\u00f3g\u0142 wybra\u0107 wymarzony samoch\u00f3d, jaki by\u0142by to model (i dlaczego w\u0142a\u015bnie ten)?<\/strong><\/strong><\/p>\n\n\n\n<p>Odpowied\u017a nale\u017cy wys\u0142a\u0107 mailowo na adres <a href=\"mailto:konkursy@gazetaregionalna.com\">konkursy@gazetaregionalna.com<\/a>, w tytule podaj\u0105c &#8222;Dream Rev Up Festival&#8221; oraz imi\u0119 i nazwisko.<\/p>\n\n\n\n<p>Zadanie nale\u017cy wykona\u0107 w terminie <strong>od 3 czerwca od godz. 14.00 do 4 czerwca do godz. 18.00.<\/strong>1. Warunkiem uczestnictwa w Konkursie jest poprawne wykonanie wszystkich zada\u0144 opisanych w \u00a7 5. ust. 1 Regulaminu.<\/p>\n\n\n\n<p>2.O przyznaniu nagrody decyduje Organizator w drodze analizy poprawno\u015bci wykonania zada\u0144 opisanych w \u00a7 5. ust. 1 Regulaminu przez Uczestnik\u00f3w Konkursu.<\/p>\n\n\n\n<p><strong>3. Spo\u015br\u00f3d nades\u0142anych odpowiedzi Organizator wy\u0142oni czterech zwyci\u0119zc\u00f3w.<\/strong><\/p>\n\n\n\n<p><strong>4. Zwyci\u0119zca Konkursu zostanie powiadomiony o wygranej i o formie jej odbioru w wiadomo\u015bci mailowej wys\u0142anej z adresu <a href=\"mailto:konkursy@gazetaregionalna.com\">konkursy@gazetaregionalna.com<\/a> najp\u00f3\u017aniej do 5 czerwca do godz. 22.<\/strong> <strong>Uwaga: obowi\u0105zuje osobisty odbi\u00f3r nagrody w redakcji &#8222;Gazety Regionalnej&#8221;<\/strong> <strong>w Cz\u0119stochowie.<\/strong><\/p>\n\n\n\n<p><strong>\u00a7 7. ZAKRES ODPOWIEDZIALNO\u015aCI ORGANIZATORA<\/strong><\/p>\n\n\n\n<p>1.Organizator nie ponosi odpowiedzialno\u015bci za rzetelno\u015b\u0107 i prawdziwo\u015b\u0107 danych Uczestnik\u00f3w Konkursu, w tym za brak mo\u017cliwo\u015bci przekazania nagr\u00f3d, z przyczyny le\u017c\u0105cych po stronie Uczestnika, w szczeg\u00f3lno\u015bci, je\u015bli ten nie poda\u0142 prawdziwego adresu do korespondencji lub podane dane s\u0105 niepe\u0142ne lub nieaktualne.<\/p>\n\n\n\n<p>2. Organizator o\u015bwiadcza, \u017ce nie prowadzi kontroli, ani monitoringu tre\u015bci umieszczanych przez Uczestnik\u00f3w w zakresie rzetelno\u015bci i prawdziwo\u015bci, z zastrze\u017ceniem dzia\u0142a\u0144 zwi\u0105zanych z usuni\u0119ciem narusze\u0144 Regulaminu lub przepis\u00f3w powszechnie obowi\u0105zuj\u0105cych.<\/p>\n\n\n\n<p>3.Organizator zastrzega sobie prawo do wykluczenia z udzia\u0142u w Konkursie Uczestnik\u00f3w, kt\u00f3rych dzia\u0142ania s\u0105 sprzeczne z prawem lub Regulaminem.<\/p>\n\n\n\n<p>4.Organizator nie ponosi odpowiedzialno\u015bci za jakiekolwiek zak\u0142\u00f3cenia w dzia\u0142aniu \u0142\u0105cz teleinformatycznych, serwer\u00f3w, interfejs\u00f3w oraz przegl\u0105darek.<\/p>\n\n\n\n<p><strong>\u00a7 8. PRZETWARZANIE DANYCH OSOBOWYCH<\/strong><\/p>\n\n\n\n<p>1.Dane osobowe Uczestnik\u00f3w Konkursu b\u0119d\u0105 przetwarzane przez Organizatora wy\u0142\u0105cznie w celu dokonania czynno\u015bci niezb\u0119dnych do prawid\u0142owego przeprowadzenia Konkursu.<\/p>\n\n\n\n<p>2.Dane osobowe Uczestnik\u00f3w Konkursu b\u0119d\u0105 przechowywane przez Organizatora tylko przez okres niezb\u0119dny do przeprowadzenia Konkursu i wydania nagr\u00f3d wyr\u00f3\u017cnionym Uczestnikom.<\/p>\n\n\n\n<p>3. Uczestnicy maj\u0105 prawo wgl\u0105du do przetwarzanych danych i ich poprawiania oraz usuwania. Dane s\u0105 podawane na zasadach dobrowolno\u015bci.<\/p>\n\n\n\n<p>4.W momencie usuni\u0119cia danych U\u017cytkownik traci mo\u017cliwo\u015b\u0107 Uczestnictwa w Konkursie.<\/p>\n\n\n\n<p><strong>\u00a7 9. PRAWA AUTORSKIE<\/strong><\/p>\n\n\n\n<p>1.Wszelkie prawa w\u0142asno\u015bci intelektualnej do Konkursu przys\u0142uguj\u0105 Organizatorowi. Uczestnictwo w Konkursie nie skutkuje w \u017cadnym zakresie nabyciem przez Uczestnik\u00f3w jakichkolwiek praw w\u0142asno\u015bci intelektualnej. Zabronione jest naruszanie w jakikolwiek spos\u00f3b praw w\u0142asno\u015bci intelektualnej w Konkursie, w szczeg\u00f3lno\u015bci:a) kopiowanie, modyfikowanie oraz transmitowanie elektronicznie lub rozpowszechnianie w inny spos\u00f3b mechanizmu Konkursu lub jego cz\u0119\u015bci, a tak\u017ce poszczeg\u00f3lnych utwor\u00f3w i baz danych, bez wyra\u017anej pisemnej zgody Administratora;b) korzystanie z Konkursu w spos\u00f3b niezgodny z Regulaminem lub powszechnie obowi\u0105zuj\u0105cymi przepisami.<\/p>\n\n\n\n<p><strong>\u00a7 10. REKLAMACJE I ZG\u0141OSZENIA NARUSZE\u0143<\/strong><\/p>\n\n\n\n<ol class=\"wp-block-list\">\n<li>Wszelkie reklamacje dotycz\u0105ce sposobu przeprowadzania Konkursu, Uczestnicy winni zg\u0142asza\u0107 na pi\u015bmie w czasie trwania Konkursu, jednak nie p\u00f3\u017aniej ni\u017c w terminie 7 (siedmiu) dni od dnia wydania Nagr\u00f3d.<\/li>\n\n\n\n<li>Reklamacja zg\u0142oszona po wyznaczonym terminie nie wywo\u0142uje skutk\u00f3w prawnych.<\/li>\n\n\n\n<li>Pisemna reklamacja powinna zawiera\u0107 imi\u0119, nazwisko, dok\u0142adny adres Uczestnika oraz dok\u0142adny opis i uzasadnienie reklamacji.<\/li>\n\n\n\n<li><strong>Reklamacja powinna by\u0107 przes\u0142ana listem poleconym na adres Organizatora z dopiskiem \u201eKonkurs z dnia 3 czerwca 2025 r.\u201d.<\/strong><\/li>\n\n\n\n<li>Reklamacje rozpatrywane b\u0119d\u0105 pisemnie w terminie 30 dni.<\/li>\n<\/ol>\n\n\n\n<ol class=\"wp-block-list\">\n<li><strong>\u00a7 11. POSTANOWIENIA KO\u0143COWE<\/strong><\/li>\n\n\n\n<li>Regulamin wchodzi w \u017cycie z dniem 3 czerwca 2025 r. i obowi\u0105zuje do 4 czerwca 2025 r.<\/li>\n\n\n\n<li>W kwestiach nieuregulowanych niniejszym Regulaminem stosuje si\u0119 przepisy Kodeksu cywilnego i inne przepisy prawa.Spory odnosz\u0105ce si\u0119 i wynikaj\u0105ce z Konkursu b\u0119d\u0105 rozwi\u0105zywane przez s\u0105d powszechny w\u0142a\u015bciwy miejscowo dla siedziby Organizatora.Organizator zastrzega sobie prawo do zmiany zasad Konkursu w trakcie jego trwania. Informacja o zmianach b\u0119dzie zamieszczona na stronie gazetaregionalna.com.<\/li>\n<\/ol>\n\n\n\n<p>Zwyci\u0119zcy Konkursu zostan\u0105 powiadomieni o wygranej i o formie jej odbioru w wiadomo\u015bci mailowej wys\u0142anej najp\u00f3\u017aniej do 5 maja do godz. 22. <strong>Uwaga: obowi\u0105zuje osobisty odbi\u00f3r nagrody w redakcji &#8222;Gazety Regionalnej&#8221;<\/strong> <strong>w Cz\u0119stochowie.<\/strong><\/p>\n","protected":false},"excerpt":{"rendered":"<p>Takiego wydarzenia motoryzacyjnego jeszcze nie by\u0142o! 7 i 8 czerwca na terenie WORD Cz\u0119stochowa odb\u0119dzie si\u0119 Dream Rev Up Festival. Za wsp\u00f3\u0142organizacj\u0119 projektu odpowiada<\/p>\n","protected":false},"author":11,"featured_media":137789,"comment_status":"closed","ping_status":"open","sticky":false,"template":"","format":"standard","meta":{"_monsterinsights_skip_tracking":false,"_monsterinsights_sitenote_active":false,"_monsterinsights_sitenote_note":"","_monsterinsights_sitenote_category":0,"_uf_show_specific_survey":0,"_uf_disable_surveys":false,"footnotes":""},"categories":[3,12,18,94,2],"tags":[144,9884,89,9885,5793,4093],"class_list":["post-137782","post","type-post","status-publish","format-standard","has-post-thumbnail","hentry","category-czestochowa-informacje","category-kultura-i-rozrywka","category-motoryzacja","category-polecane","category-wiadomosci","tag-czestochowa","tag-dream-rev-up-festival","tag-konkurs","tag-manager","tag-motoryzacja","tag-word-czestochowa"],"_links":{"self":[{"href":"https:\/\/gazetaregionalna.com\/index.php?rest_route=\/wp\/v2\/posts\/137782","targetHints":{"allow":["GET"]}}],"collection":[{"href":"https:\/\/gazetaregionalna.com\/index.php?rest_route=\/wp\/v2\/posts"}],"about":[{"href":"https:\/\/gazetaregionalna.com\/index.php?rest_route=\/wp\/v2\/types\/post"}],"author":[{"embeddable":true,"href":"https:\/\/gazetaregionalna.com\/index.php?rest_route=\/wp\/v2\/users\/11"}],"replies":[{"embeddable":true,"href":"https:\/\/gazetaregionalna.com\/index.php?rest_route=%2Fwp%2Fv2%2Fcomments&post=137782"}],"version-history":[{"count":2,"href":"https:\/\/gazetaregionalna.com\/index.php?rest_route=\/wp\/v2\/posts\/137782\/revisions"}],"predecessor-version":[{"id":137800,"href":"https:\/\/gazetaregionalna.com\/index.php?rest_route=\/wp\/v2\/posts\/137782\/revisions\/137800"}],"wp:featuredmedia":[{"embeddable":true,"href":"https:\/\/gazetaregionalna.com\/index.php?rest_route=\/wp\/v2\/media\/137789"}],"wp:attachment":[{"href":"https:\/\/gazetaregionalna.com\/index.php?rest_route=%2Fwp%2Fv2%2Fmedia&parent=137782"}],"wp:term":[{"taxonomy":"category","embeddable":true,"href":"https:\/\/gazetaregionalna.com\/index.php?rest_route=%2Fwp%2Fv2%2Fcategories&post=137782"},{"taxonomy":"post_tag","embeddable":true,"href":"https:\/\/gazetaregionalna.com\/index.php?rest_route=%2Fwp%2Fv2%2Ftags&post=137782"}],"curies":[{"name":"wp","href":"https:\/\/api.w.org\/{rel}","templated":true}]}}