{"id":137773,"date":"2025-06-03T06:43:40","date_gmt":"2025-06-03T06:43:40","guid":{"rendered":"https:\/\/gazetaregionalna.com\/?p=137773"},"modified":"2025-06-03T06:43:42","modified_gmt":"2025-06-03T06:43:42","slug":"czestochowscy-straznicy-miejscy-dzieki-informacjom-od-motorniczego-z-mpk-uwolnili-sarenke-ktora-wpadla-w-ogrodzenie","status":"publish","type":"post","link":"https:\/\/gazetaregionalna.com\/?p=137773","title":{"rendered":"Cz\u0119stochowscy stra\u017cnicy miejscy dzi\u0119ki informacjom od motorniczego z MPK uwolnili sarenk\u0119, kt\u00f3ra wpad\u0142a w ogrodzenie"},"content":{"rendered":"\n<p>W poniedzia\u0142kow\u0105 noc dy\u017curny Stra\u017cy Miejskiej w Cz\u0119stochowie odebra\u0142 telefoniczne zg\u0142oszenie o sarnie zakleszczonej w ogrodzeniu. Stra\u017cnicy miejscy pojechali na pomoc i uwolnili m\u0142od\u0105 sarenk\u0119, kt\u00f3rej g\u0142owa ugrz\u0119z\u0142a w metalowym ogrodzeniu\u2026<\/p>\n\n\n\n<p>Do nietypowej interwencji dosz\u0142o w poniedzia\u0142ek ok. godz. 04:33. Dy\u017curny cz\u0119stochowskiej Stra\u017cy Miejskiej odebra\u0142 telefoniczne zg\u0142oszenie od motorniczego MPK Cz\u0119stochowa, \u017ce w jednym z prz\u0119se\u0142 ogrodzeniowych przy ul. Limanowskiego uwi\u0119ziona jest ma\u0142a sarenka, kt\u00f3ra ugrz\u0119z\u0142a g\u0142ow\u0105 mi\u0119dzy pr\u0119tami ogrodzenia. Powiadomiony nocny patrol Stra\u017cy Miejskiej potwierdzi\u0142 zg\u0142oszenie i natychmiast podj\u0105\u0142 dzia\u0142ania w celu uwolnienia sarenki. Stra\u017cnicy miejscy sami uwolnili sarenk\u0119 i oby\u0142o si\u0119 bez wzywania na pomoc Stra\u017cy Po\u017carnej\u2026<\/p>\n\n\n\n<p>Du\u017ce brawa nale\u017c\u0105 si\u0119 pracownikowi MPK w Cz\u0119stochowie, kt\u00f3ry natychmiast powiadomi\u0142 Stra\u017c Miejsk\u0105 o sytuacji.<\/p>\n\n\n\n<p>Zdj\u0119cie pogl\u0105dowe wygenerowane przez Al (Canva)<\/p>\n\n\n\n<p>\u0179r\u00f3d\u0142o: www.sm.czestochowa.pl<\/p>\n","protected":false},"excerpt":{"rendered":"<p>W poniedzia\u0142kow\u0105 noc dy\u017curny Stra\u017cy Miejskiej w Cz\u0119stochowie odebra\u0142 telefoniczne zg\u0142oszenie o sarnie zakleszczonej w ogrodzeniu. Stra\u017cnicy miejscy pojechali na pomoc i uwolnili m\u0142od\u0105<\/p>\n","protected":false},"author":25,"featured_media":137774,"comment_status":"closed","ping_status":"open","sticky":false,"template":"","format":"standard","meta":{"_monsterinsights_skip_tracking":false,"_monsterinsights_sitenote_active":false,"_monsterinsights_sitenote_note":"","_monsterinsights_sitenote_category":0,"_uf_show_specific_survey":0,"_uf_disable_surveys":false,"footnotes":""},"categories":[2,3],"tags":[],"class_list":["post-137773","post","type-post","status-publish","format-standard","has-post-thumbnail","hentry","category-wiadomosci","category-czestochowa-informacje"],"_links":{"self":[{"href":"https:\/\/gazetaregionalna.com\/index.php?rest_route=\/wp\/v2\/posts\/137773","targetHints":{"allow":["GET"]}}],"collection":[{"href":"https:\/\/gazetaregionalna.com\/index.php?rest_route=\/wp\/v2\/posts"}],"about":[{"href":"https:\/\/gazetaregionalna.com\/index.php?rest_route=\/wp\/v2\/types\/post"}],"author":[{"embeddable":true,"href":"https:\/\/gazetaregionalna.com\/index.php?rest_route=\/wp\/v2\/users\/25"}],"replies":[{"embeddable":true,"href":"https:\/\/gazetaregionalna.com\/index.php?rest_route=%2Fwp%2Fv2%2Fcomments&post=137773"}],"version-history":[{"count":1,"href":"https:\/\/gazetaregionalna.com\/index.php?rest_route=\/wp\/v2\/posts\/137773\/revisions"}],"predecessor-version":[{"id":137775,"href":"https:\/\/gazetaregionalna.com\/index.php?rest_route=\/wp\/v2\/posts\/137773\/revisions\/137775"}],"wp:featuredmedia":[{"embeddable":true,"href":"https:\/\/gazetaregionalna.com\/index.php?rest_route=\/wp\/v2\/media\/137774"}],"wp:attachment":[{"href":"https:\/\/gazetaregionalna.com\/index.php?rest_route=%2Fwp%2Fv2%2Fmedia&parent=137773"}],"wp:term":[{"taxonomy":"category","embeddable":true,"href":"https:\/\/gazetaregionalna.com\/index.php?rest_route=%2Fwp%2Fv2%2Fcategories&post=137773"},{"taxonomy":"post_tag","embeddable":true,"href":"https:\/\/gazetaregionalna.com\/index.php?rest_route=%2Fwp%2Fv2%2Ftags&post=137773"}],"curies":[{"name":"wp","href":"https:\/\/api.w.org\/{rel}","templated":true}]}}