{"id":137678,"date":"2025-05-29T04:29:00","date_gmt":"2025-05-29T04:29:00","guid":{"rendered":"https:\/\/gazetaregionalna.com\/?p=137678"},"modified":"2025-05-29T08:32:51","modified_gmt":"2025-05-29T08:32:51","slug":"letnie-zgrupowanie-rakowa-bedzie-w-arlamowie-i-w-holandii","status":"publish","type":"post","link":"https:\/\/gazetaregionalna.com\/?p=137678","title":{"rendered":"Letnie zgrupowanie Rakowa b\u0119dzie w Ar\u0142amowie i w Holandii"},"content":{"rendered":"\n<p>Znane s\u0105 plany na letni okres przygotowawczy pi\u0142karzy Rakowa Cz\u0119stochowa. Pi\u0142karze trenera Marka Papszuna b\u0119d\u0105 przygotowywa\u0107 si\u0119 w Ar\u0142amowie oraz wyjad\u0105 na seri\u0119 sparing\u00f3w do Holandii.<\/p>\n\n\n\n<p>Pi\u0142karze Rakowa Cz\u0119stochowa po meczu z Widzewem \u0141\u00f3d\u017a zako\u0144czyli sezon. Po odebraniu srebrnych medali wraz z dzia\u0142aczami i sponsorami spotkali si\u0119 na uroczystym bankiecie. Cho\u0107 przed pi\u0142karzami teraz zas\u0142u\u017cone urlopy to w Rakowie jest ju\u017c zaplanowany letni okres przygotowawczy. Rak\u00f3w po raz kolejny w letnim okresie przygotowawczym pojedzie na zgrupowanie do Ar\u0142amowa, gdzie mia\u0142 ju\u017c okazj\u0119 trenowa\u0107 w przesz\u0142o\u015bci. P\u00f3\u017aniej czerwono-niebiescy pojad\u0105 do Holandii, gdzie maj\u0105 rozegra\u0107 mecze sparingowe z mocnymi, zagranicznymi dru\u017cynami. Plany zdradzi\u0142 trener Marek Papszun na ostatniej konferencji prasowej po meczu z Widzewem \u0141\u00f3d\u017a.<\/p>\n\n\n\n<p>&#8211; Zgrupowanie na pewno b\u0119dzie w Ar\u0142amowie &#8211; m\u00f3wi trener Rakowa Marek Papszun. &#8211; A p\u00f3\u017aniej prosto polecimy na 3 sparingi z mocnymi rywalami. Bo historycznie na pewno pami\u0119tacie, \u017ce ja zawsze zabiega\u0142em o takie mecze, \u017ceby gra\u0107 z tymi rywalami bardzo mocnymi. Bo to bardzo rozwija i te mecze s\u0105 bardzo warto\u015bciowe. I tak te\u017c uczynimy. Wiemy, \u017ce b\u0119dziemy gra\u0107 w eliminacjach do Ligi Konferencji. To te\u017c b\u0119dzie du\u017ce wyzwanie. Bo zaczynamy od 2. rundy. Trzeba b\u0119dzie pokona\u0107 3 przeciwnik\u00f3w. Ale fajnie. Ja si\u0119 bardzo ciesz\u0119, \u017ce awansowali\u015bmy do puchar\u00f3w i b\u0119dziemy walczy\u0107 o to, aby wej\u015b\u0107 do grupy.<\/p>\n\n\n\n<p>Na pierwszym treningu pi\u0142karze Rakowa spotkaj\u0105 si\u0119 19 czerwca. 28 czerwca rozegraj\u0105 1 z 5 sparing\u00f3w. Rywalem b\u0119dzie Bruk-Bet Termalica Nieciecza. Od 30 czerwca do 7 lipca czerwono-niebiescy b\u0119d\u0105 przebywa\u0107 w Ar\u0142amowie. 5 lipca rozegraj\u0105 drugi sparing z dru\u017cyn\u0105 ze S\u0142owacji (FK \u017deleziarne Podbrezov\u00e1) 7 lipca wylec\u0105 do Holandii, gdzie rozegraj\u0105 3 sparingi. Jednym z rywali bezie wicemistrz Belgii Club Brugge. 12 lipca wr\u00f3c\u0105 do Polski. Tydzie\u0144 p\u00f3\u017aniej rozpoczn\u0105 nowy sezon w PKO BP Ekstraklasie.<\/p>\n\n\n\n<p>AK, fot: AK<\/p>\n","protected":false},"excerpt":{"rendered":"<p>Znane s\u0105 plany na letni okres przygotowawczy pi\u0142karzy Rakowa Cz\u0119stochowa. Pi\u0142karze trenera Marka Papszuna b\u0119d\u0105 przygotowywa\u0107 si\u0119 w Ar\u0142amowie oraz wyjad\u0105 na seri\u0119 sparing\u00f3w<\/p>\n","protected":false},"author":25,"featured_media":136527,"comment_status":"closed","ping_status":"open","sticky":false,"template":"","format":"standard","meta":{"_monsterinsights_skip_tracking":false,"_monsterinsights_sitenote_active":false,"_monsterinsights_sitenote_note":"","_monsterinsights_sitenote_category":0,"_uf_show_specific_survey":0,"_uf_disable_surveys":false,"footnotes":""},"categories":[94,6,5],"tags":[],"class_list":["post-137678","post","type-post","status-publish","format-standard","has-post-thumbnail","hentry","category-polecane","category-pilka-nozna","category-sport"],"_links":{"self":[{"href":"https:\/\/gazetaregionalna.com\/index.php?rest_route=\/wp\/v2\/posts\/137678","targetHints":{"allow":["GET"]}}],"collection":[{"href":"https:\/\/gazetaregionalna.com\/index.php?rest_route=\/wp\/v2\/posts"}],"about":[{"href":"https:\/\/gazetaregionalna.com\/index.php?rest_route=\/wp\/v2\/types\/post"}],"author":[{"embeddable":true,"href":"https:\/\/gazetaregionalna.com\/index.php?rest_route=\/wp\/v2\/users\/25"}],"replies":[{"embeddable":true,"href":"https:\/\/gazetaregionalna.com\/index.php?rest_route=%2Fwp%2Fv2%2Fcomments&post=137678"}],"version-history":[{"count":1,"href":"https:\/\/gazetaregionalna.com\/index.php?rest_route=\/wp\/v2\/posts\/137678\/revisions"}],"predecessor-version":[{"id":137679,"href":"https:\/\/gazetaregionalna.com\/index.php?rest_route=\/wp\/v2\/posts\/137678\/revisions\/137679"}],"wp:featuredmedia":[{"embeddable":true,"href":"https:\/\/gazetaregionalna.com\/index.php?rest_route=\/wp\/v2\/media\/136527"}],"wp:attachment":[{"href":"https:\/\/gazetaregionalna.com\/index.php?rest_route=%2Fwp%2Fv2%2Fmedia&parent=137678"}],"wp:term":[{"taxonomy":"category","embeddable":true,"href":"https:\/\/gazetaregionalna.com\/index.php?rest_route=%2Fwp%2Fv2%2Fcategories&post=137678"},{"taxonomy":"post_tag","embeddable":true,"href":"https:\/\/gazetaregionalna.com\/index.php?rest_route=%2Fwp%2Fv2%2Ftags&post=137678"}],"curies":[{"name":"wp","href":"https:\/\/api.w.org\/{rel}","templated":true}]}}