{"id":137638,"date":"2025-05-28T21:08:25","date_gmt":"2025-05-28T21:08:25","guid":{"rendered":"https:\/\/gazetaregionalna.com\/?p=137638"},"modified":"2025-05-29T18:04:03","modified_gmt":"2025-05-29T18:04:03","slug":"adrianna-pala-powalczy-o-korone-miss-polonia","status":"publish","type":"post","link":"https:\/\/gazetaregionalna.com\/?p=137638","title":{"rendered":"Adrianna Pala z Kozieg\u0142\u00f3w powalczy o koron\u0119 Miss Polonia"},"content":{"rendered":"\n<h2 class=\"wp-block-heading\">Pochodz\u0105ca z Kozieg\u0142\u00f3w (pow. myszkowski) Adrianna Pala jest tegoroczn\u0105 finalistk\u0105 Miss Polonia 2025. 22 czerwca zawalczy o tytu\u0142 najpi\u0119kniejszej Polki.<\/h2>\n\n\n\n<p>Adrianna Pala ma 25 lat. &#8211; Pochodz\u0119 z Kozieg\u0142\u00f3w \u2013 ma\u0142ego miasteczka na \u015al\u0105sku, kt\u00f3re liczy niespe\u0142na 2500 mieszka\u0144c\u00f3w. To w\u0142a\u015bnie st\u0105d wyruszy\u0142am w drog\u0119 po swoje marzenia &#8211; m\u00f3wi.<\/p>\n\n\n\n<p>Uko\u0144czy\u0142a psychologi\u0119 w biznesie w Wy\u017cszej Szkole Zarz\u0105dzania Ochron\u0105 Pracy w Katowicach, a tak\u017ce grafik\u0119 komputerow\u0105 i animacj\u0119 w Polsko-Japo\u0144skiej Akademii Technik Komputerowych w Warszawie. Od pi\u0119ciu lat pracuje jako grafik komputerowy. Obecnie tworzy projekty dla globalnego klienta, jakim jest Dell Technologies, w agencji HiFuture Consulting.<\/p>\n\n\n\n<figure class=\"wp-block-image size-large\"><img decoding=\"async\" width=\"827\" height=\"1024\" data-src=\"https:\/\/gazetaregionalna.com\/wp-content\/uploads\/2025\/05\/IMG_9389-827x1024.jpeg\" alt=\"\" class=\"wp-image-137641 lazyload\" data-srcset=\"https:\/\/gazetaregionalna.com\/wp-content\/uploads\/2025\/05\/IMG_9389-827x1024.jpeg 827w, https:\/\/gazetaregionalna.com\/wp-content\/uploads\/2025\/05\/IMG_9389-242x300.jpeg 242w, https:\/\/gazetaregionalna.com\/wp-content\/uploads\/2025\/05\/IMG_9389-768x951.jpeg 768w, https:\/\/gazetaregionalna.com\/wp-content\/uploads\/2025\/05\/IMG_9389.jpeg 1179w\" data-sizes=\"(max-width: 827px) 100vw, 827px\" src=\"data:image\/svg+xml;base64,PHN2ZyB3aWR0aD0iMSIgaGVpZ2h0PSIxIiB4bWxucz0iaHR0cDovL3d3dy53My5vcmcvMjAwMC9zdmciPjwvc3ZnPg==\" style=\"--smush-placeholder-width: 827px; --smush-placeholder-aspect-ratio: 827\/1024;\" \/><figcaption class=\"wp-element-caption\">archiwum Adrianny Pali<\/figcaption><\/figure>\n\n\n\n<p>-Zaw\u00f3d grafika to moja pasja, a nie tylko praca. Kocham to, co robi\u0119, i stale si\u0119 rozwijam \u2013 obecnie planuj\u0119 poszerzy\u0107 swoje kompetencje w obszarze UX i UI designu. Fascynuje mnie psychologia u\u017cytkownika, architektura informacji i to, jak dobrze zaprojektowany interfejs mo\u017ce zmienia\u0107 do\u015bwiadczenia ludzi w cyfrowym \u015bwiecie. Chc\u0119 tworzy\u0107 rozwi\u0105zania, kt\u00f3re nie tylko b\u0119d\u0105 pi\u0119kne, ale te\u017c funkcjonalne i intuicyjne &#8211; m\u00f3wi mieszkanka Kozieg\u0142\u00f3w.<\/p>\n\n\n\n<p>Prywatnie uwielbia sport i aktywny styl \u017cycia: zim\u0105 je\u017adzi na snowboardzie, latem p\u0142ywa na wakeboardzie. Praktykuje jog\u0119, ale &#8211; nie kryje &#8211; \u017ce ci\u0105gnie j\u0105 r\u00f3wnie\u017c do sport\u00f3w bardziej ekstremalnych \u2013 jak jazda na jet ski, quadach czy buggy. -Ruch daje mi energi\u0119, a adrenalina motywuje do przekraczania w\u0142asnych granic &#8211; zdradza.<\/p>\n\n\n\n<figure class=\"wp-block-image size-large\"><img decoding=\"async\" width=\"829\" height=\"1024\" data-src=\"https:\/\/gazetaregionalna.com\/wp-content\/uploads\/2025\/05\/IMG_9385-829x1024.jpeg\" alt=\"\" class=\"wp-image-137642 lazyload\" data-srcset=\"https:\/\/gazetaregionalna.com\/wp-content\/uploads\/2025\/05\/IMG_9385-829x1024.jpeg 829w, https:\/\/gazetaregionalna.com\/wp-content\/uploads\/2025\/05\/IMG_9385-243x300.jpeg 243w, https:\/\/gazetaregionalna.com\/wp-content\/uploads\/2025\/05\/IMG_9385-768x949.jpeg 768w, https:\/\/gazetaregionalna.com\/wp-content\/uploads\/2025\/05\/IMG_9385.jpeg 1179w\" data-sizes=\"(max-width: 829px) 100vw, 829px\" src=\"data:image\/svg+xml;base64,PHN2ZyB3aWR0aD0iMSIgaGVpZ2h0PSIxIiB4bWxucz0iaHR0cDovL3d3dy53My5vcmcvMjAwMC9zdmciPjwvc3ZnPg==\" style=\"--smush-placeholder-width: 829px; --smush-placeholder-aspect-ratio: 829\/1024;\" \/><figcaption class=\"wp-element-caption\">archiwum Adrianny Pali<\/figcaption><\/figure>\n\n\n\n<p>Dzia\u0142a r\u00f3wnie\u017c spo\u0142ecznie. Jest bowiem cz\u0142onkiem grupy motoryzacyjnej VIP GANG. &#8211; Wspieramy dzieci i osoby potrzebuj\u0105ce, bierzemy udzia\u0142 w zbi\u00f3rkach charytatywnych i pokazujemy nasze auta podczas wydarze\u0144. To spo\u0142eczno\u015b\u0107, kt\u00f3ra daje mi ogrom satysfakcji i poczucie, \u017ce mo\u017cna \u0142\u0105czy\u0107 pasj\u0119 z pomaganiem innym &#8211; podkre\u015bla Adrianna Pala.<\/p>\n\n\n\n<p>Teraz przed ni\u0105 kolejne wyzwanie. Niebawem powalczy o tytu\u0142 najpi\u0119kniejszej Polki. -Do konkursu Miss Polonia zg\u0142osi\u0142am si\u0119, \u017ceby pokaza\u0107 innym kobietom \u2013 zw\u0142aszcza tym z mniejszych miejscowo\u015bci \u2013 \u017ce absolutnie nic nas nie ogranicza w spe\u0142nianiu marze\u0144. Niezale\u017cnie od tego, sk\u0105d pochodzimy, mo\u017cemy osi\u0105ga\u0107 sukcesy \u2013 zawodowe, osobiste, spo\u0142eczne. Konkurs Miss Polonia to dla mnie wa\u017cny etap w \u017cyciu \u2013 szansa na rozw\u00f3j, na spotkanie inspiruj\u0105cych kobiet, ale te\u017c na prze\u0142amywanie w\u0142asnych barier i budowanie odwagi &#8211; wyja\u015bnia 25-latka.<\/p>\n\n\n\n<figure class=\"wp-block-image size-large\"><img decoding=\"async\" width=\"830\" height=\"1024\" data-src=\"https:\/\/gazetaregionalna.com\/wp-content\/uploads\/2025\/05\/IMG_9388-830x1024.jpeg\" alt=\"\" class=\"wp-image-137643 lazyload\" data-srcset=\"https:\/\/gazetaregionalna.com\/wp-content\/uploads\/2025\/05\/IMG_9388-830x1024.jpeg 830w, https:\/\/gazetaregionalna.com\/wp-content\/uploads\/2025\/05\/IMG_9388-243x300.jpeg 243w, https:\/\/gazetaregionalna.com\/wp-content\/uploads\/2025\/05\/IMG_9388-768x947.jpeg 768w, https:\/\/gazetaregionalna.com\/wp-content\/uploads\/2025\/05\/IMG_9388.jpeg 1179w\" data-sizes=\"(max-width: 830px) 100vw, 830px\" src=\"data:image\/svg+xml;base64,PHN2ZyB3aWR0aD0iMSIgaGVpZ2h0PSIxIiB4bWxucz0iaHR0cDovL3d3dy53My5vcmcvMjAwMC9zdmciPjwvc3ZnPg==\" style=\"--smush-placeholder-width: 830px; --smush-placeholder-aspect-ratio: 830\/1024;\" \/><figcaption class=\"wp-element-caption\">archiwum Adrianny Pali<\/figcaption><\/figure>\n\n\n\n<p>Ju\u017c 8 czerwca wyruszy na dwutygodniowe zgrupowanie w Zakopanem, a zaraz po nim \u2013 do Warszawy na wielki fina\u0142, kt\u00f3ry odb\u0119dzie si\u0119 22 czerwca. -Czuj\u0119 ogromn\u0105 wdzi\u0119czno\u015b\u0107, ekscytacj\u0119 i si\u0142\u0119. Bez wzgl\u0119du na wynik, wiem jedno: warto pr\u00f3bowa\u0107 i i\u015b\u0107 swoj\u0105 drog\u0105 \u2013 z sercem, pasj\u0105 i wiar\u0105 w siebie &#8211; zapewnia Pala.<\/p>\n\n\n\n<p>Trzymamy kciuki za mieszkank\u0119 naszego regionu!<\/p>\n\n\n\n<p><strong>red., fot. materia\u0142y Miss Polonia\/IGO-ART<\/strong><\/p>\n","protected":false},"excerpt":{"rendered":"<p>Pochodz\u0105ca z Kozieg\u0142\u00f3w (pow. myszkowski) Adrianna Pala jest tegoroczn\u0105 finalistk\u0105 Miss Polonia 2025. 22 czerwca zawalczy o tytu\u0142 najpi\u0119kniejszej Polki. Adrianna Pala ma 25<\/p>\n","protected":false},"author":11,"featured_media":137640,"comment_status":"closed","ping_status":"open","sticky":false,"template":"","format":"standard","meta":{"_monsterinsights_skip_tracking":false,"_monsterinsights_sitenote_active":false,"_monsterinsights_sitenote_note":"","_monsterinsights_sitenote_category":0,"_uf_show_specific_survey":0,"_uf_disable_surveys":false,"footnotes":""},"categories":[2,3,94],"tags":[9867,9868,83,9866],"class_list":["post-137638","post","type-post","status-publish","format-standard","has-post-thumbnail","hentry","category-wiadomosci","category-czestochowa-informacje","category-polecane","tag-adrianna-pala","tag-finalistka","tag-kozieglowy","tag-miss-polonia-2025"],"_links":{"self":[{"href":"https:\/\/gazetaregionalna.com\/index.php?rest_route=\/wp\/v2\/posts\/137638","targetHints":{"allow":["GET"]}}],"collection":[{"href":"https:\/\/gazetaregionalna.com\/index.php?rest_route=\/wp\/v2\/posts"}],"about":[{"href":"https:\/\/gazetaregionalna.com\/index.php?rest_route=\/wp\/v2\/types\/post"}],"author":[{"embeddable":true,"href":"https:\/\/gazetaregionalna.com\/index.php?rest_route=\/wp\/v2\/users\/11"}],"replies":[{"embeddable":true,"href":"https:\/\/gazetaregionalna.com\/index.php?rest_route=%2Fwp%2Fv2%2Fcomments&post=137638"}],"version-history":[{"count":3,"href":"https:\/\/gazetaregionalna.com\/index.php?rest_route=\/wp\/v2\/posts\/137638\/revisions"}],"predecessor-version":[{"id":137680,"href":"https:\/\/gazetaregionalna.com\/index.php?rest_route=\/wp\/v2\/posts\/137638\/revisions\/137680"}],"wp:featuredmedia":[{"embeddable":true,"href":"https:\/\/gazetaregionalna.com\/index.php?rest_route=\/wp\/v2\/media\/137640"}],"wp:attachment":[{"href":"https:\/\/gazetaregionalna.com\/index.php?rest_route=%2Fwp%2Fv2%2Fmedia&parent=137638"}],"wp:term":[{"taxonomy":"category","embeddable":true,"href":"https:\/\/gazetaregionalna.com\/index.php?rest_route=%2Fwp%2Fv2%2Fcategories&post=137638"},{"taxonomy":"post_tag","embeddable":true,"href":"https:\/\/gazetaregionalna.com\/index.php?rest_route=%2Fwp%2Fv2%2Ftags&post=137638"}],"curies":[{"name":"wp","href":"https:\/\/api.w.org\/{rel}","templated":true}]}}