{"id":137618,"date":"2025-05-28T10:04:43","date_gmt":"2025-05-28T10:04:43","guid":{"rendered":"https:\/\/gazetaregionalna.com\/?p=137618"},"modified":"2025-05-28T10:04:46","modified_gmt":"2025-05-28T10:04:46","slug":"norwid-2","status":"publish","type":"post","link":"https:\/\/gazetaregionalna.com\/?p=137618","title":{"rendered":"Nowy szkoleniowiec Norwida oficjalnie og\u0142oszony!"},"content":{"rendered":"\n<h3 class=\"wp-block-heading\"><strong>I sta\u0142o si\u0119! Po odej\u015bciu Cezara Douglasa Silvy ze Steam Hemarpol KS Norwid ca\u0142a siatkarska Cz\u0119stochowa zastanawia\u0142a si\u0119, kto zajmie jego miejsce.<\/strong><\/h3>\n\n\n\n<p>Klub kilka tygodni trzyma\u0142 kibic\u00f3w w niepewno\u015bci, a po cichu wymieniano jedno nazwisko&#8230;<\/p>\n\n\n\n<p>Dzi\u015b, 28 maja oficjalnie zosta\u0142o ono potwierdzone \u2013 nowym szkoleniowcem \u201eNorwidziak\u00f3w\u201d na sezon 2025\/2026 zosta\u0142 Guillermo Falasca!<\/p>\n\n\n\n<p>Kim on jest?<\/p>\n\n\n\n<p>Dla tych, kt\u00f3rzy dopiero zaczynaj\u0105 przygod\u0119 z siatk\u00f3wk\u0105, ju\u017c wyja\u015bniamy. To by\u0142y siatkarz reprezentacji Hiszpanii, z kt\u00f3r\u0105 rozegra\u0142 ponad 200 spotka\u0144 i z kt\u00f3r\u0105 w 2007 roku zdoby\u0142 Mistrzostwo Europy, jest tak\u017ce klubowym medalist\u0105 ligi hiszpa\u0144skiej, belgijskiej i w\u0142oskiej.<\/p>\n\n\n\n<p>W karierze trenerskiej za\u015b, w 2017 roku z kobiecym CV Alcobendas zdoby\u0142 br\u0105zowy medal w lidze hiszpa\u0144skiej, natomiast w 2022 roku prowadzony przez niego klub Narbonne Volley wywalczy\u0142 Puchar Challenge.<\/p>\n\n\n\n<p>Prywatnie, opr\u00f3cz siatk\u00f3wki jest r\u00f3wnie\u017c pasjonatem pi\u0142ki r\u0119cznej, a wolnych chwilach s\u0142ucha muzyki, g\u0142\u00f3wnie Bruce&#8217;a Springsteena.<\/p>\n\n\n\n<p>Z niecierpliwo\u015bci\u0105 czekamy na trenerski debiut Guillermo Falasca z cz\u0119stochowskim klubem, zw\u0142aszcza, \u017ce w pierwszym meczu sezonu 2025\/2026 (data nie jest jeszcze znana) <a href=\"https:\/\/www.facebook.com\/KsNorwidCzestochowa\" target=\"_blank\" rel=\"noopener\">Norwidowi<\/a> przyjdzie zmierzy\u0107 si\u0119 z mistrzem Polski, Bogdank\u0105 LUK Lublin.<\/p>\n\n\n\n<p>red.<\/p>\n\n\n\n<p>Czytaj tak\u017ce: <a href=\"https:\/\/gazetaregionalna.com\/frytka-off-19-lipca-w-czestochowie-mery-spolsky\/\">Frytka OFF 19 lipca w Cz\u0119stochowie. Znamy pierwsz\u0105 gwiazd\u0119. To Mery Spolsky<\/a><\/p>\n\n\n\n<p><\/p>\n","protected":false},"excerpt":{"rendered":"<p>I sta\u0142o si\u0119! Po odej\u015bciu Cezara Douglasa Silvy ze Steam Hemarpol KS Norwid ca\u0142a siatkarska Cz\u0119stochowa zastanawia\u0142a si\u0119, kto zajmie jego miejsce. Klub kilka<\/p>\n","protected":false},"author":5,"featured_media":137621,"comment_status":"closed","ping_status":"open","sticky":false,"template":"","format":"standard","meta":{"_monsterinsights_skip_tracking":false,"_monsterinsights_sitenote_active":false,"_monsterinsights_sitenote_note":"","_monsterinsights_sitenote_category":0,"_uf_show_specific_survey":0,"_uf_disable_surveys":false,"footnotes":""},"categories":[5,3,8],"tags":[9864,4851,409,9863],"class_list":["post-137618","post","type-post","status-publish","format-standard","has-post-thumbnail","hentry","category-sport","category-czestochowa-informacje","category-siatkowka","tag-klub-siatkarski","tag-klub-sportowy","tag-siatkowka","tag-steam-hemarpol-ks-norwid"],"_links":{"self":[{"href":"https:\/\/gazetaregionalna.com\/index.php?rest_route=\/wp\/v2\/posts\/137618","targetHints":{"allow":["GET"]}}],"collection":[{"href":"https:\/\/gazetaregionalna.com\/index.php?rest_route=\/wp\/v2\/posts"}],"about":[{"href":"https:\/\/gazetaregionalna.com\/index.php?rest_route=\/wp\/v2\/types\/post"}],"author":[{"embeddable":true,"href":"https:\/\/gazetaregionalna.com\/index.php?rest_route=\/wp\/v2\/users\/5"}],"replies":[{"embeddable":true,"href":"https:\/\/gazetaregionalna.com\/index.php?rest_route=%2Fwp%2Fv2%2Fcomments&post=137618"}],"version-history":[{"count":1,"href":"https:\/\/gazetaregionalna.com\/index.php?rest_route=\/wp\/v2\/posts\/137618\/revisions"}],"predecessor-version":[{"id":137619,"href":"https:\/\/gazetaregionalna.com\/index.php?rest_route=\/wp\/v2\/posts\/137618\/revisions\/137619"}],"wp:featuredmedia":[{"embeddable":true,"href":"https:\/\/gazetaregionalna.com\/index.php?rest_route=\/wp\/v2\/media\/137621"}],"wp:attachment":[{"href":"https:\/\/gazetaregionalna.com\/index.php?rest_route=%2Fwp%2Fv2%2Fmedia&parent=137618"}],"wp:term":[{"taxonomy":"category","embeddable":true,"href":"https:\/\/gazetaregionalna.com\/index.php?rest_route=%2Fwp%2Fv2%2Fcategories&post=137618"},{"taxonomy":"post_tag","embeddable":true,"href":"https:\/\/gazetaregionalna.com\/index.php?rest_route=%2Fwp%2Fv2%2Ftags&post=137618"}],"curies":[{"name":"wp","href":"https:\/\/api.w.org\/{rel}","templated":true}]}}