{"id":13761,"date":"2020-06-09T08:06:24","date_gmt":"2020-06-09T08:06:24","guid":{"rendered":"https:\/\/gazetaregionalna.com\/?p=13761"},"modified":"2020-06-09T08:06:25","modified_gmt":"2020-06-09T08:06:25","slug":"czerwcowy-weekend-na-jurze","status":"publish","type":"post","link":"https:\/\/gazetaregionalna.com\/?p=13761","title":{"rendered":"Czerwcowy weekend na Jurze"},"content":{"rendered":"\n<h2 class=\"wp-block-heading\">Przed nami d\u0142ugi, czerwcowy weekend. Wystarczy wzi\u0105\u0107 wolne w pi\u0105tek i mamy cztery dni wolnego.  <\/h2>\n\n\n\n<p>\nWarto\nje sp\u0119dzi\u0107 na przyk\u0142ad w jurajskiej gminie \u017barki. Oto cz\u0119\u015b\u0107\npropozycje, jakie czekaj\u0105 tam na turyst\u00f3w:<\/p>\n\n\n\n<p> <strong>Dawne rzemios\u0142a, ale multimedialnie<\/strong><\/p>\n\n\n\n<p>\nStary\nM\u0142yn w \u017barkach &#8211; zwiedzanie z przewodnikiem w pi\u0105tek 12 czerwca w\ngodz. 8.00- 16.00 oraz w weekend 13-14.06.w godz. 10.00-18.00.\nWej\u015bcia o pe\u0142nych godzinach, ostatnie na godzin\u0119 przed\nzamkni\u0119ciem. Obiekt na Szlaku Zabytk\u00f3w Techniki. Rezerwacje 690 070\n772.<\/p>\n\n\n\n<p>\nMuzeum\nDawnych Rzemios\u0142 w Starym M\u0142ynie w \u017barkach, ul. Ofiar Katynia 5,\n42-310 \u017barki,<a href=\"https:\/\/poczta.wp.pl\/k\/#\" target=\"_blank\" rel=\"noopener\">poczta@muzeumzarki.pl<\/a>,&nbsp;<a href=\"https:\/\/l.facebook.com\/l.php?u=http%3A%2F%2Fwww.muzeumzarki.pl%2F%3Ffbclid%3DIwAR3hi9yEr1iaoYcB89Ko6D3v40zqFgcwziLZmT7nf60CsMrkvPJdT41thsc&amp;h=AT1NpeIZQsDFNH2BRE4kKwJqfEfustYfaCDXFi3SmGx2jaqbV9vOAs_9i4rGfJfbgnIIF0a8k6wLKG0f5b_dQnK7p5oQ-shBDju1Scy--b_9NKrz0eeql0w43mACuDEhPgw1-YSedkpuHPgzMvGA5W54khVG1dVCUnpGL32_XynpDMw6Bc86t_JhvhpZ5wq-SP4swUTHunsEBeFtJAHn8zvycnPoIcTdofSycsbM1kTwdy9wkcW3PcESQ-JUrCRu3Lx3Ckn_oU6K4arPQH_Rpj_O5AIwS3AbohQHoBUWKpJ0T_RF6q49Wm6FZzjnuV-B1tJ254c_aeV9ZBEF7_ifuS8sQNX8NGVRvbnjIFiQ_px04R_eTGD-rRyS2USFgS9ZGQgdD6JrEnSxdMtxNrSOJmXRUXKbN4djwBE9qaId1PHhW4nN2nOms3lMTBDYH8OTgWpdRH28j97O3Pn1vKfip2djAMgyjnHJvwkTC1nFHwWEcZY0h4na14KqaDcVmMHuj6otxhV7amZVwFcSXxbepx5KFlD1B6DDGIJ3dJg8YsnVlyrxmuslNg_jkGVHeZ1u6vAeXR8LVWPNAAnywCkLjABoumUfKqDD8k3lC3kQMJVFQHqHcxIPQlyr3kwUlnWoh8oUFA\" target=\"_blank\" rel=\"noopener\">www.muzeumzarki.pl<\/a><\/p>\n\n\n\n<figure class=\"wp-block-image size-large\"><img decoding=\"async\" width=\"678\" height=\"960\" data-src=\"https:\/\/gazetaregionalna.com\/wp-content\/uploads\/2020\/06\/weekend4.jpg\" alt=\"\" class=\"wp-image-13762 lazyload\" data-srcset=\"https:\/\/gazetaregionalna.com\/wp-content\/uploads\/2020\/06\/weekend4.jpg 678w, https:\/\/gazetaregionalna.com\/wp-content\/uploads\/2020\/06\/weekend4-212x300.jpg 212w, https:\/\/gazetaregionalna.com\/wp-content\/uploads\/2020\/06\/weekend4-297x420.jpg 297w\" data-sizes=\"(max-width: 678px) 100vw, 678px\" src=\"data:image\/svg+xml;base64,PHN2ZyB3aWR0aD0iMSIgaGVpZ2h0PSIxIiB4bWxucz0iaHR0cDovL3d3dy53My5vcmcvMjAwMC9zdmciPjwvc3ZnPg==\" style=\"--smush-placeholder-width: 678px; --smush-placeholder-aspect-ratio: 678\/960;\" \/><\/figure>\n\n\n\n<p> <strong>Hokus Pokuss<\/strong><\/p>\n\n\n\n<p>\nWarsztaty\nwytwarzania s\u0142odyczy w dniach 11-14 czerwca, godz.11.00 oraz 12.30.\nZapisy 530 815 045.&nbsp;<\/p>\n\n\n\n<p>Manufaktura\nHokus Pokuss, ul. Pi\u0142sudskiego 17, 42-310\n\u017barki,&nbsp;<a href=\"https:\/\/poczta.wp.pl\/k\/#\" target=\"_blank\" rel=\"noopener\">manufaktura.zarki@gmail.com<\/a>,&nbsp;<a href=\"http:\/\/www.hokuspokuss.pl\/?fbclid=IwAR1hLDXCME5H0jPGK8eQLfeRf5d06sxZlKo7kCFzQLIZYE9Y3Pbfazpbh_s\" target=\"_blank\" rel=\"noopener\">www.hokuspokuss.pl<\/a><\/p>\n\n\n\n<figure class=\"wp-block-image size-large\"><img decoding=\"async\" width=\"960\" height=\"640\" data-src=\"https:\/\/gazetaregionalna.com\/wp-content\/uploads\/2020\/06\/weekend2.jpg\" alt=\"\" class=\"wp-image-13763 lazyload\" data-srcset=\"https:\/\/gazetaregionalna.com\/wp-content\/uploads\/2020\/06\/weekend2.jpg 960w, https:\/\/gazetaregionalna.com\/wp-content\/uploads\/2020\/06\/weekend2-300x200.jpg 300w, https:\/\/gazetaregionalna.com\/wp-content\/uploads\/2020\/06\/weekend2-768x512.jpg 768w, https:\/\/gazetaregionalna.com\/wp-content\/uploads\/2020\/06\/weekend2-696x464.jpg 696w, https:\/\/gazetaregionalna.com\/wp-content\/uploads\/2020\/06\/weekend2-630x420.jpg 630w\" data-sizes=\"(max-width: 960px) 100vw, 960px\" src=\"data:image\/svg+xml;base64,PHN2ZyB3aWR0aD0iMSIgaGVpZ2h0PSIxIiB4bWxucz0iaHR0cDovL3d3dy53My5vcmcvMjAwMC9zdmciPjwvc3ZnPg==\" style=\"--smush-placeholder-width: 960px; --smush-placeholder-aspect-ratio: 960\/640;\" \/><\/figure>\n\n\n\n<p><strong> Wehiku\u0142 Czasu na Jurajskim Szlaku<\/strong><\/p>\n\n\n\n<p>\nZwied\u017a\n\u015bredniowieczny dom i ob\u00f3z rycerski. Odkryj, co jadano w\n\u015bredniowieczu, spotkaj babk\u0119 zielark\u0119, sprawd\u017a, czy rycerstwo to\nby\u0142 lekki fach? Dodatkowo warsztaty z makramy lub z lepienia z\ngliny. Zwiedzanie w dniach 12-13 czerwca o godz. 10.00 i 13.00,\nwarsztaty 11.30 i 14.30, niedziela (14 czerwca) zwiedzanie o godz.\n11.00 i 14.00, warsztaty o 12.30 i 15.30. Rezerwacje 603 770 627.<\/p>\n\n\n\n<p>Wehiku\u0142\nCzasu na Jurajskim Szlaku, ul. Le\u015bna 19, 42-310\n\u017barki,&nbsp;<a href=\"https:\/\/l.facebook.com\/l.php?u=http%3A%2F%2Fwww.wehikul-czasu.eu%2F%3Ffbclid%3DIwAR1AR6Jb_3MkuQuC0IfDmqyIicU8g9r0ILImnISOxXVs9iAEGN9h3SycCr0&amp;h=AT1oMxtRg8RySg1mBH8-uSo-LXCgxjtNk75Ga0793Txsk3S2PLG-CSIsNFM7D27llayRFdimHgIurW9VnNl9ButW1os-CP-_mBTmLz1pnk6w7vKAXQOtprp4sJ7NWTI3Eg_HQ8a628_IhEL-jXWy_cis-bbXLb79c0CVXGF01P_1eD2KoEphyy9Qtl610VXIxwujylwx4Syct7SZOcUMXnCF97J8vPXLZdx-CZXYrpwUptECt5PsuiE1uB9B5wD_Gxs0ulH9MkpmYpVlIDhI4wC_ahUEhXUExMUmOdSioke4aflM5b3FWqgCDwrx1lq6q39TSqqZvLvJWGVG6tzq5A3gVaZkhglswQm9hAs9z6EiwIdhw-UYrJKrNsHTR_NgkNVWZLJq_dWtPI4N0C0LeeVBy8_nyaGDI2FIAV9wUoRME8otsGFyFvugZePxs0zqLeHICzRrWxF9uW2kUKf5PFnXyrS2kaj7hTmHDvHLnXk0pgF_eUZu0jostDhwcS7vQATXegr2Br_L71yyWdD3Cx9MFmooal8knkg8tPsPdG1V_h7HSL8j9rh7j45yNtJT2g_St8sPq3lP2wEMW8Xk2uIjOT6qYyg1cAth9NlGSWkOTSXDgiKnC9aOh1MpX8LmQQ45mA\" target=\"_blank\" rel=\"noopener\">www.wehikul-czasu.eu<\/a>,<\/p>\n\n\n\n<figure class=\"wp-block-image size-large\"><img decoding=\"async\" width=\"960\" height=\"640\" data-src=\"https:\/\/gazetaregionalna.com\/wp-content\/uploads\/2020\/06\/weekend3.jpg\" alt=\"\" class=\"wp-image-13764 lazyload\" data-srcset=\"https:\/\/gazetaregionalna.com\/wp-content\/uploads\/2020\/06\/weekend3.jpg 960w, https:\/\/gazetaregionalna.com\/wp-content\/uploads\/2020\/06\/weekend3-300x200.jpg 300w, https:\/\/gazetaregionalna.com\/wp-content\/uploads\/2020\/06\/weekend3-768x512.jpg 768w, https:\/\/gazetaregionalna.com\/wp-content\/uploads\/2020\/06\/weekend3-696x464.jpg 696w, https:\/\/gazetaregionalna.com\/wp-content\/uploads\/2020\/06\/weekend3-630x420.jpg 630w\" data-sizes=\"(max-width: 960px) 100vw, 960px\" src=\"data:image\/svg+xml;base64,PHN2ZyB3aWR0aD0iMSIgaGVpZ2h0PSIxIiB4bWxucz0iaHR0cDovL3d3dy53My5vcmcvMjAwMC9zdmciPjwvc3ZnPg==\" style=\"--smush-placeholder-width: 960px; --smush-placeholder-aspect-ratio: 960\/640;\" \/><\/figure>\n\n\n\n<p> <strong>Gazikiem przez Jur\u0119<\/strong><\/p>\n\n\n\n<p>\nNiepowtarzalna\nwycieczka oryginalnym militarnym pojazdem po jurajskich bezdro\u017cach.\nOdkryj pi\u0119kno jurajskiego krajobrazu, tajemnice bunkr\u00f3w II wojny\n\u015bwiatowej, \u017cydowskiego cmentarza czy zabytkowych stod\u00f3\u0142. Wyprawy\nw dniach 11-14 czerwca (tak\u017ce w Bo\u017ce Cia\u0142o) po wcze\u015bniejszej\nrezerwacji 693 848 847.<\/p>\n\n\n\n<p>Przysta\u0144\nTurystyczna Le\u015bni\u00f3w, ul. \u0179r\u00f3dlana 5, 42-310 \u017barki, tel. 887 803\n303,&nbsp;<a href=\"https:\/\/poczta.wp.pl\/k\/#\" target=\"_blank\" rel=\"noopener\">recepcja@przystanlesniow.pl<\/a>,&nbsp;<a href=\"https:\/\/l.facebook.com\/l.php?u=http%3A%2F%2Fwww.przystanlesniow.pl%2F%3Ffbclid%3DIwAR2RfXMon1zHqIKdn72ojNZ07P6CgyW_TV0npIA5K8mkZ_fF7EpYF_zvDm8&amp;h=AT1udJe2ozvAaScLdrRpfsdRiXJIaQrdEzeL8i1VBKPnFnKQ6j1MLxXSTQIUnvexqyo3B81EGtHyT6rphUS18xk0ghN9eJ0FXKxbv2bWbaju92mOFZ0u6RDoRHLtP8rn8et3hV47bFdUVLaMFW0m1V6r_Kt8cDoEYzFOp0vDlSv2whGNO_-9cLAppULAv4rqkNjaTHuqWBNICV8FUI2mlVM5Bv62o5JArQjzQqcPA_RQho6aagVd1Yye64N2gJulq5K_8LQ-9_rFHLPRwtXs1ph7hJNqw9yENr2PHCFsiuJX5gyOtZu_w6ysQExaxDnKH3wMKUsC-pIHt1hfEP1ZkHazfQAIYUg4CGOrEYD1inFzO8o_cmPP79G4TsZGgTHLnYORLH6tmFvp8kmMHKXZgORotyErG94hKK0e6Upm442YjAshL_5HoX2TfJ6wZia8IKqxA0T1BLR-n3MNyiQOjNKg_X2S8SkOktI2wSFFMofKSVg8zR1hFZL73fBdB9uYVOEWKyyZKSwkq98hOQEsYLHULLtzxGq75abm--usiKSf7Gu2-TPlnlpZRcHd34JN75j-gKcASKWlY3-Y4sQ9O-1fIe2oX9Fm9p6tb0sgya9g2GplZeuTQ-WyBMY8fWBUjZU1Yw\" target=\"_blank\" rel=\"noopener\">www.przystanlesniow.pl<\/a><\/p>\n\n\n\n<p><strong> Edukacyjna przygoda na wsi<\/strong><\/p>\n\n\n\n<p>\nAgrogospodarstwo\n\u201ePod Ska\u0142k\u0105\u201d w dniach 12 do 14 czerwca w godz. 10.00 &#8211; 17.00\nprezentuje: XIX- wieczn\u0105 cha\u0142up\u0119 z wyposa\u017ceniem, najwi\u0119kszy\nzwierzyniec w woj. \u015bl\u0105skim, plac zabaw na \u015bwie\u017cym powietrzu z\ndmuchanymi zamkami, pokazy magicznej chemii dla dzieci oraz wycieczka\nJurajskim Ekspresem.<\/p>\n\n\n\n<p>Agrogospodarstwo \u201ePod Ska\u0142k\u0105\u201d, Przybyn\u00f3w ul. Szkolna 34, 42-310 \u017barki, tel. 501 154 921, (34) 314 88 29,\u00a0<a href=\"https:\/\/poczta.wp.pl\/k\/#\" target=\"_blank\" rel=\"noopener\">info@agroskalka.pl<\/a>,\u00a0<a href=\"https:\/\/l.facebook.com\/l.php?u=http%3A%2F%2Fwww.agroskalka.pl%2F%3Ffbclid%3DIwAR36zeU8yKjJu5m-ySz6ealZVpWmR29KmCby9GfdefIgfGPwvklemBMzEOM&amp;h=AT3YRTwEzMGDLa4W-fZdmezf2MWw3Dz6dvIGDW6fOVrTpfRStUYiqaUY8E-Xy33N_Yg7T8iu8LUR8O5TVAdOcWK0aa70oyYucTejzggVJ6Se5a_Z08ltVTCLWwBybMYX4JpxYO8hgVRuOTSUuFhklCCyRGy8Ruxphb6XvuBSxdvNFDwLr7k_ollV7CF4zOjfrjUUiG7QAO3IhwNWSlRw-zzOTTqp1oKQfr_4c1TUnfj-DLnBErmP1EYiwz0J-nshB0tL8N1fAhP1Op5Mgou4rqbqfFoNJURjaQG-6EqSRXrrO7qmsKLUEqI_ApQludSWy2hMgYXcQB_vVyD4Z_B49d2qQPhH826nAKdHUwcdOSPrKIDoE3Ji4WBarZtVBKBDB6XH-nnl5d49L7PAf3Dg-w7JpYybm1S17h5r1ataE_7wchAXpvBQf0fbTs9EhUue4jLwpPCF4ChBTBVIS7zbq7AR9R9HotAsgZOW4yLFCCRsz1zdVLyCQdUB571NdWnTdLaS7Mp4kiEkk8IxZv_UVukTgAX9QSIQfSoU00CfD4_KWXyz6kG082bVBkD01pBA3jrnFTJeLy6a5OCk3fC51L1uUmeSYy7okWq9RSkwgZEFExsp5Sh9jNbZtvw-lY8NJOV81Q\" target=\"_blank\" rel=\"noopener\">www.agroskalka.pl<\/a><\/p>\n\n\n\n<p>(Fot. Gmina \u017barki)<\/p>\n","protected":false},"excerpt":{"rendered":"<p>Przed nami d\u0142ugi, czerwcowy weekend. Wystarczy wzi\u0105\u0107 wolne w pi\u0105tek i mamy cztery dni wolnego. Warto je sp\u0119dzi\u0107 na przyk\u0142ad w jurajskiej gminie \u017barki.<\/p>\n","protected":false},"author":7,"featured_media":13765,"comment_status":"open","ping_status":"open","sticky":false,"template":"","format":"standard","meta":{"_monsterinsights_skip_tracking":false,"_monsterinsights_sitenote_active":false,"_monsterinsights_sitenote_note":"","_monsterinsights_sitenote_category":0,"_uf_show_specific_survey":0,"_uf_disable_surveys":false,"footnotes":""},"categories":[12,26,31,94,2],"tags":[],"class_list":["post-13761","post","type-post","status-publish","format-standard","has-post-thumbnail","hentry","category-kultura-i-rozrywka","category-myszkow","category-podroze","category-polecane","category-wiadomosci"],"_links":{"self":[{"href":"https:\/\/gazetaregionalna.com\/index.php?rest_route=\/wp\/v2\/posts\/13761","targetHints":{"allow":["GET"]}}],"collection":[{"href":"https:\/\/gazetaregionalna.com\/index.php?rest_route=\/wp\/v2\/posts"}],"about":[{"href":"https:\/\/gazetaregionalna.com\/index.php?rest_route=\/wp\/v2\/types\/post"}],"author":[{"embeddable":true,"href":"https:\/\/gazetaregionalna.com\/index.php?rest_route=\/wp\/v2\/users\/7"}],"replies":[{"embeddable":true,"href":"https:\/\/gazetaregionalna.com\/index.php?rest_route=%2Fwp%2Fv2%2Fcomments&post=13761"}],"version-history":[{"count":1,"href":"https:\/\/gazetaregionalna.com\/index.php?rest_route=\/wp\/v2\/posts\/13761\/revisions"}],"predecessor-version":[{"id":13766,"href":"https:\/\/gazetaregionalna.com\/index.php?rest_route=\/wp\/v2\/posts\/13761\/revisions\/13766"}],"wp:featuredmedia":[{"embeddable":true,"href":"https:\/\/gazetaregionalna.com\/index.php?rest_route=\/wp\/v2\/media\/13765"}],"wp:attachment":[{"href":"https:\/\/gazetaregionalna.com\/index.php?rest_route=%2Fwp%2Fv2%2Fmedia&parent=13761"}],"wp:term":[{"taxonomy":"category","embeddable":true,"href":"https:\/\/gazetaregionalna.com\/index.php?rest_route=%2Fwp%2Fv2%2Fcategories&post=13761"},{"taxonomy":"post_tag","embeddable":true,"href":"https:\/\/gazetaregionalna.com\/index.php?rest_route=%2Fwp%2Fv2%2Ftags&post=13761"}],"curies":[{"name":"wp","href":"https:\/\/api.w.org\/{rel}","templated":true}]}}