{"id":137524,"date":"2025-05-27T06:55:50","date_gmt":"2025-05-27T06:55:50","guid":{"rendered":"https:\/\/gazetaregionalna.com\/?p=137524"},"modified":"2025-05-27T06:55:56","modified_gmt":"2025-05-27T06:55:56","slug":"straznicy-miejscy-ujeli-nietrzezwego-kierowce","status":"publish","type":"post","link":"https:\/\/gazetaregionalna.com\/?p=137524","title":{"rendered":"Stra\u017cnicy miejscy uj\u0119li nietrze\u017awego kierowc\u0119"},"content":{"rendered":"\n<p>Podczas weekendowych dzia\u0142a\u0144 \u201eAleje noc\u0105\u201d cz\u0119stochowscy stra\u017cnicy miejscy ujawnili m\u0119\u017cczyzn\u0119, kt\u00f3ry po spo\u017cyciu alkoholu kierowa\u0142 autem.<\/p>\n\n\n\n<p>Z pi\u0105tku na sobot\u0119 i z soboty na niedziel\u0119 w godz. 20-4 cz\u0119stochowska Stra\u017c Miejska prowadzi\u0142a wzmo\u017cone dzia\u0142ania \u201eAleje noc\u0105\u201d. Stra\u017cnicy miejscy podejmowali interwencj\u0119 wobec os\u00f3b, kt\u00f3re naruszaj\u0105 spok\u00f3j i porz\u0105dek publiczny oraz spo\u017cywaj\u0105 alkohol w miejscach publicznych oraz pope\u0142niaj\u0105 inne wykroczenia. Funkcjonariusze ujawnili te\u017c m\u0119\u017cczyzn\u0119, kt\u00f3ry prowadzi\u0142 auto po spo\u017cyciu alkoholu.<\/p>\n\n\n\n<p>Do zdarzenia dosz\u0142o w minion\u0105 sobot\u0119 ok. godz. 2:50 w rejonie Al. NMP. Podczas prowadzenia dzia\u0142a\u0144 \u201eAleje noc\u0105\u201d i patrolowania g\u0142\u00f3wnej ulicy Cz\u0119stochowy stra\u017cnicy miejscy zauwa\u017cyli m\u0119\u017cczyzn\u0119, kt\u00f3ry podjecha\u0142 na parking, wysiad\u0142 z auta, a jego stan wskazywa\u0142, \u017ce mo\u017ce by\u0107 po spo\u017cyciu alkoholu. Przypuszczenia stra\u017cnik\u00f3w miejskich okaza\u0142y si\u0119 trafne. M\u0119\u017cczyzna zosta\u0142 przekazany policjantom z wydzia\u0142u Ruchu Drogowego KMP. Teraz musi liczy\u0107 si\u0119 z konsekwencjami za jazd\u0119 pod wp\u0142ywem alkoholu.<\/p>\n\n\n\n<p>Podczas dzia\u0142a\u0144 stra\u017cnicy miejscy podejmowali interwencje wobec innych os\u00f3b, kt\u00f3re spo\u017cywa\u0142y alkohol w miejscach publiczny. Niestety, ale w\u015br\u00f3d nich by\u0142 te\u017c osoby nieletnie. Do takiego zdarzenia dosz\u0142o w sobot\u0119 ok. godz. 2:15 w rejonie Al. NMP, gdzie stra\u017cnicy miejscy natrafili na nieletniego, kt\u00f3ry spo\u017cywa\u0142 alkohol. Nieletni zosta\u0142 przekazany policjantom z I KP.<\/p>\n\n\n\n<p>Stra\u017c Miejska w Cz\u0119stochowie przypomina, ze sprzeda\u017c wyrob\u00f3w alkoholowych oraz wyrob\u00f3w tytoniowych osobom poni\u017cej 18 roku \u017cycia jest prawnie zabroniona.<\/p>\n","protected":false},"excerpt":{"rendered":"<p>Podczas weekendowych dzia\u0142a\u0144 \u201eAleje noc\u0105\u201d cz\u0119stochowscy stra\u017cnicy miejscy ujawnili m\u0119\u017cczyzn\u0119, kt\u00f3ry po spo\u017cyciu alkoholu kierowa\u0142 autem. Z pi\u0105tku na sobot\u0119 i z soboty na<\/p>\n","protected":false},"author":25,"featured_media":132173,"comment_status":"closed","ping_status":"open","sticky":false,"template":"","format":"standard","meta":{"_monsterinsights_skip_tracking":false,"_monsterinsights_sitenote_active":false,"_monsterinsights_sitenote_note":"","_monsterinsights_sitenote_category":0,"_uf_show_specific_survey":0,"_uf_disable_surveys":false,"footnotes":""},"categories":[94,3,2],"tags":[],"class_list":["post-137524","post","type-post","status-publish","format-standard","has-post-thumbnail","hentry","category-polecane","category-czestochowa-informacje","category-wiadomosci"],"_links":{"self":[{"href":"https:\/\/gazetaregionalna.com\/index.php?rest_route=\/wp\/v2\/posts\/137524","targetHints":{"allow":["GET"]}}],"collection":[{"href":"https:\/\/gazetaregionalna.com\/index.php?rest_route=\/wp\/v2\/posts"}],"about":[{"href":"https:\/\/gazetaregionalna.com\/index.php?rest_route=\/wp\/v2\/types\/post"}],"author":[{"embeddable":true,"href":"https:\/\/gazetaregionalna.com\/index.php?rest_route=\/wp\/v2\/users\/25"}],"replies":[{"embeddable":true,"href":"https:\/\/gazetaregionalna.com\/index.php?rest_route=%2Fwp%2Fv2%2Fcomments&post=137524"}],"version-history":[{"count":1,"href":"https:\/\/gazetaregionalna.com\/index.php?rest_route=\/wp\/v2\/posts\/137524\/revisions"}],"predecessor-version":[{"id":137525,"href":"https:\/\/gazetaregionalna.com\/index.php?rest_route=\/wp\/v2\/posts\/137524\/revisions\/137525"}],"wp:featuredmedia":[{"embeddable":true,"href":"https:\/\/gazetaregionalna.com\/index.php?rest_route=\/wp\/v2\/media\/132173"}],"wp:attachment":[{"href":"https:\/\/gazetaregionalna.com\/index.php?rest_route=%2Fwp%2Fv2%2Fmedia&parent=137524"}],"wp:term":[{"taxonomy":"category","embeddable":true,"href":"https:\/\/gazetaregionalna.com\/index.php?rest_route=%2Fwp%2Fv2%2Fcategories&post=137524"},{"taxonomy":"post_tag","embeddable":true,"href":"https:\/\/gazetaregionalna.com\/index.php?rest_route=%2Fwp%2Fv2%2Ftags&post=137524"}],"curies":[{"name":"wp","href":"https:\/\/api.w.org\/{rel}","templated":true}]}}