{"id":137506,"date":"2025-05-26T19:36:55","date_gmt":"2025-05-26T19:36:55","guid":{"rendered":"https:\/\/gazetaregionalna.com\/?p=137506"},"modified":"2025-05-26T20:11:55","modified_gmt":"2025-05-26T20:11:55","slug":"reprezentanci-rakowa-na-gali-pko-bp-ekstraklasy-trelowski-wrocil-z-nagroda","status":"publish","type":"post","link":"https:\/\/gazetaregionalna.com\/?p=137506","title":{"rendered":"Reprezentanci Rakowa na Gali PKO BP Ekstraklasy. Trelowski wr\u00f3ci\u0142 z nagrod\u0105"},"content":{"rendered":"\n<p>Sze\u015bciu reprezentant\u00f3w Rakowa Cz\u0119stochowa zosta\u0142o nominowanych i zaproszonych na Gal\u0119 PKO Bank Polski Ekstraklasy. Z nagrod\u0105 wr\u00f3ci\u0142 bramkarz Rakowa Kacper Trelowski, kt\u00f3ry zosta\u0142 wybrany na m\u0142odzie\u017cowca sezonu w PKO BP Ekstraklasie.<\/p>\n\n\n\n<p>Nominacj\u0119 na Gal\u0119 PKO Bank Polski Ekstraklasy otrzymali: trener Rakowa Marek Papszun, bramkarz Kacper Trelowski, obro\u0144ca Stratos Svarnas, pomocnicy Jean Carlos i Gustav Berggren oraz napastnik Jonatan Brunes, kt\u00f3ry jest najlepszym strzelcem Rakowa w zako\u0144czonym w\u0142a\u015bnie sezonie.<\/p>\n\n\n\n<p>Dla trenera Rakowa Marka Papszuna by\u0142a to szansa na trzecie zwyci\u0119stwo w kategorii \u201eTrener sezonu\u201d.<\/p>\n\n\n\n<p>Swoj\u0105 szans\u0119 wykorzysta\u0142 bramkarz Rakowa Kacper Trelowski, kt\u00f3ry w sezonie 2024\/25 a\u017c 17 spotka\u0144 zako\u0144czy\u0142 bez straty gola&#8230; Nie zosta\u0142 jednak wybrany najlepszym bramkarzem, cho\u0107 Rak\u00f3w przegra\u0142 w lidze najmniej spotka\u0144 i straci\u0142 najmniej bramek, tylko m\u0142odzie\u017cowcem sezonu&#8230;<\/p>\n\n\n\n<p>AK, fot: AK<\/p>\n\n\n\n<p>Partnerami relacji sportowych s\u0105:<\/p>\n\n\n\n<p>DMK Invest materia\u0142y budowlane Konopiska (www.dmkinvest.pl)<\/p>\n\n\n\n<p>Centrum Nieruchomo\u015bci i Finans\u00f3w (www.cnif.pl)<\/p>\n\n\n\n<figure class=\"wp-block-image size-full\"><img decoding=\"async\" width=\"1000\" height=\"748\" data-src=\"https:\/\/gazetaregionalna.com\/wp-content\/uploads\/2025\/05\/Trelowski.jpg\" alt=\"\" class=\"wp-image-137507 lazyload\" data-srcset=\"https:\/\/gazetaregionalna.com\/wp-content\/uploads\/2025\/05\/Trelowski.jpg 1000w, https:\/\/gazetaregionalna.com\/wp-content\/uploads\/2025\/05\/Trelowski-300x224.jpg 300w, https:\/\/gazetaregionalna.com\/wp-content\/uploads\/2025\/05\/Trelowski-768x574.jpg 768w\" data-sizes=\"(max-width: 1000px) 100vw, 1000px\" src=\"data:image\/svg+xml;base64,PHN2ZyB3aWR0aD0iMSIgaGVpZ2h0PSIxIiB4bWxucz0iaHR0cDovL3d3dy53My5vcmcvMjAwMC9zdmciPjwvc3ZnPg==\" style=\"--smush-placeholder-width: 1000px; --smush-placeholder-aspect-ratio: 1000\/748;\" \/><\/figure>\n\n\n\n<figure class=\"wp-block-image size-large\"><img decoding=\"async\" width=\"1024\" height=\"1024\" data-src=\"https:\/\/gazetaregionalna.com\/wp-content\/uploads\/2024\/04\/DMK-Invest-1-1024x1024.jpg\" alt=\"\" class=\"wp-image-123882 lazyload\" data-srcset=\"https:\/\/gazetaregionalna.com\/wp-content\/uploads\/2024\/04\/DMK-Invest-1-1024x1024.jpg 1024w, https:\/\/gazetaregionalna.com\/wp-content\/uploads\/2024\/04\/DMK-Invest-1-300x300.jpg 300w, https:\/\/gazetaregionalna.com\/wp-content\/uploads\/2024\/04\/DMK-Invest-1-150x150.jpg 150w, https:\/\/gazetaregionalna.com\/wp-content\/uploads\/2024\/04\/DMK-Invest-1-768x768.jpg 768w, https:\/\/gazetaregionalna.com\/wp-content\/uploads\/2024\/04\/DMK-Invest-1-1536x1536.jpg 1536w, https:\/\/gazetaregionalna.com\/wp-content\/uploads\/2024\/04\/DMK-Invest-1-2048x2048.jpg 2048w, https:\/\/gazetaregionalna.com\/wp-content\/uploads\/2024\/04\/DMK-Invest-1-215x215.jpg 215w, https:\/\/gazetaregionalna.com\/wp-content\/uploads\/2024\/04\/DMK-Invest-1-scaled.jpg 1600w\" data-sizes=\"(max-width: 1024px) 100vw, 1024px\" src=\"data:image\/svg+xml;base64,PHN2ZyB3aWR0aD0iMSIgaGVpZ2h0PSIxIiB4bWxucz0iaHR0cDovL3d3dy53My5vcmcvMjAwMC9zdmciPjwvc3ZnPg==\" style=\"--smush-placeholder-width: 1024px; --smush-placeholder-aspect-ratio: 1024\/1024;\" \/><\/figure>\n\n\n\n<figure class=\"wp-block-image size-large\"><img decoding=\"async\" width=\"1024\" height=\"1024\" data-src=\"https:\/\/gazetaregionalna.com\/wp-content\/uploads\/2025\/05\/Rakow-Widzew-10-1024x1024.jpg\" alt=\"\" class=\"wp-image-137437 lazyload\" data-srcset=\"https:\/\/gazetaregionalna.com\/wp-content\/uploads\/2025\/05\/Rakow-Widzew-10-1024x1024.jpg 1024w, https:\/\/gazetaregionalna.com\/wp-content\/uploads\/2025\/05\/Rakow-Widzew-10-300x300.jpg 300w, https:\/\/gazetaregionalna.com\/wp-content\/uploads\/2025\/05\/Rakow-Widzew-10-150x150.jpg 150w, https:\/\/gazetaregionalna.com\/wp-content\/uploads\/2025\/05\/Rakow-Widzew-10-768x768.jpg 768w, https:\/\/gazetaregionalna.com\/wp-content\/uploads\/2025\/05\/Rakow-Widzew-10-215x215.jpg 215w, https:\/\/gazetaregionalna.com\/wp-content\/uploads\/2025\/05\/Rakow-Widzew-10.jpg 1200w\" data-sizes=\"(max-width: 1024px) 100vw, 1024px\" src=\"data:image\/svg+xml;base64,PHN2ZyB3aWR0aD0iMSIgaGVpZ2h0PSIxIiB4bWxucz0iaHR0cDovL3d3dy53My5vcmcvMjAwMC9zdmciPjwvc3ZnPg==\" style=\"--smush-placeholder-width: 1024px; --smush-placeholder-aspect-ratio: 1024\/1024;\" \/><\/figure>\n","protected":false},"excerpt":{"rendered":"<p>Sze\u015bciu reprezentant\u00f3w Rakowa Cz\u0119stochowa zosta\u0142o nominowanych i zaproszonych na Gal\u0119 PKO Bank Polski Ekstraklasy. Z nagrod\u0105 wr\u00f3ci\u0142 bramkarz Rakowa Kacper Trelowski, kt\u00f3ry zosta\u0142 wybrany<\/p>\n","protected":false},"author":15,"featured_media":137507,"comment_status":"closed","ping_status":"open","sticky":false,"template":"","format":"standard","meta":{"_monsterinsights_skip_tracking":false,"_monsterinsights_sitenote_active":false,"_monsterinsights_sitenote_note":"","_monsterinsights_sitenote_category":0,"_uf_show_specific_survey":0,"_uf_disable_surveys":false,"footnotes":""},"categories":[94,6,5],"tags":[],"class_list":["post-137506","post","type-post","status-publish","format-standard","has-post-thumbnail","hentry","category-polecane","category-pilka-nozna","category-sport"],"_links":{"self":[{"href":"https:\/\/gazetaregionalna.com\/index.php?rest_route=\/wp\/v2\/posts\/137506","targetHints":{"allow":["GET"]}}],"collection":[{"href":"https:\/\/gazetaregionalna.com\/index.php?rest_route=\/wp\/v2\/posts"}],"about":[{"href":"https:\/\/gazetaregionalna.com\/index.php?rest_route=\/wp\/v2\/types\/post"}],"author":[{"embeddable":true,"href":"https:\/\/gazetaregionalna.com\/index.php?rest_route=\/wp\/v2\/users\/15"}],"replies":[{"embeddable":true,"href":"https:\/\/gazetaregionalna.com\/index.php?rest_route=%2Fwp%2Fv2%2Fcomments&post=137506"}],"version-history":[{"count":3,"href":"https:\/\/gazetaregionalna.com\/index.php?rest_route=\/wp\/v2\/posts\/137506\/revisions"}],"predecessor-version":[{"id":137520,"href":"https:\/\/gazetaregionalna.com\/index.php?rest_route=\/wp\/v2\/posts\/137506\/revisions\/137520"}],"wp:featuredmedia":[{"embeddable":true,"href":"https:\/\/gazetaregionalna.com\/index.php?rest_route=\/wp\/v2\/media\/137507"}],"wp:attachment":[{"href":"https:\/\/gazetaregionalna.com\/index.php?rest_route=%2Fwp%2Fv2%2Fmedia&parent=137506"}],"wp:term":[{"taxonomy":"category","embeddable":true,"href":"https:\/\/gazetaregionalna.com\/index.php?rest_route=%2Fwp%2Fv2%2Fcategories&post=137506"},{"taxonomy":"post_tag","embeddable":true,"href":"https:\/\/gazetaregionalna.com\/index.php?rest_route=%2Fwp%2Fv2%2Ftags&post=137506"}],"curies":[{"name":"wp","href":"https:\/\/api.w.org\/{rel}","templated":true}]}}