{"id":137361,"date":"2025-05-22T05:30:10","date_gmt":"2025-05-22T05:30:10","guid":{"rendered":"https:\/\/gazetaregionalna.com\/?p=137361"},"modified":"2025-05-22T05:30:11","modified_gmt":"2025-05-22T05:30:11","slug":"skra-spadla-juz-z-2-ligi-ale-rozegra-jeszcze-3-mecze","status":"publish","type":"post","link":"https:\/\/gazetaregionalna.com\/?p=137361","title":{"rendered":"Skra spad\u0142a ju\u017c z 2. ligi, ale rozegra jeszcze 3 mecze\u2026"},"content":{"rendered":"\n<p>Pi\u0142karze Skry Cz\u0119stochowa w 32. kolejce Betclic 2. ligi podejmowa\u0107 b\u0119d\u0105 w pi\u0105tek Rekord Bielsko-Bia\u0142a. Cz\u0119stochowianie nie maj\u0105 ju\u017c szans na utrzymanie, bo po ostatniej pora\u017cce zostali zdegradowani do 3. ligi.<\/p>\n\n\n\n<p>Na trzy kolejki przed zako\u0144czeniem sezonu w 2. Betclic lidze pi\u0142karze Skry stracili matematyczne szanse na utrzymanie si\u0119. A to oznacza, \u017ce w przysz\u0142ym sezonie b\u0119d\u0105 gra\u0107 w 3. lidze i opuszczaj\u0105 szczebel centralny. Cz\u0119stochowianie musz\u0105 jednak dogra\u0107 sezon do ko\u0144ca. Zagraj\u0105 dwa razy u siebie i raz na wyje\u017adzie.<\/p>\n\n\n\n<p>W pi\u0105tek o godz. 19 Skra podejmuje Rekord Bielsko-Bia\u0142a. Nast\u0119pnie zagra w Rzeszowie z Resovi\u0105 i sezon zako\u0144czy u siebie 7 czerwca meczem z Zag\u0142\u0119biem II Lubin.<\/p>\n\n\n\n<p>Pi\u0105tkowy rywal Rekord zajmuje 15. miejsce i znajduje si\u0119 w strefie spadkowej. Dlatego do Cz\u0119stochowy przyjedzie walczy\u0107 \u201eo \u017cycie\u201d i 3 punkty. Czy pi\u0142karze Skry graj\u0105c na luzie pozwol\u0105 go\u015bciom wyjecha\u0107 ze zwyci\u0119stwem? Czy jednak sami zgarn\u0105 punkt lub punkty? O tym wszystkim przekonamy si\u0119 w pi\u0105tkowy wiecz\u00f3r\u2026<\/p>\n\n\n\n<p>AK, fot: AK<\/p>\n\n\n\n<p><\/p>\n\n\n\n<figure class=\"wp-block-image size-full\"><img decoding=\"async\" width=\"1000\" height=\"670\" data-src=\"https:\/\/gazetaregionalna.com\/wp-content\/uploads\/2025\/04\/Skra-Wieczysta-0.jpg\" alt=\"\" class=\"wp-image-136514 lazyload\" data-srcset=\"https:\/\/gazetaregionalna.com\/wp-content\/uploads\/2025\/04\/Skra-Wieczysta-0.jpg 1000w, https:\/\/gazetaregionalna.com\/wp-content\/uploads\/2025\/04\/Skra-Wieczysta-0-300x201.jpg 300w, https:\/\/gazetaregionalna.com\/wp-content\/uploads\/2025\/04\/Skra-Wieczysta-0-768x515.jpg 768w\" data-sizes=\"(max-width: 1000px) 100vw, 1000px\" src=\"data:image\/svg+xml;base64,PHN2ZyB3aWR0aD0iMSIgaGVpZ2h0PSIxIiB4bWxucz0iaHR0cDovL3d3dy53My5vcmcvMjAwMC9zdmciPjwvc3ZnPg==\" style=\"--smush-placeholder-width: 1000px; --smush-placeholder-aspect-ratio: 1000\/670;\" \/><\/figure>\n\n\n\n<figure class=\"wp-block-image size-large\"><img decoding=\"async\" width=\"1024\" height=\"1024\" data-src=\"https:\/\/gazetaregionalna.com\/wp-content\/uploads\/2024\/04\/DMK-Invest-2-1024x1024.jpg\" alt=\"\" class=\"wp-image-123883 lazyload\" data-srcset=\"https:\/\/gazetaregionalna.com\/wp-content\/uploads\/2024\/04\/DMK-Invest-2-1024x1024.jpg 1024w, https:\/\/gazetaregionalna.com\/wp-content\/uploads\/2024\/04\/DMK-Invest-2-300x300.jpg 300w, https:\/\/gazetaregionalna.com\/wp-content\/uploads\/2024\/04\/DMK-Invest-2-150x150.jpg 150w, https:\/\/gazetaregionalna.com\/wp-content\/uploads\/2024\/04\/DMK-Invest-2-768x768.jpg 768w, https:\/\/gazetaregionalna.com\/wp-content\/uploads\/2024\/04\/DMK-Invest-2-1536x1536.jpg 1536w, https:\/\/gazetaregionalna.com\/wp-content\/uploads\/2024\/04\/DMK-Invest-2-2048x2048.jpg 2048w, https:\/\/gazetaregionalna.com\/wp-content\/uploads\/2024\/04\/DMK-Invest-2-215x215.jpg 215w, https:\/\/gazetaregionalna.com\/wp-content\/uploads\/2024\/04\/DMK-Invest-2-scaled.jpg 1600w\" data-sizes=\"(max-width: 1024px) 100vw, 1024px\" src=\"data:image\/svg+xml;base64,PHN2ZyB3aWR0aD0iMSIgaGVpZ2h0PSIxIiB4bWxucz0iaHR0cDovL3d3dy53My5vcmcvMjAwMC9zdmciPjwvc3ZnPg==\" style=\"--smush-placeholder-width: 1024px; --smush-placeholder-aspect-ratio: 1024\/1024;\" \/><\/figure>\n","protected":false},"excerpt":{"rendered":"<p>Pi\u0142karze Skry Cz\u0119stochowa w 32. kolejce Betclic 2. ligi podejmowa\u0107 b\u0119d\u0105 w pi\u0105tek Rekord Bielsko-Bia\u0142a. Cz\u0119stochowianie nie maj\u0105 ju\u017c szans na utrzymanie, bo po<\/p>\n","protected":false},"author":25,"featured_media":136514,"comment_status":"closed","ping_status":"open","sticky":false,"template":"","format":"standard","meta":{"_monsterinsights_skip_tracking":false,"_monsterinsights_sitenote_active":false,"_monsterinsights_sitenote_note":"","_monsterinsights_sitenote_category":0,"_uf_show_specific_survey":0,"_uf_disable_surveys":false,"footnotes":""},"categories":[5,6,94],"tags":[],"class_list":["post-137361","post","type-post","status-publish","format-standard","has-post-thumbnail","hentry","category-sport","category-pilka-nozna","category-polecane"],"_links":{"self":[{"href":"https:\/\/gazetaregionalna.com\/index.php?rest_route=\/wp\/v2\/posts\/137361","targetHints":{"allow":["GET"]}}],"collection":[{"href":"https:\/\/gazetaregionalna.com\/index.php?rest_route=\/wp\/v2\/posts"}],"about":[{"href":"https:\/\/gazetaregionalna.com\/index.php?rest_route=\/wp\/v2\/types\/post"}],"author":[{"embeddable":true,"href":"https:\/\/gazetaregionalna.com\/index.php?rest_route=\/wp\/v2\/users\/25"}],"replies":[{"embeddable":true,"href":"https:\/\/gazetaregionalna.com\/index.php?rest_route=%2Fwp%2Fv2%2Fcomments&post=137361"}],"version-history":[{"count":1,"href":"https:\/\/gazetaregionalna.com\/index.php?rest_route=\/wp\/v2\/posts\/137361\/revisions"}],"predecessor-version":[{"id":137362,"href":"https:\/\/gazetaregionalna.com\/index.php?rest_route=\/wp\/v2\/posts\/137361\/revisions\/137362"}],"wp:featuredmedia":[{"embeddable":true,"href":"https:\/\/gazetaregionalna.com\/index.php?rest_route=\/wp\/v2\/media\/136514"}],"wp:attachment":[{"href":"https:\/\/gazetaregionalna.com\/index.php?rest_route=%2Fwp%2Fv2%2Fmedia&parent=137361"}],"wp:term":[{"taxonomy":"category","embeddable":true,"href":"https:\/\/gazetaregionalna.com\/index.php?rest_route=%2Fwp%2Fv2%2Fcategories&post=137361"},{"taxonomy":"post_tag","embeddable":true,"href":"https:\/\/gazetaregionalna.com\/index.php?rest_route=%2Fwp%2Fv2%2Ftags&post=137361"}],"curies":[{"name":"wp","href":"https:\/\/api.w.org\/{rel}","templated":true}]}}