{"id":137356,"date":"2025-05-21T20:48:52","date_gmt":"2025-05-21T20:48:52","guid":{"rendered":"https:\/\/gazetaregionalna.com\/?p=137356"},"modified":"2025-05-22T05:58:25","modified_gmt":"2025-05-22T05:58:25","slug":"ranking-liceow-2025-czestochowa","status":"publish","type":"post","link":"https:\/\/gazetaregionalna.com\/?p=137356","title":{"rendered":"Ranking Lice\u00f3w 2025. Kt\u00f3ra szko\u0142a z Cz\u0119stochowy trafi\u0142a na pierwsze miejsce?"},"content":{"rendered":"\n<h2 class=\"wp-block-heading\">Ranking Lice\u00f3w 2025, przygotowany przez portal edukacyjny WaszaEdukacja.pl, powsta\u0142 na podstawie wynik\u00f3w egzamin\u00f3w maturalnych z przedmiot\u00f3w na poziomie podstawowym i rozszerzonym. Jak wygl\u0105da zestawienie cz\u0119stochowskich LO? Kt\u00f3re plac\u00f3wki uplasowa\u0142y si\u0119 na podium.<\/h2>\n\n\n\n<p>W Rankingu Lice\u00f3w 2025 portalu WaszaEdukacja.pl uwzgl\u0119dniono tak\u017ce osi\u0105gni\u0119cia uczni\u00f3w w og\u00f3lnopolskich olimpiadach przedmiotowych oraz wska\u017aniki Edukacyjnej Warto\u015bci Dodanej (EWD), kt\u00f3re pokazuj\u0105 post\u0119p edukacyjny uczni\u00f3w w danej szkole.<\/p>\n\n\n\n<p>W tegorocznej edycji uwzgl\u0119dniono 18 lice\u00f3w z Cz\u0119stochowy, kt\u00f3re spe\u0142ni\u0142y wszystkie kryteria regulaminowe.<\/p>\n\n\n\n<p>Dane wykorzystane do stworzenia rankingu pochodz\u0105 wy\u0142\u0105cznie z oficjalnych \u017ar\u00f3de\u0142, takich jak OKE, CKE, MEiN oraz innych instytucji o\u015bwiatowych. <\/p>\n\n\n\n<p>Na pierwszym miejscu rankingu znalaz\u0142o si\u0119 I Liceum im. Juliusza S\u0142owackiego (193 miejsce w Polsce). Tu\u017c za nim IX Liceum im. Cypriana Kamila Norwida (228 w kraju) oraz IV Liceum im. Henryka Sienkiewicza (487 pozycja w Polsce).<\/p>\n\n\n\n<p>Oto dalsze pozycje: 4. &#8211; I Spo\u0142eczne Liceum im. Zbigniewa Herberta STO (535 m. w kraju), 5. &#8211; VII Liceum im. Miko\u0142aja Kopernika (718 m. w kraju), 6. &#8211; III Liceum im. W\u0142adys\u0142awa Biega\u0144skiego (880 m. w kraju),  7. &#8211; Autorskie Liceum Artystyczne I Akademickie ALA (918 m. w kraju), 8. &#8211; Pa\u0144stwowe Lieum Sztuk Plastycznych im. Jacka Malczewskiego (972 m. w kraju), 9. &#8211; Liceum Katolickiego Stowarzyszenia Przyjaci\u00f3\u0142 Szk\u00f3\u0142 Katolickich im. Matki Bo\u017cej Jasnog\u00f3rskiej (1016 m. w kraju), 10. &#8211; II Liceum im. Romualda Traugutta (1140 m. w kraju). <\/p>\n\n\n\n<p>Poza pierwsz\u0105 dziesi\u0105tk\u0105 znalaz\u0142y si\u0119 m.in. V Liceum im. Adama Mickiewicza (11 m. w Cz\u0119stochowie, 1271 m. w kraju) oraz VIII Liceum Samorz\u0105dowe (15 m. w Cz\u0119stochowie, 1637 m. w kraju).<\/p>\n\n\n\n<p>Szczeg\u00f3\u0142y na:<a href=\"https:\/\/waszaedukacja.pl\/ranking\/czestochowa\/licea\" target=\"_blank\" rel=\"noopener\"> waszaedukacja.pl\/ranking\/czestochowa\/licea<\/a><\/p>\n\n\n\n<p><strong>red.<\/strong><\/p>\n","protected":false},"excerpt":{"rendered":"<p>Ranking Lice\u00f3w 2025, przygotowany przez portal edukacyjny WaszaEdukacja.pl, powsta\u0142 na podstawie wynik\u00f3w egzamin\u00f3w maturalnych z przedmiot\u00f3w na poziomie podstawowym i rozszerzonym. Jak wygl\u0105da zestawienie<\/p>\n","protected":false},"author":11,"featured_media":137370,"comment_status":"closed","ping_status":"open","sticky":false,"template":"","format":"standard","meta":{"_monsterinsights_skip_tracking":false,"_monsterinsights_sitenote_active":false,"_monsterinsights_sitenote_note":"","_monsterinsights_sitenote_category":0,"_uf_show_specific_survey":0,"_uf_disable_surveys":false,"footnotes":""},"categories":[3,41,94,2],"tags":[144,9841],"class_list":["post-137356","post","type-post","status-publish","format-standard","has-post-thumbnail","hentry","category-czestochowa-informacje","category-edukacja","category-polecane","category-wiadomosci","tag-czestochowa","tag-ranking-liceow-2025"],"_links":{"self":[{"href":"https:\/\/gazetaregionalna.com\/index.php?rest_route=\/wp\/v2\/posts\/137356","targetHints":{"allow":["GET"]}}],"collection":[{"href":"https:\/\/gazetaregionalna.com\/index.php?rest_route=\/wp\/v2\/posts"}],"about":[{"href":"https:\/\/gazetaregionalna.com\/index.php?rest_route=\/wp\/v2\/types\/post"}],"author":[{"embeddable":true,"href":"https:\/\/gazetaregionalna.com\/index.php?rest_route=\/wp\/v2\/users\/11"}],"replies":[{"embeddable":true,"href":"https:\/\/gazetaregionalna.com\/index.php?rest_route=%2Fwp%2Fv2%2Fcomments&post=137356"}],"version-history":[{"count":2,"href":"https:\/\/gazetaregionalna.com\/index.php?rest_route=\/wp\/v2\/posts\/137356\/revisions"}],"predecessor-version":[{"id":137359,"href":"https:\/\/gazetaregionalna.com\/index.php?rest_route=\/wp\/v2\/posts\/137356\/revisions\/137359"}],"wp:featuredmedia":[{"embeddable":true,"href":"https:\/\/gazetaregionalna.com\/index.php?rest_route=\/wp\/v2\/media\/137370"}],"wp:attachment":[{"href":"https:\/\/gazetaregionalna.com\/index.php?rest_route=%2Fwp%2Fv2%2Fmedia&parent=137356"}],"wp:term":[{"taxonomy":"category","embeddable":true,"href":"https:\/\/gazetaregionalna.com\/index.php?rest_route=%2Fwp%2Fv2%2Fcategories&post=137356"},{"taxonomy":"post_tag","embeddable":true,"href":"https:\/\/gazetaregionalna.com\/index.php?rest_route=%2Fwp%2Fv2%2Ftags&post=137356"}],"curies":[{"name":"wp","href":"https:\/\/api.w.org\/{rel}","templated":true}]}}