{"id":136710,"date":"2025-05-02T17:16:40","date_gmt":"2025-05-02T17:16:40","guid":{"rendered":"https:\/\/gazetaregionalna.com\/?p=136710"},"modified":"2025-05-02T17:16:41","modified_gmt":"2025-05-02T17:16:41","slug":"final-the-voice-kids","status":"publish","type":"post","link":"https:\/\/gazetaregionalna.com\/?p=136710","title":{"rendered":"Julia Szczypior z Cz\u0119stochowy i Zosia W\u00f3jcik z Myszkowa w finale &#8222;The Voice Kids&#8221;"},"content":{"rendered":"\n<h2 class=\"wp-block-heading\">1 maja TVP2 wy\u015bwietli\u0142a przedostatni odcinek &#8222;The Voice Kids&#8221;. W bitwach dru\u017cyny Tomsona i Barona wy\u0142oniono finalist\u00f3w, kt\u00f3rzy powalcz\u0105 o wygran\u0105 programu. W\u015br\u00f3d nich znalaz\u0142a si\u0119 myszkowianka Zosia W\u00f3jcik. To ona wraz z cz\u0119stochowiank\u0105 Juli\u0105 Szczypior pojawi si\u0119 w wielkim finale, kt\u00f3ry odb\u0119dzie si\u0119 w sobot\u0119, 3 maja.<\/h2>\n\n\n\n<p>Podczas specjalnego wydania \u201eMaj\u00f3wka z The Voice Kids\u201d widzowie poznali finalist\u00f3w z dru\u017cyny Tomsona i Barona. To w\u0142a\u015bnie oni, razem z wybranymi uczestnikami z ekip Cleo i Nataszy Urba\u0144skiej, powalcz\u0105 o wygran\u0105 w sobotnim odcinku fina\u0142owym.<\/p>\n\n\n\n<p>W bitwach walczy\u0142a m.in. 14-letnia myszkowianka Zosia W\u00f3jcik. Uczestniczka etapu \u201eSing Off\u201d postanowi\u0142a wykona\u0107 piosenk\u0119 \u201eEnemy\u201d. To utw\u00f3r ameryka\u0144skiego zespo\u0142u Imagine Dragons i ameryka\u0144skiego rapera JID, wydany w 2021 roku jako g\u0142\u00f3wny singel \u015bcie\u017cki d\u017awi\u0119kowej do serialu animowanego \u201eArcane\u201d. <\/p>\n\n\n\n<p>W efekcie to w\u0142a\u015bnie ona oraz Laura Rumpel i Marcel K\u00f3zka trafili do grona finalist\u00f3w. <\/p>\n\n\n\n<figure class=\"wp-block-image size-large\"><img decoding=\"async\" width=\"819\" height=\"1024\" data-src=\"https:\/\/gazetaregionalna.com\/wp-content\/uploads\/2025\/05\/494008506_992180223126382_3089176179576201006_n-819x1024.jpg\" alt=\"\" class=\"wp-image-136714 lazyload\" data-srcset=\"https:\/\/gazetaregionalna.com\/wp-content\/uploads\/2025\/05\/494008506_992180223126382_3089176179576201006_n-819x1024.jpg 819w, https:\/\/gazetaregionalna.com\/wp-content\/uploads\/2025\/05\/494008506_992180223126382_3089176179576201006_n-240x300.jpg 240w, https:\/\/gazetaregionalna.com\/wp-content\/uploads\/2025\/05\/494008506_992180223126382_3089176179576201006_n-768x960.jpg 768w, https:\/\/gazetaregionalna.com\/wp-content\/uploads\/2025\/05\/494008506_992180223126382_3089176179576201006_n.jpg 1080w\" data-sizes=\"(max-width: 819px) 100vw, 819px\" src=\"data:image\/svg+xml;base64,PHN2ZyB3aWR0aD0iMSIgaGVpZ2h0PSIxIiB4bWxucz0iaHR0cDovL3d3dy53My5vcmcvMjAwMC9zdmciPjwvc3ZnPg==\" style=\"--smush-placeholder-width: 819px; --smush-placeholder-aspect-ratio: 819\/1024;\" \/><figcaption class=\"wp-element-caption\">The Voice Kids\/Facebook<\/figcaption><\/figure>\n\n\n\n<p>Przypomnijmy, \u017ce o statuetk\u0119<a href=\"https:\/\/www.facebook.com\/thevoicekidstvp\" target=\"_blank\" rel=\"noopener\"> \u201eThe Voice Kids\u201d<\/a>, kontrakt p\u0142ytowy oraz nagrod\u0119 pieni\u0119\u017cn\u0105 w wysoko\u015bci 50 tysi\u0119cy z\u0142otych walczy\u0107 b\u0119dzie r\u00f3wnie\u017c cz\u0119stochowianka, Julia Szczypior z dru\u017cyny Cleo (piszemy o tym m.in. <a href=\"https:\/\/gazetaregionalna.com\/julia-szczypior-w-finale-the-voice-kids\/\">TUTAJ<\/a>).<\/p>\n\n\n\n<p>W sobot\u0119, 3 maja o godz.20 opr\u00f3cz wyst\u0119p\u00f3w dziewi\u0119ciorga finalist\u00f3w, na scenie pojawi si\u0119 Julia \u017bugaj \u2013 idolka nastolatk\u00f3w \u2013 z przebojem \u201eWiosenny Bez\u201d. Widzowie zobacz\u0105 tak\u017ce Majk\u0119 Je\u017cowsk\u0105, kt\u00f3ra \u015bwi\u0119tuje 45-lecie pracy artystycznej, oraz zwyci\u0119\u017cczyni\u0119 si\u00f3dmej edycji programu \u2013 Michell Siwak. Do grona gwiazd do\u0142\u0105czy Blanka. Od kilku dni uczestniczka fina\u0142u Eurowizji przygotowuje dla widz\u00f3w TVP2 wyj\u0105tkowy wyst\u0119p.<\/p>\n\n\n\n<p>W programie pojawi si\u0119 te\u017c Tribbs w zaskakuj\u0105cym duecie. List\u0119 muzycznych go\u015bci wielkiego fina\u0142u zamknie Natasza Urba\u0144ska ze swoim najnowszym singlem \u201eZasypiam w ogniu\u201d.<\/p>\n\n\n\n<p><strong>red.<\/strong><\/p>\n\n\n\n<p><\/p>\n","protected":false},"excerpt":{"rendered":"<p>1 maja TVP2 wy\u015bwietli\u0142a przedostatni odcinek &#8222;The Voice Kids&#8221;. W bitwach dru\u017cyny Tomsona i Barona wy\u0142oniono finalist\u00f3w, kt\u00f3rzy powalcz\u0105 o wygran\u0105 programu. W\u015br\u00f3d nich<\/p>\n","protected":false},"author":11,"featured_media":136713,"comment_status":"closed","ping_status":"open","sticky":false,"template":"","format":"standard","meta":{"_monsterinsights_skip_tracking":false,"_monsterinsights_sitenote_active":false,"_monsterinsights_sitenote_note":"","_monsterinsights_sitenote_category":0,"_uf_show_specific_survey":0,"_uf_disable_surveys":false,"footnotes":""},"categories":[12,3,2],"tags":[2583,1614,9636,1531],"class_list":["post-136710","post","type-post","status-publish","format-standard","has-post-thumbnail","hentry","category-kultura-i-rozrywka","category-czestochowa-informacje","category-wiadomosci","tag-final","tag-program","tag-the-voice-kids","tag-tvp2"],"_links":{"self":[{"href":"https:\/\/gazetaregionalna.com\/index.php?rest_route=\/wp\/v2\/posts\/136710","targetHints":{"allow":["GET"]}}],"collection":[{"href":"https:\/\/gazetaregionalna.com\/index.php?rest_route=\/wp\/v2\/posts"}],"about":[{"href":"https:\/\/gazetaregionalna.com\/index.php?rest_route=\/wp\/v2\/types\/post"}],"author":[{"embeddable":true,"href":"https:\/\/gazetaregionalna.com\/index.php?rest_route=\/wp\/v2\/users\/11"}],"replies":[{"embeddable":true,"href":"https:\/\/gazetaregionalna.com\/index.php?rest_route=%2Fwp%2Fv2%2Fcomments&post=136710"}],"version-history":[{"count":3,"href":"https:\/\/gazetaregionalna.com\/index.php?rest_route=\/wp\/v2\/posts\/136710\/revisions"}],"predecessor-version":[{"id":136715,"href":"https:\/\/gazetaregionalna.com\/index.php?rest_route=\/wp\/v2\/posts\/136710\/revisions\/136715"}],"wp:featuredmedia":[{"embeddable":true,"href":"https:\/\/gazetaregionalna.com\/index.php?rest_route=\/wp\/v2\/media\/136713"}],"wp:attachment":[{"href":"https:\/\/gazetaregionalna.com\/index.php?rest_route=%2Fwp%2Fv2%2Fmedia&parent=136710"}],"wp:term":[{"taxonomy":"category","embeddable":true,"href":"https:\/\/gazetaregionalna.com\/index.php?rest_route=%2Fwp%2Fv2%2Fcategories&post=136710"},{"taxonomy":"post_tag","embeddable":true,"href":"https:\/\/gazetaregionalna.com\/index.php?rest_route=%2Fwp%2Fv2%2Ftags&post=136710"}],"curies":[{"name":"wp","href":"https:\/\/api.w.org\/{rel}","templated":true}]}}