{"id":136704,"date":"2025-05-02T11:02:16","date_gmt":"2025-05-02T11:02:16","guid":{"rendered":"https:\/\/gazetaregionalna.com\/?p=136704"},"modified":"2025-05-02T11:03:48","modified_gmt":"2025-05-02T11:03:48","slug":"straz-miejska-jednym-pieskiem-nieodpowiedzialnie-opiekowal-sie-wlasciciel-a-drugi-piesek-znalazl-sie-w-kontenerze-na-ubrania","status":"publish","type":"post","link":"https:\/\/gazetaregionalna.com\/?p=136704","title":{"rendered":"Stra\u017c Miejska: Jednym pieskiem nieodpowiedzialnie opiekowa\u0142 si\u0119 w\u0142a\u015bciciel, a drugi piesek ,,znalaz\u0142&#8221; si\u0119 w kontenerze na ubrania&#8230;"},"content":{"rendered":"\n<p>Cz\u0119stochowscy stra\u017cnicy miejscy 1 maja mieli dwie interwencje zwi\u0105zane ze z\u0142\u0105 opiek\u0105 nad zwierz\u0119tami. Obydwa pieski trafi\u0142y do schroniska dla zwierz\u0105t\u2026<\/p>\n\n\n\n<p>1 maja dy\u017curny cz\u0119stochowskiej Stra\u017cy Miejskiej otrzyma\u0142 telefoniczn\u0105 informacj\u0119 o zaniedbanym psie na jednej z posesji w dzielnicy Stradom. Stra\u017cnicy miejscy potwierdzili zg\u0142oszenie. Pies by\u0142 wychudzony, mia\u0142 problemy z tylnymi ko\u0144czynami i samodzielnym poruszaniem si\u0119. Stra\u017cnicy miejscy powiadomili dy\u017curnego z II Komisariatu Policji. W trakcie czynno\u015bci w\u0142a\u015bciciel zrzek\u0142 si\u0119 prawa do psa. Pies trafi\u0142 do schroniska dla zwierz\u0105t, gdzie otrzyma\u0142 niezb\u0119dn\u0105 pomoc.<\/p>\n\n\n\n<p>Tego samego dnia stra\u017cnicy miejscy interweniowali przy ul. \u0179r\u00f3dlanej, gdzie zgodnie ze zg\u0142oszeniem w kontenerze na ubrania mia\u0142o znajdowa\u0107 si\u0119 jakie\u015b zwierz\u0119. Na miejscu stra\u017cnicy miejscy zastali jednostk\u0119 Stra\u017cy Po\u017carnej. Stra\u017cacy uwolnili z kontenera szczeniaka psa. W uzgodnieniu z dy\u017curnym II Komisariatu Policji piesek zosta\u0142 przewieziony do schroniska dla bezdomnych zwierz\u0105t i tam otrzyma\u0142 pomoc.<\/p>\n\n\n\n<p>\u0179r\u00f3d\u0142o: www.sm.czestochowa.pl <\/p>\n","protected":false},"excerpt":{"rendered":"<p>Cz\u0119stochowscy stra\u017cnicy miejscy 1 maja mieli dwie interwencje zwi\u0105zane ze z\u0142\u0105 opiek\u0105 nad zwierz\u0119tami. Obydwa pieski trafi\u0142y do schroniska dla zwierz\u0105t\u2026 1 maja dy\u017curny<\/p>\n","protected":false},"author":25,"featured_media":131545,"comment_status":"closed","ping_status":"open","sticky":false,"template":"","format":"standard","meta":{"_monsterinsights_skip_tracking":false,"_monsterinsights_sitenote_active":false,"_monsterinsights_sitenote_note":"","_monsterinsights_sitenote_category":0,"_uf_show_specific_survey":0,"_uf_disable_surveys":false,"footnotes":""},"categories":[94,3,2],"tags":[],"class_list":["post-136704","post","type-post","status-publish","format-standard","has-post-thumbnail","hentry","category-polecane","category-czestochowa-informacje","category-wiadomosci"],"_links":{"self":[{"href":"https:\/\/gazetaregionalna.com\/index.php?rest_route=\/wp\/v2\/posts\/136704","targetHints":{"allow":["GET"]}}],"collection":[{"href":"https:\/\/gazetaregionalna.com\/index.php?rest_route=\/wp\/v2\/posts"}],"about":[{"href":"https:\/\/gazetaregionalna.com\/index.php?rest_route=\/wp\/v2\/types\/post"}],"author":[{"embeddable":true,"href":"https:\/\/gazetaregionalna.com\/index.php?rest_route=\/wp\/v2\/users\/25"}],"replies":[{"embeddable":true,"href":"https:\/\/gazetaregionalna.com\/index.php?rest_route=%2Fwp%2Fv2%2Fcomments&post=136704"}],"version-history":[{"count":4,"href":"https:\/\/gazetaregionalna.com\/index.php?rest_route=\/wp\/v2\/posts\/136704\/revisions"}],"predecessor-version":[{"id":136709,"href":"https:\/\/gazetaregionalna.com\/index.php?rest_route=\/wp\/v2\/posts\/136704\/revisions\/136709"}],"wp:featuredmedia":[{"embeddable":true,"href":"https:\/\/gazetaregionalna.com\/index.php?rest_route=\/wp\/v2\/media\/131545"}],"wp:attachment":[{"href":"https:\/\/gazetaregionalna.com\/index.php?rest_route=%2Fwp%2Fv2%2Fmedia&parent=136704"}],"wp:term":[{"taxonomy":"category","embeddable":true,"href":"https:\/\/gazetaregionalna.com\/index.php?rest_route=%2Fwp%2Fv2%2Fcategories&post=136704"},{"taxonomy":"post_tag","embeddable":true,"href":"https:\/\/gazetaregionalna.com\/index.php?rest_route=%2Fwp%2Fv2%2Ftags&post=136704"}],"curies":[{"name":"wp","href":"https:\/\/api.w.org\/{rel}","templated":true}]}}