{"id":136701,"date":"2025-05-02T07:21:30","date_gmt":"2025-05-02T07:21:30","guid":{"rendered":"https:\/\/gazetaregionalna.com\/?p=136701"},"modified":"2025-05-02T07:21:32","modified_gmt":"2025-05-02T07:21:32","slug":"czestochowska-straz-miejska-realizowala-1-maja-telefoniczne-zgloszenia-mieszkanek-i-mieszkancow","status":"publish","type":"post","link":"https:\/\/gazetaregionalna.com\/?p=136701","title":{"rendered":"Cz\u0119stochowska Stra\u017c Miejska realizowa\u0142a 1 maja telefoniczne zg\u0142oszenia mieszkanek i mieszka\u0144c\u00f3w&#8230;"},"content":{"rendered":"\n<p>Dy\u017curni cz\u0119stochowskiej Stra\u017cy Miejskiej przyj\u0119li 30 kwietnia i 1 maja 84 telefoniczne zg\u0142oszenia od mieszkanek i mieszka\u0144c\u00f3w miasta. 1 maja min\u0105\u0142 bez powa\u017cniejszych incydent\u00f3w.<\/p>\n\n\n\n<p>Trwa d\u0142ugi weekend. Wi\u0119kszo\u015b\u0107 os\u00f3b w pi\u0105tek, 2 maja ma wolne i przez to maj\u0105 d\u0142ugi majowy weekend. Cz\u0119stochowscy stra\u017cnicy miejscy patroluj\u0105 ulice miasta i realizuj\u0105 zg\u0142oszenia mieszkanek i mieszka\u0144c\u00f3w. W ci\u0105gu miniony dw\u00f3ch dni najwi\u0119cej zg\u0142osze\u0144 by\u0142o zwi\u0105zanych z zak\u0142\u00f3caniem spokoju i porz\u0105dku publicznego oraz spo\u017cywaniem alkoholu w miejscach publicznych. By\u0142y to 23 zg\u0142oszenia.<\/p>\n\n\n\n<p>W trakcie minionych dw\u00f3ch dni (\u015broda 30 kwietnia i czwartek 1 maja) pracownicy Stra\u017cy Miejskiej z referatu ds. monitoringu wizyjnego przeprowadzili 28 obserwacji, kt\u00f3re wymaga\u0142y interwencji s\u0142u\u017cb. 21 interwencji z monitoringu zrealizowali stra\u017cnicy miejscy, a pozosta\u0142e interwencje przekazano do realizacji innym s\u0142u\u017cbom.<\/p>\n\n\n\n<p>Opr\u00f3cz interwencji zg\u0142oszonych przez mieszka\u0144c\u00f3w miasta cz\u0119stochowscy stra\u017cnicy miejscy podejmowali te\u017c w\u0142asne dzia\u0142ania podczas s\u0142u\u017cby patrolowej.<\/p>\n\n\n\n<p><\/p>\n\n\n\n<p>W czwartek 1 maja cz\u0119stochowscy stra\u017cnicy miejscy zabezpieczali te\u017c kilka wydarze\u0144 plenerowych. Jednym z nich by\u0142o zgromadzenie odbywaj\u0105ce si\u0119 na Placu Pami\u0119ci Narodowej.<\/p>\n\n\n\n<p>\u0179r\u00f3d\u0142o: www.sm.czestochowa.pl <\/p>\n","protected":false},"excerpt":{"rendered":"<p>Dy\u017curni cz\u0119stochowskiej Stra\u017cy Miejskiej przyj\u0119li 30 kwietnia i 1 maja 84 telefoniczne zg\u0142oszenia od mieszkanek i mieszka\u0144c\u00f3w miasta. 1 maja min\u0105\u0142 bez powa\u017cniejszych incydent\u00f3w.<\/p>\n","protected":false},"author":25,"featured_media":136702,"comment_status":"closed","ping_status":"open","sticky":false,"template":"","format":"standard","meta":{"_monsterinsights_skip_tracking":false,"_monsterinsights_sitenote_active":false,"_monsterinsights_sitenote_note":"","_monsterinsights_sitenote_category":0,"_uf_show_specific_survey":0,"_uf_disable_surveys":false,"footnotes":""},"categories":[94,3,2],"tags":[],"class_list":["post-136701","post","type-post","status-publish","format-standard","has-post-thumbnail","hentry","category-polecane","category-czestochowa-informacje","category-wiadomosci"],"_links":{"self":[{"href":"https:\/\/gazetaregionalna.com\/index.php?rest_route=\/wp\/v2\/posts\/136701","targetHints":{"allow":["GET"]}}],"collection":[{"href":"https:\/\/gazetaregionalna.com\/index.php?rest_route=\/wp\/v2\/posts"}],"about":[{"href":"https:\/\/gazetaregionalna.com\/index.php?rest_route=\/wp\/v2\/types\/post"}],"author":[{"embeddable":true,"href":"https:\/\/gazetaregionalna.com\/index.php?rest_route=\/wp\/v2\/users\/25"}],"replies":[{"embeddable":true,"href":"https:\/\/gazetaregionalna.com\/index.php?rest_route=%2Fwp%2Fv2%2Fcomments&post=136701"}],"version-history":[{"count":1,"href":"https:\/\/gazetaregionalna.com\/index.php?rest_route=\/wp\/v2\/posts\/136701\/revisions"}],"predecessor-version":[{"id":136703,"href":"https:\/\/gazetaregionalna.com\/index.php?rest_route=\/wp\/v2\/posts\/136701\/revisions\/136703"}],"wp:featuredmedia":[{"embeddable":true,"href":"https:\/\/gazetaregionalna.com\/index.php?rest_route=\/wp\/v2\/media\/136702"}],"wp:attachment":[{"href":"https:\/\/gazetaregionalna.com\/index.php?rest_route=%2Fwp%2Fv2%2Fmedia&parent=136701"}],"wp:term":[{"taxonomy":"category","embeddable":true,"href":"https:\/\/gazetaregionalna.com\/index.php?rest_route=%2Fwp%2Fv2%2Fcategories&post=136701"},{"taxonomy":"post_tag","embeddable":true,"href":"https:\/\/gazetaregionalna.com\/index.php?rest_route=%2Fwp%2Fv2%2Ftags&post=136701"}],"curies":[{"name":"wp","href":"https:\/\/api.w.org\/{rel}","templated":true}]}}