{"id":13658,"date":"2020-06-08T13:07:19","date_gmt":"2020-06-08T13:07:19","guid":{"rendered":"https:\/\/gazetaregionalna.com\/?p=13658"},"modified":"2020-06-08T13:09:58","modified_gmt":"2020-06-08T13:09:58","slug":"budzet","status":"publish","type":"post","link":"https:\/\/gazetaregionalna.com\/?p=13658","title":{"rendered":"Rusza Blachownia\u0144ski Bud\u017cet Obywatelski na rok 2021."},"content":{"rendered":"\n<p> 23 czerwca rusza Blachownia\u0144ski Bud\u017cet Obywatelski, na kt\u00f3ry gmina przeznaczy kwot\u0119 350.000,00 z\u0142. Nab\u00f3r wniosk\u00f3w potrwa do 22 lipca. <\/p>\n\n\n\n<p> Jak na razie w dotychczasowych pi\u0119ciu&nbsp;Edycjach, BO&nbsp;zrealizowano lub przygotowuje si\u0119 do realizacji \u0142\u0105cznie 75 zada\u0144 na og\u00f3ln\u0105 kwot\u0119 ok. 1 mln 750&nbsp;tys.&nbsp;z\u0142. <\/p>\n\n\n\n<figure class=\"wp-block-image size-large\"><img decoding=\"async\" width=\"724\" height=\"1024\" data-src=\"https:\/\/gazetaregionalna.com\/wp-content\/uploads\/2020\/06\/podzialsrodkowblbo2021-724x1024.jpg\" alt=\"\" class=\"wp-image-13660 lazyload\" data-srcset=\"https:\/\/gazetaregionalna.com\/wp-content\/uploads\/2020\/06\/podzialsrodkowblbo2021-724x1024.jpg 724w, https:\/\/gazetaregionalna.com\/wp-content\/uploads\/2020\/06\/podzialsrodkowblbo2021-212x300.jpg 212w, https:\/\/gazetaregionalna.com\/wp-content\/uploads\/2020\/06\/podzialsrodkowblbo2021-768x1086.jpg 768w, https:\/\/gazetaregionalna.com\/wp-content\/uploads\/2020\/06\/podzialsrodkowblbo2021-1086x1536.jpg 1086w, https:\/\/gazetaregionalna.com\/wp-content\/uploads\/2020\/06\/podzialsrodkowblbo2021-696x985.jpg 696w, https:\/\/gazetaregionalna.com\/wp-content\/uploads\/2020\/06\/podzialsrodkowblbo2021-1068x1511.jpg 1068w, https:\/\/gazetaregionalna.com\/wp-content\/uploads\/2020\/06\/podzialsrodkowblbo2021-297x420.jpg 297w, https:\/\/gazetaregionalna.com\/wp-content\/uploads\/2020\/06\/podzialsrodkowblbo2021.jpg 1131w\" data-sizes=\"(max-width: 724px) 100vw, 724px\" src=\"data:image\/svg+xml;base64,PHN2ZyB3aWR0aD0iMSIgaGVpZ2h0PSIxIiB4bWxucz0iaHR0cDovL3d3dy53My5vcmcvMjAwMC9zdmciPjwvc3ZnPg==\" style=\"--smush-placeholder-width: 724px; --smush-placeholder-aspect-ratio: 724\/1024;\" \/><figcaption>(Fot. Gmina Blachownia)<\/figcaption><\/figure>\n\n\n\n<p>(\u0179r\u00f3d\u0142o: Gmina Blachownia)<\/p>\n","protected":false},"excerpt":{"rendered":"<p>23 czerwca rusza Blachownia\u0144ski Bud\u017cet Obywatelski, na kt\u00f3ry gmina przeznaczy kwot\u0119 350.000,00 z\u0142. Nab\u00f3r wniosk\u00f3w potrwa do 22 lipca. Jak na razie w dotychczasowych<\/p>\n","protected":false},"author":12,"featured_media":13659,"comment_status":"open","ping_status":"open","sticky":false,"template":"","format":"standard","meta":{"_monsterinsights_skip_tracking":false,"_monsterinsights_sitenote_active":false,"_monsterinsights_sitenote_note":"","_monsterinsights_sitenote_category":0,"_uf_show_specific_survey":0,"_uf_disable_surveys":false,"footnotes":""},"categories":[33,3,42,4,2],"tags":[],"class_list":["post-13658","post","type-post","status-publish","format-standard","has-post-thumbnail","hentry","category-inwestycje","category-czestochowa-informacje","category-finanse","category-region","category-wiadomosci"],"_links":{"self":[{"href":"https:\/\/gazetaregionalna.com\/index.php?rest_route=\/wp\/v2\/posts\/13658","targetHints":{"allow":["GET"]}}],"collection":[{"href":"https:\/\/gazetaregionalna.com\/index.php?rest_route=\/wp\/v2\/posts"}],"about":[{"href":"https:\/\/gazetaregionalna.com\/index.php?rest_route=\/wp\/v2\/types\/post"}],"author":[{"embeddable":true,"href":"https:\/\/gazetaregionalna.com\/index.php?rest_route=\/wp\/v2\/users\/12"}],"replies":[{"embeddable":true,"href":"https:\/\/gazetaregionalna.com\/index.php?rest_route=%2Fwp%2Fv2%2Fcomments&post=13658"}],"version-history":[{"count":2,"href":"https:\/\/gazetaregionalna.com\/index.php?rest_route=\/wp\/v2\/posts\/13658\/revisions"}],"predecessor-version":[{"id":13662,"href":"https:\/\/gazetaregionalna.com\/index.php?rest_route=\/wp\/v2\/posts\/13658\/revisions\/13662"}],"wp:featuredmedia":[{"embeddable":true,"href":"https:\/\/gazetaregionalna.com\/index.php?rest_route=\/wp\/v2\/media\/13659"}],"wp:attachment":[{"href":"https:\/\/gazetaregionalna.com\/index.php?rest_route=%2Fwp%2Fv2%2Fmedia&parent=13658"}],"wp:term":[{"taxonomy":"category","embeddable":true,"href":"https:\/\/gazetaregionalna.com\/index.php?rest_route=%2Fwp%2Fv2%2Fcategories&post=13658"},{"taxonomy":"post_tag","embeddable":true,"href":"https:\/\/gazetaregionalna.com\/index.php?rest_route=%2Fwp%2Fv2%2Ftags&post=13658"}],"curies":[{"name":"wp","href":"https:\/\/api.w.org\/{rel}","templated":true}]}}