{"id":136576,"date":"2025-04-28T07:08:56","date_gmt":"2025-04-28T07:08:56","guid":{"rendered":"https:\/\/gazetaregionalna.com\/?p=136576"},"modified":"2025-04-28T07:08:57","modified_gmt":"2025-04-28T07:08:57","slug":"straznicy-miejscy-realizowali-telefoniczne-zgloszenia-mieszkancow-czestochowy-i-zabezpieczali-imprezy-plenerowe","status":"publish","type":"post","link":"https:\/\/gazetaregionalna.com\/?p=136576","title":{"rendered":"Stra\u017cnicy miejscy realizowali telefoniczne zg\u0142oszenia mieszka\u0144c\u00f3w Cz\u0119stochowy i zabezpieczali imprezy plenerowe&#8230;"},"content":{"rendered":"\n<p>Dy\u017curni cz\u0119stochowskiej Stra\u017cy Miejskiej przyj\u0119li w trakcie minionego weekendu 137 telefonicznych zg\u0142osze\u0144 od mieszkanek i mieszka\u0144c\u00f3w miasta.<\/p>\n\n\n\n<p>Najwi\u0119cej zg\u0142osze\u0144 w miniony weekend dotyczy\u0142o zak\u0142\u00f3cania spokoju i porz\u0105dku publicznego oraz spo\u017cywania alkoholu w miejscach publicznych. By\u0142o to 44 zg\u0142osze\u0144. Na drugim miejscu znalaz\u0142y si\u0119 zg\u0142oszenia zwi\u0105zane z wykroczeniami drogowymi. By\u0142o to 30 takich przypadk\u00f3w.<\/p>\n\n\n\n<p>W trakcie weekendu pracownicy Stra\u017cy Miejskiej z referatu ds. monitoringu wizyjnego przeprowadzili 16 obserwacji, kt\u00f3re wymaga\u0142y interwencji s\u0142u\u017cb. 14 interwencji z monitoringu zrealizowali stra\u017cnicy miejscy, a pozosta\u0142e interwencje przekazano do realizacji innym s\u0142u\u017cbom.<\/p>\n\n\n\n<p>Opr\u00f3cz interwencji zg\u0142oszonych przez mieszka\u0144c\u00f3w miasta cz\u0119stochowscy stra\u017cnicy miejscy podejmowali te\u017c w\u0142asne dzia\u0142ania podczas s\u0142u\u017cby patrolowej.<\/p>\n\n\n\n<p>Podczas weekendu stra\u017cnicy miejscy zabezpieczali te\u017c imprezy plenerowe. Jedn\u0105 z nich by\u0142 niedzielny zlot motocyklist\u00f3w na Jasn\u0105 G\u00f3r\u0119.<\/p>\n\n\n\n<p>\u0179r\u00f3d\u0142o: www.sm.czestochowa.pl<\/p>\n","protected":false},"excerpt":{"rendered":"<p>Dy\u017curni cz\u0119stochowskiej Stra\u017cy Miejskiej przyj\u0119li w trakcie minionego weekendu 137 telefonicznych zg\u0142osze\u0144 od mieszkanek i mieszka\u0144c\u00f3w miasta. Najwi\u0119cej zg\u0142osze\u0144 w miniony weekend dotyczy\u0142o zak\u0142\u00f3cania<\/p>\n","protected":false},"author":25,"featured_media":136577,"comment_status":"closed","ping_status":"open","sticky":false,"template":"","format":"standard","meta":{"_monsterinsights_skip_tracking":false,"_monsterinsights_sitenote_active":false,"_monsterinsights_sitenote_note":"","_monsterinsights_sitenote_category":0,"_uf_show_specific_survey":0,"_uf_disable_surveys":false,"footnotes":""},"categories":[94,3,2],"tags":[],"class_list":["post-136576","post","type-post","status-publish","format-standard","has-post-thumbnail","hentry","category-polecane","category-czestochowa-informacje","category-wiadomosci"],"_links":{"self":[{"href":"https:\/\/gazetaregionalna.com\/index.php?rest_route=\/wp\/v2\/posts\/136576","targetHints":{"allow":["GET"]}}],"collection":[{"href":"https:\/\/gazetaregionalna.com\/index.php?rest_route=\/wp\/v2\/posts"}],"about":[{"href":"https:\/\/gazetaregionalna.com\/index.php?rest_route=\/wp\/v2\/types\/post"}],"author":[{"embeddable":true,"href":"https:\/\/gazetaregionalna.com\/index.php?rest_route=\/wp\/v2\/users\/25"}],"replies":[{"embeddable":true,"href":"https:\/\/gazetaregionalna.com\/index.php?rest_route=%2Fwp%2Fv2%2Fcomments&post=136576"}],"version-history":[{"count":1,"href":"https:\/\/gazetaregionalna.com\/index.php?rest_route=\/wp\/v2\/posts\/136576\/revisions"}],"predecessor-version":[{"id":136578,"href":"https:\/\/gazetaregionalna.com\/index.php?rest_route=\/wp\/v2\/posts\/136576\/revisions\/136578"}],"wp:featuredmedia":[{"embeddable":true,"href":"https:\/\/gazetaregionalna.com\/index.php?rest_route=\/wp\/v2\/media\/136577"}],"wp:attachment":[{"href":"https:\/\/gazetaregionalna.com\/index.php?rest_route=%2Fwp%2Fv2%2Fmedia&parent=136576"}],"wp:term":[{"taxonomy":"category","embeddable":true,"href":"https:\/\/gazetaregionalna.com\/index.php?rest_route=%2Fwp%2Fv2%2Fcategories&post=136576"},{"taxonomy":"post_tag","embeddable":true,"href":"https:\/\/gazetaregionalna.com\/index.php?rest_route=%2Fwp%2Fv2%2Ftags&post=136576"}],"curies":[{"name":"wp","href":"https:\/\/api.w.org\/{rel}","templated":true}]}}