{"id":136572,"date":"2025-04-27T21:28:38","date_gmt":"2025-04-27T21:28:38","guid":{"rendered":"https:\/\/gazetaregionalna.com\/?p=136572"},"modified":"2025-04-27T21:28:39","modified_gmt":"2025-04-27T21:28:39","slug":"czestochowa-rekrutacja-uzupelniajaca-przedszkola","status":"publish","type":"post","link":"https:\/\/gazetaregionalna.com\/?p=136572","title":{"rendered":"Cz\u0119stochowa. Rekrutacja uzupe\u0142niaj\u0105ca w przedszkolach i oddzia\u0142ach przedszkolnych"},"content":{"rendered":"\n<h2 class=\"wp-block-heading\">Rekrutacja uzupe\u0142niaj\u0105ca do cz\u0119stochowskich przedszkoli potrwa od 28 kwietnia do 5 maja.<\/h2>\n\n\n\n<p>Rekrutacja uzupe\u0142niaj\u0105ca do publicznych przedszkoli, oddzia\u0142\u00f3w przedszkolnych w publicznych szko\u0142ach podstawowych i zespo\u0142ach na rok szkolny 2025\/2026 odbywa si\u0119 z wykorzystaniem systemu elektronicznego na stronie internetowej.<\/p>\n\n\n\n<p>Je\u015bli rodzic nie ma mo\u017cliwo\u015bci elektronicznego wype\u0142nienia wniosku, mo\u017ce go otrzyma\u0107 w wersji papierowej w przedszkolu lub bior\u0105cej udzia\u0142 w rekrutacji szkole podstawowej. Po wype\u0142nieniu trzeba z\u0142o\u017cy\u0107 go w plac\u00f3wce pierwszego wyboru. Czas na to (w ka\u017cdym przypadku) wyznaczono od 28 kwietnia do 5 maja.<\/p>\n\n\n\n<p>Dyrektorzy przedszkoli i szk\u00f3\u0142 z oddzia\u0142ami przedszkolnymi wska\u017c\u0105 spos\u00f3b sk\u0142adania wniosk\u00f3w (a tak\u017ce pobrania druku wniosku, gdy rodzic nie ma mo\u017cliwo\u015bci wype\u0142nienia go elektronicznie). Dlatego nale\u017cy zagl\u0105da\u0107 na stron\u0119 internetow\u0105 wybranej plac\u00f3wki lub wcze\u015bniej skontaktowa\u0107 si\u0119 z ni\u0105 telefonicznie.<\/p>\n\n\n\n<p>Post\u0119powanie uzupe\u0142niaj\u0105ce odb\u0119dzie si\u0119 wed\u0142ug takich samych zasad jak poprzednia rekrutacja. B\u0119d\u0105 mogli bra\u0107 w nim udzia\u0142 tylko ci kandydaci, kt\u00f3rzy nie s\u0105 przyj\u0119ci w poprzednim etapie rekrutacji (przy pr\u00f3bie wpisania nr PESEL kandydata, kt\u00f3ry ma status \u201eprzyj\u0119ty\u201d, nie b\u0119dzie mo\u017cliwe za\u0142o\u017cenie lub zmodyfikowanie konta).<\/p>\n\n\n\n<p>Przy wykorzystaniu systemu elektronicznego \u017cadnego znaczenia nie b\u0119dzie mia\u0142a kolejno\u015b\u0107 uzupe\u0142niania i sk\u0142adania wniosk\u00f3w pod warunkiem zachowania obowi\u0105zuj\u0105cych termin\u00f3w.<\/p>\n\n\n\n<p>System pozwala na kandydowanie r\u00f3wnocze\u015bnie do 3 przedszkoli lub oddzia\u0142\u00f3w przedszkolnych w kolejno\u015bci zgodnej z preferencj\u0105.<\/p>\n\n\n\n<p><strong>Uwaga! Po zalogowaniu w systemie widoczne b\u0119d\u0105 wy\u0142\u0105cznie te przedszkola, kt\u00f3re maj\u0105 wolne miejsca. Je\u015bli przedszkola, do kt\u00f3rego chcemy zapisa\u0107 dziecko, nie ma na li\u015bcie plac\u00f3wek do wyboru, oznacza to, \u017ce nie jest w nim prowadzona rekrutacja uzupe\u0142niaj\u0105ca.<\/strong><\/p>\n\n\n\n<p>Rekrutacja dzieci z niepe\u0142nosprawno\u015bciami, maj\u0105cych orzeczenie o potrzebie kszta\u0142cenia specjalnego, do przedszkoli integracyjnych i oddzia\u0142\u00f3w integracyjnych w przedszkolach b\u0119dzie przeprowadzona odr\u0119bnie. Rodzice tych dzieci zg\u0142aszaj\u0105 si\u0119 bezpo\u015brednio do w\u0142a\u015bciwej plac\u00f3wki integracyjnej lub z oddzia\u0142ami integracyjnymi, w kt\u00f3rej b\u0119dzie prowadzony nab\u00f3r i tam sk\u0142adaj\u0105 wnioski.<\/p>\n\n\n\n<p><strong>UM Cz\u0119stochowy, red.<\/strong><\/p>\n","protected":false},"excerpt":{"rendered":"<p>Rekrutacja uzupe\u0142niaj\u0105ca do cz\u0119stochowskich przedszkoli potrwa od 28 kwietnia do 5 maja. Rekrutacja uzupe\u0142niaj\u0105ca do publicznych przedszkoli, oddzia\u0142\u00f3w przedszkolnych w publicznych szko\u0142ach podstawowych i<\/p>\n","protected":false},"author":11,"featured_media":136574,"comment_status":"closed","ping_status":"open","sticky":false,"template":"","format":"standard","meta":{"_monsterinsights_skip_tracking":false,"_monsterinsights_sitenote_active":false,"_monsterinsights_sitenote_note":"","_monsterinsights_sitenote_category":0,"_uf_show_specific_survey":0,"_uf_disable_surveys":false,"footnotes":""},"categories":[3,41,2],"tags":[144,7454,214,2011],"class_list":["post-136572","post","type-post","status-publish","format-standard","has-post-thumbnail","hentry","category-czestochowa-informacje","category-edukacja","category-wiadomosci","tag-czestochowa","tag-oddzialy-przedszkolne","tag-przedszkola","tag-rekrutacja"],"_links":{"self":[{"href":"https:\/\/gazetaregionalna.com\/index.php?rest_route=\/wp\/v2\/posts\/136572","targetHints":{"allow":["GET"]}}],"collection":[{"href":"https:\/\/gazetaregionalna.com\/index.php?rest_route=\/wp\/v2\/posts"}],"about":[{"href":"https:\/\/gazetaregionalna.com\/index.php?rest_route=\/wp\/v2\/types\/post"}],"author":[{"embeddable":true,"href":"https:\/\/gazetaregionalna.com\/index.php?rest_route=\/wp\/v2\/users\/11"}],"replies":[{"embeddable":true,"href":"https:\/\/gazetaregionalna.com\/index.php?rest_route=%2Fwp%2Fv2%2Fcomments&post=136572"}],"version-history":[{"count":1,"href":"https:\/\/gazetaregionalna.com\/index.php?rest_route=\/wp\/v2\/posts\/136572\/revisions"}],"predecessor-version":[{"id":136573,"href":"https:\/\/gazetaregionalna.com\/index.php?rest_route=\/wp\/v2\/posts\/136572\/revisions\/136573"}],"wp:featuredmedia":[{"embeddable":true,"href":"https:\/\/gazetaregionalna.com\/index.php?rest_route=\/wp\/v2\/media\/136574"}],"wp:attachment":[{"href":"https:\/\/gazetaregionalna.com\/index.php?rest_route=%2Fwp%2Fv2%2Fmedia&parent=136572"}],"wp:term":[{"taxonomy":"category","embeddable":true,"href":"https:\/\/gazetaregionalna.com\/index.php?rest_route=%2Fwp%2Fv2%2Fcategories&post=136572"},{"taxonomy":"post_tag","embeddable":true,"href":"https:\/\/gazetaregionalna.com\/index.php?rest_route=%2Fwp%2Fv2%2Ftags&post=136572"}],"curies":[{"name":"wp","href":"https:\/\/api.w.org\/{rel}","templated":true}]}}