{"id":136486,"date":"2025-04-23T20:55:24","date_gmt":"2025-04-23T20:55:24","guid":{"rendered":"https:\/\/gazetaregionalna.com\/?p=136486"},"modified":"2025-04-23T20:55:25","modified_gmt":"2025-04-23T20:55:25","slug":"prowadzil-miejski-autobus-majac-05-prom-alkoholu","status":"publish","type":"post","link":"https:\/\/gazetaregionalna.com\/?p=136486","title":{"rendered":"Cz\u0119stochowa. Prowadzi\u0142 miejski autobus maj\u0105c 0,5 prom. alkoholu"},"content":{"rendered":"\n<h2 class=\"wp-block-heading\">22 kwietnia na terenie Cz\u0119stochowy i powiatu prowadzono policyjn\u0105 akcj\u0119 &#8222;Trze\u017awo\u015b\u0107\u201d. Jednym z badanych kierowc\u00f3w by\u0142 46-latek, kt\u00f3ry kierowa\u0142&#8230; autobusem miejskim. M\u0119\u017cczyzna mia\u0142 ponad 0,5 promila alkoholu w wydychanym powietrzu i w takim stanie przewozi\u0142 pasa\u017cer\u00f3w.<\/h2>\n\n\n\n<p>We wtorek, po godzinie 5, w trakcie\u00a0akcji \u201eTrze\u017awo\u015b\u0107\u201d, funkcjonariusze z wydzia\u0142u ruchu drogowego cz\u0119stochowskiej komendy zatrzymali do kontroli drogowej kierowc\u0119\u00a0autobusu\u00a0miejskiego &#8211;\u00a046-latka. Jak ustalili, m\u0119\u017cczyzna wykonywa\u0142 rozk\u0142adowy kurs przewozu os\u00f3b i w chwili kontroli w autobusie znajdowa\u0142o si\u0119\u00a010 pasa\u017cer\u00f3w. Gdy policjanci wst\u0119pnie sprawdzili stan trze\u017awo\u015bci kierowcy, okaza\u0142o si\u0119, \u017ce ma w organizmie ponad 0,5 prom. alkoholu.\u00a0<br><br>Kierowca\u00a0straci\u0142 prawo jazdy. Za prowadzenie pojazdu w stanie nietrze\u017awo\u015bci grozi mu dodatkowo wysoka grzywna oraz kara nawet 3 lat wi\u0119zienia.\u00a0<br><strong><br>mat. KMP w Cz\u0119stochowie<\/strong><\/p>\n","protected":false},"excerpt":{"rendered":"<p>22 kwietnia na terenie Cz\u0119stochowy i powiatu prowadzono policyjn\u0105 akcj\u0119 &#8222;Trze\u017awo\u015b\u0107\u201d. Jednym z badanych kierowc\u00f3w by\u0142 46-latek, kt\u00f3ry kierowa\u0142&#8230; autobusem miejskim. M\u0119\u017cczyzna mia\u0142 ponad<\/p>\n","protected":false},"author":11,"featured_media":125062,"comment_status":"closed","ping_status":"open","sticky":false,"template":"","format":"standard","meta":{"_monsterinsights_skip_tracking":false,"_monsterinsights_sitenote_active":false,"_monsterinsights_sitenote_note":"","_monsterinsights_sitenote_category":0,"_uf_show_specific_survey":0,"_uf_disable_surveys":false,"footnotes":""},"categories":[3,44,2],"tags":[9782,144,9490,103],"class_list":["post-136486","post","type-post","status-publish","format-standard","has-post-thumbnail","hentry","category-czestochowa-informacje","category-bezpieczenstwo","category-wiadomosci","tag-akcja-trzezwosc","tag-czestochowa","tag-nietrzezwy-kierowca","tag-policja"],"_links":{"self":[{"href":"https:\/\/gazetaregionalna.com\/index.php?rest_route=\/wp\/v2\/posts\/136486","targetHints":{"allow":["GET"]}}],"collection":[{"href":"https:\/\/gazetaregionalna.com\/index.php?rest_route=\/wp\/v2\/posts"}],"about":[{"href":"https:\/\/gazetaregionalna.com\/index.php?rest_route=\/wp\/v2\/types\/post"}],"author":[{"embeddable":true,"href":"https:\/\/gazetaregionalna.com\/index.php?rest_route=\/wp\/v2\/users\/11"}],"replies":[{"embeddable":true,"href":"https:\/\/gazetaregionalna.com\/index.php?rest_route=%2Fwp%2Fv2%2Fcomments&post=136486"}],"version-history":[{"count":1,"href":"https:\/\/gazetaregionalna.com\/index.php?rest_route=\/wp\/v2\/posts\/136486\/revisions"}],"predecessor-version":[{"id":136487,"href":"https:\/\/gazetaregionalna.com\/index.php?rest_route=\/wp\/v2\/posts\/136486\/revisions\/136487"}],"wp:featuredmedia":[{"embeddable":true,"href":"https:\/\/gazetaregionalna.com\/index.php?rest_route=\/wp\/v2\/media\/125062"}],"wp:attachment":[{"href":"https:\/\/gazetaregionalna.com\/index.php?rest_route=%2Fwp%2Fv2%2Fmedia&parent=136486"}],"wp:term":[{"taxonomy":"category","embeddable":true,"href":"https:\/\/gazetaregionalna.com\/index.php?rest_route=%2Fwp%2Fv2%2Fcategories&post=136486"},{"taxonomy":"post_tag","embeddable":true,"href":"https:\/\/gazetaregionalna.com\/index.php?rest_route=%2Fwp%2Fv2%2Ftags&post=136486"}],"curies":[{"name":"wp","href":"https:\/\/api.w.org\/{rel}","templated":true}]}}