{"id":136480,"date":"2025-04-24T05:02:00","date_gmt":"2025-04-24T05:02:00","guid":{"rendered":"https:\/\/gazetaregionalna.com\/?p=136480"},"modified":"2025-04-23T15:16:11","modified_gmt":"2025-04-23T15:16:11","slug":"rakow-czestochowa-w-oslabionym-skladzie-zagra-w-piatek-ze-slaskiem-wroclaw","status":"publish","type":"post","link":"https:\/\/gazetaregionalna.com\/?p=136480","title":{"rendered":"Rak\u00f3w Cz\u0119stochowa w os\u0142abionym sk\u0142adzie zagra w pi\u0105tek ze \u015al\u0105skiem Wroc\u0142aw&#8230;"},"content":{"rendered":"\n<p>W 30. kolejce PKO Bank Polski Ekstraklasy pi\u0142karze Rak\u00f3w Cz\u0119stochowa podejmowa\u0107 b\u0119d\u0105 w pi\u0105tek o godz. 20:30 \u015al\u0105sk Wroc\u0142aw. Cz\u0119stochowianie stracili przewag\u0119 nad wiceliderem Lechem Pozna\u0144. Na 5 kolejek przed zako\u0144czeniem sezonu \u201eMedaliki\u201d i \u201eKolejorz\u201d maj\u0105 po 59 punkt\u00f3w. W pi\u0105tek czerwono-niebiescy w os\u0142abionym sk\u0142adzie musz\u0105 pokona\u0107 \u015al\u0105sk, by nadal bez wzgl\u0119du na wynik Lecha by\u0107 na 1. miejscu w tabeli.<\/p>\n\n\n\n<p>Jeszcze 3 kolejki temu Rak\u00f3w mia\u0142 5 punkt\u00f3w przewagi nad Lechem Pozna\u0144. Podopieczni trenera Marka Papszuna w trzech ostatnich meczach zdobyli tylko 4 punkty na 9 mo\u017cliwych. Czerwono-niebiescy zremisowali w Niepo\u0142omicach z Puszcz\u0105, pokonali u siebie Radomiaka Radom i w \u015bwi\u0105teczn\u0105 sobot\u0119 przegrali w Szczecinie z Pogoni\u0105 0:1. Dla Rakowa pora\u017cka w Szczecinie by\u0142a pierwszym przegranym meczem w tym sezonie na wyje\u017adzie. Tym samym cz\u0119stochowianie przerwali pass\u0119 wyjazdowych spotka\u0144 bez pora\u017cki. Rak\u00f3w w Szczecinie ju\u017c od 15. minuty gra\u0142 w os\u0142abieniu i w konsekwencji po raz pierwszy w sezonie wraca\u0142 do domu bez punkt\u00f3w\u2026<\/p>\n\n\n\n<p>Pi\u0142karze Lecha w ostatnich 3 spotkaniach konsekwentnie punktowali. Wygrali 3 razy i zdobyli 9 punkt\u00f3w. Dzi\u0119ki temu dogonili Rak\u00f3w i zr\u00f3wnali si\u0119 z cz\u0119stochowsk\u0105 dru\u017cyn\u0105 punktami. Na 1. miejscu s\u0105 jednak cz\u0119stochowianie, bo maj\u0105 lepszy bilans bezpo\u015brednich spotka\u0144\u2026<\/p>\n\n\n\n<p>Do ko\u0144ca sezonu pozosta\u0142o 5 kolejek. Rak\u00f3w zagra ze \u015al\u0105skiem Wroc\u0142aw, w Mielcu ze Stal\u0105, u siebie z Jagielloni\u0105 Bia\u0142ystok, w Kielcach z Koron\u0105 i u siebie z Widzewem \u0141\u00f3d\u017a.<\/p>\n\n\n\n<p>Lech Pozna\u0144 zagra w Radomiu z Radomiakiem, u siebie z Puszcz\u0105 Niepo\u0142omice, w Warszawie z Legi\u0105, w Katowicach z GKS-em i u siebie z Piastem Gliwice.<\/p>\n\n\n\n<p>Rak\u00f3w w pi\u0105tek o godz. 20:30 podejmuje walcz\u0105cy o utrzymanie \u015al\u0105sk Wroc\u0142aw. Wroc\u0142awianie s\u0105 na 17. miejscu i maj\u0105 2 punkty straty do b\u0119d\u0105cej na 15. pozycji Puszczy Niepo\u0142omice. Podopieczni trenera Marka Papszuna musz\u0105 szybko zapomnie\u0107 o pora\u017cce z Pogoni\u0105 i skoncentrowa\u0107 si\u0119 na pojedynku ze \u015al\u0105skiem. Wszystko nadal zale\u017cy od cz\u0119stochowian. Je\u015bli wygraj\u0105 wszystkie mecze to bez wzgl\u0119du na wyniki Lecha po raz drugi w historii b\u0119d\u0105 mistrzem Polski!<\/p>\n\n\n\n<p>Trener Papszun w sobotnim meczu nie b\u0119dzie m\u00f3g\u0142 skorzysta\u0107 z Erica Otieno, kt\u00f3ry w Szczecinie dosta\u0142 czerwon\u0105 kartk\u0119, a tak\u017ce ze Stratosa Svarnasa i Jeana Carlosa Silvy, kt\u00f3rzy w meczu z Pogoni\u0105 byli zagro\u017cenia i zobaczyli \u017c\u00f3\u0142te kartki&#8230;<\/p>\n\n\n\n<p>MR-K, fot: AK<\/p>\n\n\n\n<p>Partnerami relacji sportowych s\u0105:<\/p>\n\n\n\n<p>DMK Invest materia\u0142y budowlane Konopiska (<a rel=\"noreferrer noopener\" href=\"http:\/\/www.dmkinvest.pl\/\" target=\"_blank\">www.dmkinvest.pl<\/a>)<\/p>\n\n\n\n<p>W\u0142odar Developer Cz\u0119stochowa (<a href=\"http:\/\/www.wlodardeveloper.pl\/\" target=\"_blank\" rel=\"noreferrer noopener\">www.wlodardeveloper.pl<\/a>)<\/p>\n\n\n\n<figure class=\"wp-block-image size-full\"><img decoding=\"async\" width=\"1000\" height=\"667\" data-src=\"https:\/\/gazetaregionalna.com\/wp-content\/uploads\/2025\/04\/Rakow-Radomiak-.jpg\" alt=\"\" class=\"wp-image-136050 lazyload\" data-srcset=\"https:\/\/gazetaregionalna.com\/wp-content\/uploads\/2025\/04\/Rakow-Radomiak-.jpg 1000w, https:\/\/gazetaregionalna.com\/wp-content\/uploads\/2025\/04\/Rakow-Radomiak--300x200.jpg 300w, https:\/\/gazetaregionalna.com\/wp-content\/uploads\/2025\/04\/Rakow-Radomiak--768x512.jpg 768w\" data-sizes=\"(max-width: 1000px) 100vw, 1000px\" src=\"data:image\/svg+xml;base64,PHN2ZyB3aWR0aD0iMSIgaGVpZ2h0PSIxIiB4bWxucz0iaHR0cDovL3d3dy53My5vcmcvMjAwMC9zdmciPjwvc3ZnPg==\" style=\"--smush-placeholder-width: 1000px; --smush-placeholder-aspect-ratio: 1000\/667;\" \/><\/figure>\n\n\n\n<figure class=\"wp-block-image size-large\"><img decoding=\"async\" width=\"1024\" height=\"1024\" data-src=\"https:\/\/gazetaregionalna.com\/wp-content\/uploads\/2025\/01\/Wlodar-Poleska-fb-1-1024x1024.jpg\" alt=\"\" class=\"wp-image-133182 lazyload\" data-srcset=\"https:\/\/gazetaregionalna.com\/wp-content\/uploads\/2025\/01\/Wlodar-Poleska-fb-1-1024x1024.jpg 1024w, https:\/\/gazetaregionalna.com\/wp-content\/uploads\/2025\/01\/Wlodar-Poleska-fb-1-300x300.jpg 300w, https:\/\/gazetaregionalna.com\/wp-content\/uploads\/2025\/01\/Wlodar-Poleska-fb-1-150x150.jpg 150w, https:\/\/gazetaregionalna.com\/wp-content\/uploads\/2025\/01\/Wlodar-Poleska-fb-1-768x768.jpg 768w, https:\/\/gazetaregionalna.com\/wp-content\/uploads\/2025\/01\/Wlodar-Poleska-fb-1-215x215.jpg 215w, https:\/\/gazetaregionalna.com\/wp-content\/uploads\/2025\/01\/Wlodar-Poleska-fb-1.jpg 1080w\" data-sizes=\"(max-width: 1024px) 100vw, 1024px\" src=\"data:image\/svg+xml;base64,PHN2ZyB3aWR0aD0iMSIgaGVpZ2h0PSIxIiB4bWxucz0iaHR0cDovL3d3dy53My5vcmcvMjAwMC9zdmciPjwvc3ZnPg==\" style=\"--smush-placeholder-width: 1024px; --smush-placeholder-aspect-ratio: 1024\/1024;\" \/><\/figure>\n\n\n\n<figure class=\"wp-block-image size-large\"><img decoding=\"async\" width=\"1024\" height=\"1024\" data-src=\"https:\/\/gazetaregionalna.com\/wp-content\/uploads\/2024\/04\/DMK-Invest-2-1024x1024.jpg\" alt=\"\" class=\"wp-image-123883 lazyload\" data-srcset=\"https:\/\/gazetaregionalna.com\/wp-content\/uploads\/2024\/04\/DMK-Invest-2-1024x1024.jpg 1024w, https:\/\/gazetaregionalna.com\/wp-content\/uploads\/2024\/04\/DMK-Invest-2-300x300.jpg 300w, https:\/\/gazetaregionalna.com\/wp-content\/uploads\/2024\/04\/DMK-Invest-2-150x150.jpg 150w, https:\/\/gazetaregionalna.com\/wp-content\/uploads\/2024\/04\/DMK-Invest-2-768x768.jpg 768w, https:\/\/gazetaregionalna.com\/wp-content\/uploads\/2024\/04\/DMK-Invest-2-1536x1536.jpg 1536w, https:\/\/gazetaregionalna.com\/wp-content\/uploads\/2024\/04\/DMK-Invest-2-2048x2048.jpg 2048w, https:\/\/gazetaregionalna.com\/wp-content\/uploads\/2024\/04\/DMK-Invest-2-215x215.jpg 215w, https:\/\/gazetaregionalna.com\/wp-content\/uploads\/2024\/04\/DMK-Invest-2-scaled.jpg 1600w\" data-sizes=\"(max-width: 1024px) 100vw, 1024px\" src=\"data:image\/svg+xml;base64,PHN2ZyB3aWR0aD0iMSIgaGVpZ2h0PSIxIiB4bWxucz0iaHR0cDovL3d3dy53My5vcmcvMjAwMC9zdmciPjwvc3ZnPg==\" style=\"--smush-placeholder-width: 1024px; --smush-placeholder-aspect-ratio: 1024\/1024;\" \/><\/figure>\n","protected":false},"excerpt":{"rendered":"<p>W 30. kolejce PKO Bank Polski Ekstraklasy pi\u0142karze Rak\u00f3w Cz\u0119stochowa podejmowa\u0107 b\u0119d\u0105 w pi\u0105tek o godz. 20:30 \u015al\u0105sk Wroc\u0142aw. Cz\u0119stochowianie stracili przewag\u0119 nad wiceliderem<\/p>\n","protected":false},"author":15,"featured_media":136050,"comment_status":"closed","ping_status":"open","sticky":false,"template":"","format":"standard","meta":{"_monsterinsights_skip_tracking":false,"_monsterinsights_sitenote_active":false,"_monsterinsights_sitenote_note":"","_monsterinsights_sitenote_category":0,"_uf_show_specific_survey":0,"_uf_disable_surveys":false,"footnotes":""},"categories":[94,6,5],"tags":[],"class_list":["post-136480","post","type-post","status-publish","format-standard","has-post-thumbnail","hentry","category-polecane","category-pilka-nozna","category-sport"],"_links":{"self":[{"href":"https:\/\/gazetaregionalna.com\/index.php?rest_route=\/wp\/v2\/posts\/136480","targetHints":{"allow":["GET"]}}],"collection":[{"href":"https:\/\/gazetaregionalna.com\/index.php?rest_route=\/wp\/v2\/posts"}],"about":[{"href":"https:\/\/gazetaregionalna.com\/index.php?rest_route=\/wp\/v2\/types\/post"}],"author":[{"embeddable":true,"href":"https:\/\/gazetaregionalna.com\/index.php?rest_route=\/wp\/v2\/users\/15"}],"replies":[{"embeddable":true,"href":"https:\/\/gazetaregionalna.com\/index.php?rest_route=%2Fwp%2Fv2%2Fcomments&post=136480"}],"version-history":[{"count":2,"href":"https:\/\/gazetaregionalna.com\/index.php?rest_route=\/wp\/v2\/posts\/136480\/revisions"}],"predecessor-version":[{"id":136488,"href":"https:\/\/gazetaregionalna.com\/index.php?rest_route=\/wp\/v2\/posts\/136480\/revisions\/136488"}],"wp:featuredmedia":[{"embeddable":true,"href":"https:\/\/gazetaregionalna.com\/index.php?rest_route=\/wp\/v2\/media\/136050"}],"wp:attachment":[{"href":"https:\/\/gazetaregionalna.com\/index.php?rest_route=%2Fwp%2Fv2%2Fmedia&parent=136480"}],"wp:term":[{"taxonomy":"category","embeddable":true,"href":"https:\/\/gazetaregionalna.com\/index.php?rest_route=%2Fwp%2Fv2%2Fcategories&post=136480"},{"taxonomy":"post_tag","embeddable":true,"href":"https:\/\/gazetaregionalna.com\/index.php?rest_route=%2Fwp%2Fv2%2Ftags&post=136480"}],"curies":[{"name":"wp","href":"https:\/\/api.w.org\/{rel}","templated":true}]}}