{"id":136476,"date":"2025-04-23T14:38:25","date_gmt":"2025-04-23T14:38:25","guid":{"rendered":"https:\/\/gazetaregionalna.com\/?p=136476"},"modified":"2025-04-23T14:38:27","modified_gmt":"2025-04-23T14:38:27","slug":"trener-rakowa-marek-papszun-przed-meczem-ze-slaskiem-wroclaw","status":"publish","type":"post","link":"https:\/\/gazetaregionalna.com\/?p=136476","title":{"rendered":"Trener Rakowa Marek Papszun przed meczem ze \u015al\u0105skiem Wroc\u0142aw"},"content":{"rendered":"\n<p>Rak\u00f3w Cz\u0119stochowa zagra w pi\u0105tkowy wiecz\u00f3r z walcz\u0105cym o utrzymanie \u015al\u0105skiem Wroc\u0142aw. Czy na boisku b\u0119dzie wida\u0107 r\u00f3\u017cnic\u0119 mi\u0119dzy liderem, a zespo\u0142em ze strefy spadkowej? &#8211; Pracujemy mocno, aby w tym domowym spotkaniu zagra\u0107 na dobrym poziomie, zadowoli\u0107 kibic\u00f3w i przede wszystkim wygra\u0107 \u2013 zapowiada przed meczem ze \u015al\u0105skiem Wroc\u0142aw trener Rakowa Marek Papszun.<\/p>\n\n\n\n<p>Do zako\u0144czenia rozgrywek w PKO BP ekstraklasie zosta\u0142o 5 kolejek spotka\u0144. Lider Rak\u00f3w Cz\u0119stochowa i wicelider Lech Pozna\u0144 maj\u0105 po 59 punkt\u00f3w. 3 w tabeli Jagiellonia Bia\u0142ystok ma 4 punkty mniej.<\/p>\n\n\n\n<p>&#8211; Po tych emocjach przed\u015bwi\u0105tecznych w Szczecinie i takim wyciszeniu \u015bwi\u0105tecznym, analizie meczu, wyci\u0105gni\u0119ciu wniosk\u00f3w, przygotowujemy si\u0119 do kolejnego meczu \u2013 m\u00f3wi trener Rakowa Marek Papszun. &#8211; Dobrze, \u017ce jest szybko kolejne spotkanie. Spotkanie z przeciwnikiem innej kategorii. Nie z dru\u017cyn\u0105, kt\u00f3ra walczy o najwy\u017csze cele tylko walczy o utrzymanie w Ekstraklasie. To s\u0105 spotkania, do kt\u00f3rych trzeba si\u0119 dobrze przygotowa\u0107, ze wzgl\u0119du na to, \u017ce przeciwnik b\u0119dzie z pewno\u015bci\u0105 zmotywowany i zdeterminowany. I b\u0119dzie mia\u0142 plan, aby zneutralizowa\u0107 nasze dzia\u0142ania, ale te\u017c wykorzysta\u0107 nasze momenty, gdzie z pi\u0142k\u0105 nie zachowamy si\u0119 odpowiednio. Dlatego te\u017c pracujemy mocno, aby w tym domowym spotkaniu zagra\u0107 na dobrym poziomie, zadowoli\u0107 kibic\u00f3w i przede wszystkim wygra\u0107.<\/p>\n\n\n\n<p>MR-K, fot: AK<\/p>\n\n\n\n<p>Partnerami relacji sportowych s\u0105:<\/p>\n\n\n\n<p>DMK Invest materia\u0142y budowlane Konopiska (<a rel=\"noreferrer noopener\" href=\"http:\/\/www.dmkinvest.pl\/\" target=\"_blank\">www.dmkinvest.pl<\/a>)<\/p>\n\n\n\n<p>W\u0142odar Developer Cz\u0119stochowa (<a href=\"http:\/\/www.wlodardeveloper.pl\/\" target=\"_blank\" rel=\"noreferrer noopener\">www.wlodardeveloper.pl<\/a>)<\/p>\n\n\n\n<figure class=\"wp-block-image size-large\"><img decoding=\"async\" width=\"1024\" height=\"683\" data-src=\"https:\/\/gazetaregionalna.com\/wp-content\/uploads\/2024\/08\/Marek-Papszun-Rakow-1024x683.jpg\" alt=\"\" class=\"wp-image-127875 lazyload\" data-srcset=\"https:\/\/gazetaregionalna.com\/wp-content\/uploads\/2024\/08\/Marek-Papszun-Rakow-1024x683.jpg 1024w, https:\/\/gazetaregionalna.com\/wp-content\/uploads\/2024\/08\/Marek-Papszun-Rakow-300x200.jpg 300w, https:\/\/gazetaregionalna.com\/wp-content\/uploads\/2024\/08\/Marek-Papszun-Rakow-768x512.jpg 768w, https:\/\/gazetaregionalna.com\/wp-content\/uploads\/2024\/08\/Marek-Papszun-Rakow-1536x1024.jpg 1536w, https:\/\/gazetaregionalna.com\/wp-content\/uploads\/2024\/08\/Marek-Papszun-Rakow-2048x1365.jpg 2048w, https:\/\/gazetaregionalna.com\/wp-content\/uploads\/2024\/08\/Marek-Papszun-Rakow-scaled.jpg 1600w\" data-sizes=\"(max-width: 1024px) 100vw, 1024px\" src=\"data:image\/svg+xml;base64,PHN2ZyB3aWR0aD0iMSIgaGVpZ2h0PSIxIiB4bWxucz0iaHR0cDovL3d3dy53My5vcmcvMjAwMC9zdmciPjwvc3ZnPg==\" style=\"--smush-placeholder-width: 1024px; --smush-placeholder-aspect-ratio: 1024\/683;\" \/><\/figure>\n\n\n\n<figure class=\"wp-block-image size-large\"><img decoding=\"async\" width=\"1024\" height=\"1024\" data-src=\"https:\/\/gazetaregionalna.com\/wp-content\/uploads\/2025\/01\/Wlodar-Poleska-fb-1-1024x1024.jpg\" alt=\"\" class=\"wp-image-133182 lazyload\" data-srcset=\"https:\/\/gazetaregionalna.com\/wp-content\/uploads\/2025\/01\/Wlodar-Poleska-fb-1-1024x1024.jpg 1024w, https:\/\/gazetaregionalna.com\/wp-content\/uploads\/2025\/01\/Wlodar-Poleska-fb-1-300x300.jpg 300w, https:\/\/gazetaregionalna.com\/wp-content\/uploads\/2025\/01\/Wlodar-Poleska-fb-1-150x150.jpg 150w, https:\/\/gazetaregionalna.com\/wp-content\/uploads\/2025\/01\/Wlodar-Poleska-fb-1-768x768.jpg 768w, https:\/\/gazetaregionalna.com\/wp-content\/uploads\/2025\/01\/Wlodar-Poleska-fb-1-215x215.jpg 215w, https:\/\/gazetaregionalna.com\/wp-content\/uploads\/2025\/01\/Wlodar-Poleska-fb-1.jpg 1080w\" data-sizes=\"(max-width: 1024px) 100vw, 1024px\" src=\"data:image\/svg+xml;base64,PHN2ZyB3aWR0aD0iMSIgaGVpZ2h0PSIxIiB4bWxucz0iaHR0cDovL3d3dy53My5vcmcvMjAwMC9zdmciPjwvc3ZnPg==\" style=\"--smush-placeholder-width: 1024px; --smush-placeholder-aspect-ratio: 1024\/1024;\" \/><\/figure>\n\n\n\n<figure class=\"wp-block-image size-large\"><img decoding=\"async\" width=\"1024\" height=\"1024\" data-src=\"https:\/\/gazetaregionalna.com\/wp-content\/uploads\/2024\/04\/DMK-Invest-1-1024x1024.jpg\" alt=\"\" class=\"wp-image-123882 lazyload\" data-srcset=\"https:\/\/gazetaregionalna.com\/wp-content\/uploads\/2024\/04\/DMK-Invest-1-1024x1024.jpg 1024w, https:\/\/gazetaregionalna.com\/wp-content\/uploads\/2024\/04\/DMK-Invest-1-300x300.jpg 300w, https:\/\/gazetaregionalna.com\/wp-content\/uploads\/2024\/04\/DMK-Invest-1-150x150.jpg 150w, https:\/\/gazetaregionalna.com\/wp-content\/uploads\/2024\/04\/DMK-Invest-1-768x768.jpg 768w, https:\/\/gazetaregionalna.com\/wp-content\/uploads\/2024\/04\/DMK-Invest-1-1536x1536.jpg 1536w, https:\/\/gazetaregionalna.com\/wp-content\/uploads\/2024\/04\/DMK-Invest-1-2048x2048.jpg 2048w, https:\/\/gazetaregionalna.com\/wp-content\/uploads\/2024\/04\/DMK-Invest-1-215x215.jpg 215w, https:\/\/gazetaregionalna.com\/wp-content\/uploads\/2024\/04\/DMK-Invest-1-scaled.jpg 1600w\" data-sizes=\"(max-width: 1024px) 100vw, 1024px\" src=\"data:image\/svg+xml;base64,PHN2ZyB3aWR0aD0iMSIgaGVpZ2h0PSIxIiB4bWxucz0iaHR0cDovL3d3dy53My5vcmcvMjAwMC9zdmciPjwvc3ZnPg==\" style=\"--smush-placeholder-width: 1024px; --smush-placeholder-aspect-ratio: 1024\/1024;\" \/><\/figure>\n\n\n","protected":false},"excerpt":{"rendered":"<p>Rak\u00f3w Cz\u0119stochowa zagra w pi\u0105tkowy wiecz\u00f3r z walcz\u0105cym o utrzymanie \u015al\u0105skiem Wroc\u0142aw. Czy na boisku b\u0119dzie wida\u0107 r\u00f3\u017cnic\u0119 mi\u0119dzy liderem, a zespo\u0142em ze strefy<\/p>\n","protected":false},"author":15,"featured_media":127875,"comment_status":"closed","ping_status":"open","sticky":false,"template":"","format":"standard","meta":{"_monsterinsights_skip_tracking":false,"_monsterinsights_sitenote_active":false,"_monsterinsights_sitenote_note":"","_monsterinsights_sitenote_category":0,"_uf_show_specific_survey":0,"_uf_disable_surveys":false,"footnotes":""},"categories":[94,6,5],"tags":[],"class_list":["post-136476","post","type-post","status-publish","format-standard","has-post-thumbnail","hentry","category-polecane","category-pilka-nozna","category-sport"],"_links":{"self":[{"href":"https:\/\/gazetaregionalna.com\/index.php?rest_route=\/wp\/v2\/posts\/136476","targetHints":{"allow":["GET"]}}],"collection":[{"href":"https:\/\/gazetaregionalna.com\/index.php?rest_route=\/wp\/v2\/posts"}],"about":[{"href":"https:\/\/gazetaregionalna.com\/index.php?rest_route=\/wp\/v2\/types\/post"}],"author":[{"embeddable":true,"href":"https:\/\/gazetaregionalna.com\/index.php?rest_route=\/wp\/v2\/users\/15"}],"replies":[{"embeddable":true,"href":"https:\/\/gazetaregionalna.com\/index.php?rest_route=%2Fwp%2Fv2%2Fcomments&post=136476"}],"version-history":[{"count":1,"href":"https:\/\/gazetaregionalna.com\/index.php?rest_route=\/wp\/v2\/posts\/136476\/revisions"}],"predecessor-version":[{"id":136477,"href":"https:\/\/gazetaregionalna.com\/index.php?rest_route=\/wp\/v2\/posts\/136476\/revisions\/136477"}],"wp:featuredmedia":[{"embeddable":true,"href":"https:\/\/gazetaregionalna.com\/index.php?rest_route=\/wp\/v2\/media\/127875"}],"wp:attachment":[{"href":"https:\/\/gazetaregionalna.com\/index.php?rest_route=%2Fwp%2Fv2%2Fmedia&parent=136476"}],"wp:term":[{"taxonomy":"category","embeddable":true,"href":"https:\/\/gazetaregionalna.com\/index.php?rest_route=%2Fwp%2Fv2%2Fcategories&post=136476"},{"taxonomy":"post_tag","embeddable":true,"href":"https:\/\/gazetaregionalna.com\/index.php?rest_route=%2Fwp%2Fv2%2Ftags&post=136476"}],"curies":[{"name":"wp","href":"https:\/\/api.w.org\/{rel}","templated":true}]}}