{"id":136474,"date":"2025-04-23T14:29:53","date_gmt":"2025-04-23T14:29:53","guid":{"rendered":"https:\/\/gazetaregionalna.com\/?p=136474"},"modified":"2025-04-29T18:40:31","modified_gmt":"2025-04-29T18:40:31","slug":"do-czestochowy-przyjezdza-wieczysta-krakow","status":"publish","type":"post","link":"https:\/\/gazetaregionalna.com\/?p=136474","title":{"rendered":"Do Cz\u0119stochowy przyje\u017cd\u017ca Wieczysta Krak\u00f3w"},"content":{"rendered":"\n<p>Pi\u0142karze Skry Cz\u0119stochowa podejmuj\u0105 w pi\u0105tek Wieczyst\u0105 Krak\u00f3w. Czy cz\u0119stochowianie odbior\u0105 punkty wiceliderowi Betclic 2. ligi?<\/p>\n\n\n\n<p>Wszystko wskazuje na to, \u017ce Skra opu\u015bci szeregi 2. ligi. Na 7. kolejek przed zako\u0144czeniem sezonu cz\u0119stochowianie maj\u0105 a\u017c 12 punkt\u00f3w straty do bezpiecznej strefy. W pi\u0105tek o godz. 18 Skra podejmuje walcz\u0105c\u0105 o awans na zaplecze PKO BP Ekstraklasy Wieczyst\u0105 Krak\u00f3w. Rywale s\u0105 na 2. miejscu w tabeli, ale maj\u0105 tyle samo punkt\u00f3w co 3. Polonia Bytom.<\/p>\n\n\n\n<p>Pi\u0142karze Skry w rundzie wiosennej wygrali tylko 2 z 8 rozegranych spotka\u0144. Bardzo dobrze zacz\u0119li 2025 rok u siebie, gdzie wygrali dwa spotkania. Niestety, ale Skra zdobywa\u0142a punkt\u00f3w u siebie. Dodatkowo cz\u0119stochowianie przegrali trzeci wiosenny mecz u siebie ze \u015awitem Szczecin i to najwyra\u017aniej podci\u0119\u0142o im jeszcze bardziej skrzyd\u0142a.<\/p>\n\n\n\n<p>Obecnie Skra ma tylko 18 punkt\u00f3w i zajmuje 17. pozycj\u0119. Tylko cud mo\u017ce sprawi\u0107, \u017ce cz\u0119stochowscy pi\u0142karze wydostan\u0105 si\u0119 ze strefy spadkowej. W pi\u0105tek o godz. 18 przy Loreta\u0144skiej Skra zagra z Wieczyst\u0105 Krak\u00f3w. Zdecydowanym faworytem b\u0119d\u0105 go\u015bcie\u2026<\/p>\n\n\n\n<p>BC, AK, fot: AK<\/p>\n\n\n\n<p>Partnerami relacji sportowych s\u0105:<\/p>\n\n\n\n<p>DMK Invest materia\u0142y budowlane Konopiska (<a href=\"http:\/\/www.dmkinvest.pl\/\" target=\"_blank\" rel=\"noreferrer noopener\">www.dmkinvest.pl<\/a>)<\/p>\n\n\n\n<p>W\u0142odar Developer Cz\u0119stochowa (<a href=\"http:\/\/www.wlodardeveloper.pl\/\" target=\"_blank\" rel=\"noreferrer noopener\">www.wlodardeveloper.pl<\/a>)<\/p>\n\n\n\n<figure class=\"wp-block-image size-full\"><img decoding=\"async\" width=\"1000\" height=\"664\" data-src=\"https:\/\/gazetaregionalna.com\/wp-content\/uploads\/2025\/03\/Skra-3.jpg\" alt=\"\" class=\"wp-image-135089 lazyload\" data-srcset=\"https:\/\/gazetaregionalna.com\/wp-content\/uploads\/2025\/03\/Skra-3.jpg 1000w, https:\/\/gazetaregionalna.com\/wp-content\/uploads\/2025\/03\/Skra-3-300x199.jpg 300w, https:\/\/gazetaregionalna.com\/wp-content\/uploads\/2025\/03\/Skra-3-768x510.jpg 768w\" data-sizes=\"(max-width: 1000px) 100vw, 1000px\" src=\"data:image\/svg+xml;base64,PHN2ZyB3aWR0aD0iMSIgaGVpZ2h0PSIxIiB4bWxucz0iaHR0cDovL3d3dy53My5vcmcvMjAwMC9zdmciPjwvc3ZnPg==\" style=\"--smush-placeholder-width: 1000px; --smush-placeholder-aspect-ratio: 1000\/664;\" \/><\/figure>\n\n\n\n<figure class=\"wp-block-image size-large\"><img decoding=\"async\" width=\"1024\" height=\"1024\" data-src=\"https:\/\/gazetaregionalna.com\/wp-content\/uploads\/2024\/04\/DMK-Invest-1-1024x1024.jpg\" alt=\"\" class=\"wp-image-123882 lazyload\" data-srcset=\"https:\/\/gazetaregionalna.com\/wp-content\/uploads\/2024\/04\/DMK-Invest-1-1024x1024.jpg 1024w, https:\/\/gazetaregionalna.com\/wp-content\/uploads\/2024\/04\/DMK-Invest-1-300x300.jpg 300w, https:\/\/gazetaregionalna.com\/wp-content\/uploads\/2024\/04\/DMK-Invest-1-150x150.jpg 150w, https:\/\/gazetaregionalna.com\/wp-content\/uploads\/2024\/04\/DMK-Invest-1-768x768.jpg 768w, https:\/\/gazetaregionalna.com\/wp-content\/uploads\/2024\/04\/DMK-Invest-1-1536x1536.jpg 1536w, https:\/\/gazetaregionalna.com\/wp-content\/uploads\/2024\/04\/DMK-Invest-1-2048x2048.jpg 2048w, https:\/\/gazetaregionalna.com\/wp-content\/uploads\/2024\/04\/DMK-Invest-1-215x215.jpg 215w, https:\/\/gazetaregionalna.com\/wp-content\/uploads\/2024\/04\/DMK-Invest-1-scaled.jpg 1600w\" data-sizes=\"(max-width: 1024px) 100vw, 1024px\" src=\"data:image\/svg+xml;base64,PHN2ZyB3aWR0aD0iMSIgaGVpZ2h0PSIxIiB4bWxucz0iaHR0cDovL3d3dy53My5vcmcvMjAwMC9zdmciPjwvc3ZnPg==\" style=\"--smush-placeholder-width: 1024px; --smush-placeholder-aspect-ratio: 1024\/1024;\" \/><\/figure>\n\n\n\n<figure class=\"wp-block-image size-large\"><img decoding=\"async\" width=\"1024\" height=\"1024\" data-src=\"https:\/\/gazetaregionalna.com\/wp-content\/uploads\/2025\/01\/Wlodar-Wilenska-fb-1-1024x1024.jpg\" alt=\"\" class=\"wp-image-133184 lazyload\" data-srcset=\"https:\/\/gazetaregionalna.com\/wp-content\/uploads\/2025\/01\/Wlodar-Wilenska-fb-1-1024x1024.jpg 1024w, https:\/\/gazetaregionalna.com\/wp-content\/uploads\/2025\/01\/Wlodar-Wilenska-fb-1-300x300.jpg 300w, https:\/\/gazetaregionalna.com\/wp-content\/uploads\/2025\/01\/Wlodar-Wilenska-fb-1-150x150.jpg 150w, https:\/\/gazetaregionalna.com\/wp-content\/uploads\/2025\/01\/Wlodar-Wilenska-fb-1-768x768.jpg 768w, https:\/\/gazetaregionalna.com\/wp-content\/uploads\/2025\/01\/Wlodar-Wilenska-fb-1-215x215.jpg 215w, https:\/\/gazetaregionalna.com\/wp-content\/uploads\/2025\/01\/Wlodar-Wilenska-fb-1.jpg 1080w\" data-sizes=\"(max-width: 1024px) 100vw, 1024px\" src=\"data:image\/svg+xml;base64,PHN2ZyB3aWR0aD0iMSIgaGVpZ2h0PSIxIiB4bWxucz0iaHR0cDovL3d3dy53My5vcmcvMjAwMC9zdmciPjwvc3ZnPg==\" style=\"--smush-placeholder-width: 1024px; --smush-placeholder-aspect-ratio: 1024\/1024;\" \/><\/figure>\n","protected":false},"excerpt":{"rendered":"<p>Pi\u0142karze Skry Cz\u0119stochowa podejmuj\u0105 w pi\u0105tek Wieczyst\u0105 Krak\u00f3w. Czy cz\u0119stochowianie odbior\u0105 punkty wiceliderowi Betclic 2. ligi? Wszystko wskazuje na to, \u017ce Skra opu\u015bci szeregi<\/p>\n","protected":false},"author":15,"featured_media":135089,"comment_status":"closed","ping_status":"open","sticky":false,"template":"","format":"standard","meta":{"_monsterinsights_skip_tracking":false,"_monsterinsights_sitenote_active":false,"_monsterinsights_sitenote_note":"","_monsterinsights_sitenote_category":0,"_uf_show_specific_survey":0,"_uf_disable_surveys":false,"footnotes":""},"categories":[94,6,5],"tags":[],"class_list":["post-136474","post","type-post","status-publish","format-standard","has-post-thumbnail","hentry","category-polecane","category-pilka-nozna","category-sport"],"_links":{"self":[{"href":"https:\/\/gazetaregionalna.com\/index.php?rest_route=\/wp\/v2\/posts\/136474","targetHints":{"allow":["GET"]}}],"collection":[{"href":"https:\/\/gazetaregionalna.com\/index.php?rest_route=\/wp\/v2\/posts"}],"about":[{"href":"https:\/\/gazetaregionalna.com\/index.php?rest_route=\/wp\/v2\/types\/post"}],"author":[{"embeddable":true,"href":"https:\/\/gazetaregionalna.com\/index.php?rest_route=\/wp\/v2\/users\/15"}],"replies":[{"embeddable":true,"href":"https:\/\/gazetaregionalna.com\/index.php?rest_route=%2Fwp%2Fv2%2Fcomments&post=136474"}],"version-history":[{"count":2,"href":"https:\/\/gazetaregionalna.com\/index.php?rest_route=\/wp\/v2\/posts\/136474\/revisions"}],"predecessor-version":[{"id":136645,"href":"https:\/\/gazetaregionalna.com\/index.php?rest_route=\/wp\/v2\/posts\/136474\/revisions\/136645"}],"wp:featuredmedia":[{"embeddable":true,"href":"https:\/\/gazetaregionalna.com\/index.php?rest_route=\/wp\/v2\/media\/135089"}],"wp:attachment":[{"href":"https:\/\/gazetaregionalna.com\/index.php?rest_route=%2Fwp%2Fv2%2Fmedia&parent=136474"}],"wp:term":[{"taxonomy":"category","embeddable":true,"href":"https:\/\/gazetaregionalna.com\/index.php?rest_route=%2Fwp%2Fv2%2Fcategories&post=136474"},{"taxonomy":"post_tag","embeddable":true,"href":"https:\/\/gazetaregionalna.com\/index.php?rest_route=%2Fwp%2Fv2%2Ftags&post=136474"}],"curies":[{"name":"wp","href":"https:\/\/api.w.org\/{rel}","templated":true}]}}