{"id":13646,"date":"2020-06-08T12:12:24","date_gmt":"2020-06-08T12:12:24","guid":{"rendered":"https:\/\/gazetaregionalna.com\/?p=13646"},"modified":"2020-06-08T12:12:26","modified_gmt":"2020-06-08T12:12:26","slug":"zatrzymanie-dilerow","status":"publish","type":"post","link":"https:\/\/gazetaregionalna.com\/?p=13646","title":{"rendered":"Zatrzymanie diler\u00f3w narkotykowych dzia\u0142aj\u0105cych na terenie Powiatu K\u0142obuckiego."},"content":{"rendered":"\n<p>W minion\u0105 \u015brod\u0119 k\u0142obuccy kryminalni, przy wsp\u00f3\u0142pracy z policjantami z Katowic, Opola oraz Cz\u0119stochowy zatrzymali diler\u00f3w narkotykowych, oraz przej\u0119li znalezion\u0105 u nich amfetamin\u0119. <\/p>\n\n\n\n<p>Dw\u00f3m mieszka\u0144com powiatu k\u0142obuckiego przedstawiono ju\u017c zarzuty. 44-latek us\u0142ysza\u0142 zarzut posiadania i wprowadzania do obrotu znacznych ilo\u015bci \u015brodk\u00f3w odurzaj\u0105cych. Wobec niego s\u0105d zastosowa\u0142 tymczasowy areszt, grozi mu kara do 12 lat wi\u0119zienia. Natomiast wobec 34-latka s\u0105d zastosowa\u0142 policyjny doz\u00f3r oraz por\u0119czenie maj\u0105tkowe. Grozi mu kara do 10 lat wi\u0119zienia. <\/p>\n\n\n\n<p>W dzia\u0142aniach, prowadzonych jednocze\u015bnie na terenie dw\u00f3ch powiat\u00f3w: k\u0142obuckiego i cz\u0119stochowskiego, k\u0142obuckich policjant\u00f3w wspomagali mundurowi z Samodzielnego Pododdzia\u0142u Prewencji Policji w Cz\u0119stochowie oraz przewodnicy ps\u00f3w z psami szkolonymi do wykrywania narkotyk\u00f3w z Komendy Miejskiej Policji w Katowicach.<\/p>\n\n\n\n<p>W zatrzymaniach, prowadzonych na terenie powiatu k\u0142obuckiego oraz powiatu cz\u0119stochowskiego, udzia\u0142 wzi\u0119li policjanci z katowickiego oraz opolskiego pododdzia\u0142u kontrterrorystycznego.<\/p>\n\n\n\n<p>Nadzorowana przez Prokuratur\u0119 Rejonow\u0105 w Cz\u0119stochowie sprawa jest wielow\u0105tkowa i ma charakter rozwojowy.<\/p>\n\n\n\n<p>[post_gallery]<\/p>\n\n\n\n<p>(Fot. KPP w K\u0142obucku)<\/p>\n\n\n\n<p>(\u0179r\u00f3d\u0142o: KPPw K\u0142obucku)<\/p>\n","protected":false},"excerpt":{"rendered":"<p>W minion\u0105 \u015brod\u0119 k\u0142obuccy kryminalni, przy wsp\u00f3\u0142pracy z policjantami z Katowic, Opola oraz Cz\u0119stochowy zatrzymali diler\u00f3w narkotykowych, oraz przej\u0119li znalezion\u0105 u nich amfetamin\u0119. Dw\u00f3m<\/p>\n","protected":false},"author":12,"featured_media":13648,"comment_status":"open","ping_status":"open","sticky":false,"template":"","format":"standard","meta":{"_monsterinsights_skip_tracking":false,"_monsterinsights_sitenote_active":false,"_monsterinsights_sitenote_note":"","_monsterinsights_sitenote_category":0,"_uf_show_specific_survey":0,"_uf_disable_surveys":false,"footnotes":""},"categories":[44,3,27,94,4,2,13],"tags":[],"class_list":["post-13646","post","type-post","status-publish","format-standard","has-post-thumbnail","hentry","category-bezpieczenstwo","category-czestochowa-informacje","category-klobuck-informacje","category-polecane","category-region","category-wiadomosci","category-wydarzenia"],"_links":{"self":[{"href":"https:\/\/gazetaregionalna.com\/index.php?rest_route=\/wp\/v2\/posts\/13646","targetHints":{"allow":["GET"]}}],"collection":[{"href":"https:\/\/gazetaregionalna.com\/index.php?rest_route=\/wp\/v2\/posts"}],"about":[{"href":"https:\/\/gazetaregionalna.com\/index.php?rest_route=\/wp\/v2\/types\/post"}],"author":[{"embeddable":true,"href":"https:\/\/gazetaregionalna.com\/index.php?rest_route=\/wp\/v2\/users\/12"}],"replies":[{"embeddable":true,"href":"https:\/\/gazetaregionalna.com\/index.php?rest_route=%2Fwp%2Fv2%2Fcomments&post=13646"}],"version-history":[{"count":3,"href":"https:\/\/gazetaregionalna.com\/index.php?rest_route=\/wp\/v2\/posts\/13646\/revisions"}],"predecessor-version":[{"id":13657,"href":"https:\/\/gazetaregionalna.com\/index.php?rest_route=\/wp\/v2\/posts\/13646\/revisions\/13657"}],"wp:featuredmedia":[{"embeddable":true,"href":"https:\/\/gazetaregionalna.com\/index.php?rest_route=\/wp\/v2\/media\/13648"}],"wp:attachment":[{"href":"https:\/\/gazetaregionalna.com\/index.php?rest_route=%2Fwp%2Fv2%2Fmedia&parent=13646"}],"wp:term":[{"taxonomy":"category","embeddable":true,"href":"https:\/\/gazetaregionalna.com\/index.php?rest_route=%2Fwp%2Fv2%2Fcategories&post=13646"},{"taxonomy":"post_tag","embeddable":true,"href":"https:\/\/gazetaregionalna.com\/index.php?rest_route=%2Fwp%2Fv2%2Ftags&post=13646"}],"curies":[{"name":"wp","href":"https:\/\/api.w.org\/{rel}","templated":true}]}}