{"id":136391,"date":"2025-04-21T18:29:36","date_gmt":"2025-04-21T18:29:36","guid":{"rendered":"https:\/\/gazetaregionalna.com\/?p=136391"},"modified":"2025-04-21T18:29:38","modified_gmt":"2025-04-21T18:29:38","slug":"zmarly-papiez-franciszek-jasna-gora","status":"publish","type":"post","link":"https:\/\/gazetaregionalna.com\/?p=136391","title":{"rendered":"Zmar\u0142y papie\u017c Franciszek 9 lat temu pielgrzymowa\u0142 na Jasn\u0105 G\u00f3r\u0119"},"content":{"rendered":"\n<h2 class=\"wp-block-heading\">21 kwietnia o godz. 12 na Jasnej G\u00f3rze, w ca\u0142ej Archidiecezji Cz\u0119stochowskiej i wielu innych miejscach w Polsce zabi\u0142y dzwony na znak \u015bmierci papie\u017ca Franciszka.<\/h2>\n\n\n\n<p>W Wielkanocny Poniedzia\u0142ek o godz. 7.35 zmar\u0142 papie\u017c Franciszek. Tego dnia o godz. 18.30 na Jasnej G\u00f3rze w Kaplicy Matki Bo\u017cej odby\u0142a si\u0119 msza \u015bw. za ojca \u015bwi\u0119tego. Przewodniczy\u0142 jej bp Andrzej Przybylski. \u2013 Dzi\u0119kujemy z ca\u0142ym Ko\u015bcio\u0142em za \u017cycie i pontyfikat Ojca \u015awi\u0119tego Franciszka. Stajemy tu przed Maryj\u0105, bo to jedno z niewielu miejsce w Polsce, kt\u00f3re nawiedzi\u0142 osobi\u015bcie \u2013 m\u00f3wi\u0142 duchowny.<\/p>\n\n\n\n<p>Sanktuarium przypomina, \u017ce zmar\u0142y papie\u017c Franciszek by\u0142 jasnog\u00f3rskim pielgrzymem. W 2016 roku pod przewodnictwem papie\u017ca Franciszka odby\u0142o si\u0119 na Jasnej G\u00f3rze narodowe dzi\u0119kczynienie za chrzest Polski w 1050. rocznic\u0119. <\/p>\n\n\n\n<figure class=\"wp-block-image size-large\"><img decoding=\"async\" width=\"1024\" height=\"768\" data-src=\"https:\/\/gazetaregionalna.com\/wp-content\/uploads\/2025\/04\/491917862_1107725681393389_7808168861172641979_n-1024x768.jpg\" alt=\"\" class=\"wp-image-136394 lazyload\" data-srcset=\"https:\/\/gazetaregionalna.com\/wp-content\/uploads\/2025\/04\/491917862_1107725681393389_7808168861172641979_n-1024x768.jpg 1024w, https:\/\/gazetaregionalna.com\/wp-content\/uploads\/2025\/04\/491917862_1107725681393389_7808168861172641979_n-300x225.jpg 300w, https:\/\/gazetaregionalna.com\/wp-content\/uploads\/2025\/04\/491917862_1107725681393389_7808168861172641979_n-768x576.jpg 768w, https:\/\/gazetaregionalna.com\/wp-content\/uploads\/2025\/04\/491917862_1107725681393389_7808168861172641979_n.jpg 1200w\" data-sizes=\"(max-width: 1024px) 100vw, 1024px\" src=\"data:image\/svg+xml;base64,PHN2ZyB3aWR0aD0iMSIgaGVpZ2h0PSIxIiB4bWxucz0iaHR0cDovL3d3dy53My5vcmcvMjAwMC9zdmciPjwvc3ZnPg==\" style=\"--smush-placeholder-width: 1024px; --smush-placeholder-aspect-ratio: 1024\/768;\" \/><figcaption class=\"wp-element-caption\">fot. Biuro Prasowe Jasnej G\u00f3ry<\/figcaption><\/figure>\n\n\n\n<p>Papieskiej pielgrzymce do Cz\u0119stochowy 28 lipca towarzyszy\u0142y s\u0142owa: \u201eZ Maryj\u0105 dzi\u0119kujemy za 1050 lat chrztu Polski\u201d.<\/p>\n\n\n\n<p>Ojciec \u015bwi\u0119ty z\u0142o\u017cy\u0142 przed Cudownym Obrazem Z\u0142ot\u0105 R\u00f3\u017c\u0119 &#8211; dar dla jasnog\u00f3rskiego klasztoru. Ta sk\u0142ada si\u0119 z marmurowej podstawy, zwie\u0144czonej srebrnym wazonem, na kt\u00f3rym widnieje herb papieski. Z wazonu wy\u0142aniaj\u0105 si\u0119 ga\u0142\u0105zki z trzema r\u00f3\u017cami i li\u015b\u0107mi.<\/p>\n\n\n\n<figure class=\"wp-block-image size-large\"><img decoding=\"async\" width=\"1024\" height=\"768\" data-src=\"https:\/\/gazetaregionalna.com\/wp-content\/uploads\/2025\/04\/491729734_1107725678060056_5953924599451704008_n-1024x768.jpg\" alt=\"\" class=\"wp-image-136395 lazyload\" data-srcset=\"https:\/\/gazetaregionalna.com\/wp-content\/uploads\/2025\/04\/491729734_1107725678060056_5953924599451704008_n-1024x768.jpg 1024w, https:\/\/gazetaregionalna.com\/wp-content\/uploads\/2025\/04\/491729734_1107725678060056_5953924599451704008_n-300x225.jpg 300w, https:\/\/gazetaregionalna.com\/wp-content\/uploads\/2025\/04\/491729734_1107725678060056_5953924599451704008_n-768x576.jpg 768w, https:\/\/gazetaregionalna.com\/wp-content\/uploads\/2025\/04\/491729734_1107725678060056_5953924599451704008_n.jpg 1200w\" data-sizes=\"(max-width: 1024px) 100vw, 1024px\" src=\"data:image\/svg+xml;base64,PHN2ZyB3aWR0aD0iMSIgaGVpZ2h0PSIxIiB4bWxucz0iaHR0cDovL3d3dy53My5vcmcvMjAwMC9zdmciPjwvc3ZnPg==\" style=\"--smush-placeholder-width: 1024px; --smush-placeholder-aspect-ratio: 1024\/768;\" \/><\/figure>\n\n\n\n<p>Z\u0142ota R\u00f3\u017ca papieska jest znakiem pobo\u017cno\u015bci i nabo\u017ce\u0144stwa, szczeg\u00f3lnym darem papieskim dla miejsc \u015bwi\u0119tych, zw\u0142aszcza sanktuari\u00f3w maryjnych na \u015bwiecie. Jest wyeksponowana pomi\u0119dzy dwiema innymi r\u00f3\u017cami papieskimi ofiarowanymi przez Jana Paw\u0142a II i Benedykta XVI (zamontowano je w nastawie o\u0142tarzowej po prawej stronie Obrazu Matki Bo\u017cej)<\/p>\n\n\n\n<p>\u201ePrego en Madonna mi benedica, peccatore. Franciscus, 28.07.2016\u201d tzn. \u201eProsz\u0119, aby Matka Bo\u017ca mi b\u0142ogos\u0142awi\u0142a, grzesznikowi. Franciszek\u201d &#8211; taki jest wpis wpis papie\u017c pozostawi\u0142 na Jasnej G\u00f3rze.<\/p>\n\n\n\n<p>Z kolei paulini przekazali Franciszkowi kopi\u0119 Cudownego Obrazu i okoliczno\u015bciowy kielich.<\/p>\n\n\n\n<p>-Wyrazem pami\u0119ci papie\u017ca Franciszka o cz\u0119stochowskim sanktuarium sta\u0142 si\u0119 te\u017c szczeg\u00f3lny jego dar, kt\u00f3ry otrzyma\u0142a Jasna G\u00f3ra w 2020r.. To przywilej odpustu zupe\u0142nego \u201ein perpetuo\u201d, czyli maj\u0105cego \u201ewieczyst\u0105 moc\u201d dla wszystkich wiernych przybywaj\u0105cych na Jasn\u0105 G\u00f3r\u0119. To przywilej \u201ena zawsze\u201d, a nie wy\u0142\u0105cznie w czasie konkretnych rocznic i jubileuszy. Do zwyk\u0142ych warunk\u00f3w odpustu jasnog\u00f3rskiego nale\u017cy do\u0142\u0105czy\u0107: pielgrzymk\u0119 tutaj oraz modlitw\u0119 o wierno\u015b\u0107 Polski jej chrze\u015bcija\u0144skiemu powo\u0142aniu, wypraszanie nowych powo\u0142a\u0144 kap\u0142a\u0144skich i zakonnych oraz w intencji obrony instytucji rodziny. Jest to r\u00f3wnie\u017c wyj\u0105tkowy dar Franciszka dla paulin\u00f3w jako docenienie ich pos\u0142ugi, zw\u0142aszcza w konfesjonale, ale i zach\u0119ta do jeszcze wi\u0119kszej hojno\u015bci w dost\u0119pie do mocy Bo\u017cego Mi\u0142osierdzia &#8211; przypomina B<a href=\"https:\/\/news.jasnagora.pl\/\" target=\"_blank\" rel=\"noopener\">iuro Prasowe Jasnej G\u00f3ry.<\/a><\/p>\n\n\n\n<p><strong>red., mat, Biuro Prasowe Jasnej G\u00f3ry<\/strong><\/p>\n","protected":false},"excerpt":{"rendered":"<p>21 kwietnia o godz. 12 na Jasnej G\u00f3rze, w ca\u0142ej Archidiecezji Cz\u0119stochowskiej i wielu innych miejscach w Polsce zabi\u0142y dzwony na znak \u015bmierci papie\u017ca<\/p>\n","protected":false},"author":11,"featured_media":136393,"comment_status":"closed","ping_status":"open","sticky":false,"template":"","format":"standard","meta":{"_monsterinsights_skip_tracking":false,"_monsterinsights_sitenote_active":false,"_monsterinsights_sitenote_note":"","_monsterinsights_sitenote_category":0,"_uf_show_specific_survey":0,"_uf_disable_surveys":false,"footnotes":""},"categories":[3,94,2],"tags":[144,200,9774,1700],"class_list":["post-136391","post","type-post","status-publish","format-standard","has-post-thumbnail","hentry","category-czestochowa-informacje","category-polecane","category-wiadomosci","tag-czestochowa","tag-jasna-gora","tag-papiez-franciszek","tag-pozegnanie"],"_links":{"self":[{"href":"https:\/\/gazetaregionalna.com\/index.php?rest_route=\/wp\/v2\/posts\/136391","targetHints":{"allow":["GET"]}}],"collection":[{"href":"https:\/\/gazetaregionalna.com\/index.php?rest_route=\/wp\/v2\/posts"}],"about":[{"href":"https:\/\/gazetaregionalna.com\/index.php?rest_route=\/wp\/v2\/types\/post"}],"author":[{"embeddable":true,"href":"https:\/\/gazetaregionalna.com\/index.php?rest_route=\/wp\/v2\/users\/11"}],"replies":[{"embeddable":true,"href":"https:\/\/gazetaregionalna.com\/index.php?rest_route=%2Fwp%2Fv2%2Fcomments&post=136391"}],"version-history":[{"count":2,"href":"https:\/\/gazetaregionalna.com\/index.php?rest_route=\/wp\/v2\/posts\/136391\/revisions"}],"predecessor-version":[{"id":136396,"href":"https:\/\/gazetaregionalna.com\/index.php?rest_route=\/wp\/v2\/posts\/136391\/revisions\/136396"}],"wp:featuredmedia":[{"embeddable":true,"href":"https:\/\/gazetaregionalna.com\/index.php?rest_route=\/wp\/v2\/media\/136393"}],"wp:attachment":[{"href":"https:\/\/gazetaregionalna.com\/index.php?rest_route=%2Fwp%2Fv2%2Fmedia&parent=136391"}],"wp:term":[{"taxonomy":"category","embeddable":true,"href":"https:\/\/gazetaregionalna.com\/index.php?rest_route=%2Fwp%2Fv2%2Fcategories&post=136391"},{"taxonomy":"post_tag","embeddable":true,"href":"https:\/\/gazetaregionalna.com\/index.php?rest_route=%2Fwp%2Fv2%2Ftags&post=136391"}],"curies":[{"name":"wp","href":"https:\/\/api.w.org\/{rel}","templated":true}]}}