{"id":13627,"date":"2020-06-08T08:16:30","date_gmt":"2020-06-08T08:16:30","guid":{"rendered":"https:\/\/gazetaregionalna.com\/?p=13627"},"modified":"2020-06-08T08:16:35","modified_gmt":"2020-06-08T08:16:35","slug":"swieto","status":"publish","type":"post","link":"https:\/\/gazetaregionalna.com\/?p=13627","title":{"rendered":"\u015awi\u0119to Patronki Radomska."},"content":{"rendered":"\n<p> Podczas niedzielnej mszy odprawionej w kolegiacie \u015bw.\u00a0Lamberta, w\u0142adze Powiatu Radomszcza\u0144skiego ze Starost\u0105 Beat\u0105 Pokor\u0105 na czele uczci\u0142y Patronk\u0119 Radomska \u015bw. Jadwig\u0119 Kr\u00f3low\u0105. <\/p>\n\n\n\n<p> Z powodu epidemii koronawirusa\u00a0w tym roku nie odby\u0142a si\u0119 Procesja Jadwi\u017ca\u0144ska, odwo\u0142ano tak\u017ce tradycyjne Dni Rodziny. Po zako\u0144czonej mszy \u015bw. odprawionej w intencji wszystkich radomszczan zosta\u0142y z\u0142o\u017cone kwiaty pod pomnikiem \u015bw. Jadwigi Kr\u00f3lowej na Placu 3 Maja. W uroczysto\u015bci uczestniczyli przedstawiciele w\u0142adz samorz\u0105dowych  oraz organizacji spo\u0142ecznych: Starosta Powiatu Radomszcza\u0144skiego Beata Pokora, Przewodnicz\u0105cy Rady Powiatu Krzysztof Zygma, Cz\u0142onek Zarz\u0105du Powiatu Ewa Gajzler i Sekretarz Powiatu Tomasz Kornacki. <\/p>\n\n\n\n<p>[post_gallery]<\/p>\n\n\n\n<p>(Fot. Powiat Radomszcza\u0144ski)<\/p>\n\n\n\n<p>(\u0179r\u00f3d\u0142o: Powiat Radomszcza\u0144ski)<\/p>\n","protected":false},"excerpt":{"rendered":"<p>Podczas niedzielnej mszy odprawionej w kolegiacie \u015bw.\u00a0Lamberta, w\u0142adze Powiatu Radomszcza\u0144skiego ze Starost\u0105 Beat\u0105 Pokor\u0105 na czele uczci\u0142y Patronk\u0119 Radomska \u015bw. Jadwig\u0119 Kr\u00f3low\u0105. Z powodu<\/p>\n","protected":false},"author":12,"featured_media":13633,"comment_status":"open","ping_status":"open","sticky":false,"template":"","format":"standard","meta":{"_monsterinsights_skip_tracking":false,"_monsterinsights_sitenote_active":false,"_monsterinsights_sitenote_note":"","_monsterinsights_sitenote_category":0,"_uf_show_specific_survey":0,"_uf_disable_surveys":false,"footnotes":""},"categories":[12,28,13],"tags":[],"class_list":["post-13627","post","type-post","status-publish","format-standard","has-post-thumbnail","hentry","category-kultura-i-rozrywka","category-radomsko","category-wydarzenia"],"_links":{"self":[{"href":"https:\/\/gazetaregionalna.com\/index.php?rest_route=\/wp\/v2\/posts\/13627","targetHints":{"allow":["GET"]}}],"collection":[{"href":"https:\/\/gazetaregionalna.com\/index.php?rest_route=\/wp\/v2\/posts"}],"about":[{"href":"https:\/\/gazetaregionalna.com\/index.php?rest_route=\/wp\/v2\/types\/post"}],"author":[{"embeddable":true,"href":"https:\/\/gazetaregionalna.com\/index.php?rest_route=\/wp\/v2\/users\/12"}],"replies":[{"embeddable":true,"href":"https:\/\/gazetaregionalna.com\/index.php?rest_route=%2Fwp%2Fv2%2Fcomments&post=13627"}],"version-history":[{"count":1,"href":"https:\/\/gazetaregionalna.com\/index.php?rest_route=\/wp\/v2\/posts\/13627\/revisions"}],"predecessor-version":[{"id":13638,"href":"https:\/\/gazetaregionalna.com\/index.php?rest_route=\/wp\/v2\/posts\/13627\/revisions\/13638"}],"wp:featuredmedia":[{"embeddable":true,"href":"https:\/\/gazetaregionalna.com\/index.php?rest_route=\/wp\/v2\/media\/13633"}],"wp:attachment":[{"href":"https:\/\/gazetaregionalna.com\/index.php?rest_route=%2Fwp%2Fv2%2Fmedia&parent=13627"}],"wp:term":[{"taxonomy":"category","embeddable":true,"href":"https:\/\/gazetaregionalna.com\/index.php?rest_route=%2Fwp%2Fv2%2Fcategories&post=13627"},{"taxonomy":"post_tag","embeddable":true,"href":"https:\/\/gazetaregionalna.com\/index.php?rest_route=%2Fwp%2Fv2%2Ftags&post=13627"}],"curies":[{"name":"wp","href":"https:\/\/api.w.org\/{rel}","templated":true}]}}