{"id":136176,"date":"2025-04-16T09:02:56","date_gmt":"2025-04-16T09:02:56","guid":{"rendered":"https:\/\/gazetaregionalna.com\/?p=136176"},"modified":"2025-07-30T12:52:56","modified_gmt":"2025-07-30T12:52:56","slug":"czyste-powietrze-3","status":"publish","type":"post","link":"https:\/\/gazetaregionalna.com\/?p=136176","title":{"rendered":"Ekologiczne ABC. Nowe mo\u017cliwo\u015bci z programem Czyste Powietrze 2025"},"content":{"rendered":"\n<h3 class=\"wp-block-heading has-text-color has-link-color wp-elements-ed52c84a4615c98f600d0150f0102092\" style=\"color:#004313\"><strong>Co si\u0119 zmieni\u0142o w programie Czyste Powietrze od 31 marca 2025 roku? Na co zwr\u00f3ci\u0107 uwag\u0119 przy wyborze pompy ciep\u0142a oraz odpowiedniej firmy instalacyjnej? Przybli\u017camy najwa\u017cniejsze aspekty zwi\u0105zane z tegoroczn\u0105 edycj\u0105 programu <strong>Czyste Powietrze<\/strong>.<\/strong><\/h3>\n\n\n\n<p><strong><mark style=\"background-color:#5dff86\" class=\"has-inline-color\">Nowy program Czyste Powietrze<\/mark><\/strong><\/p>\n\n\n\n<p>Najwa\u017cniejsz\u0105 ze zmian jest zaostrzenie <strong>wymaga\u0144 technicznych dla pomp ciep\u0142a<\/strong> \u2013 dotacje przyznawane s\u0105 tylko na urz\u0105dzenia znajduj\u0105ce si\u0119 na li\u015bcie zielonych urz\u0105dze\u0144 i materia\u0142\u00f3w <strong>(ZUM)<\/strong>, kt\u00f3re spe\u0142niaj\u0105 okre\u015blone normy efektywno\u015bci energetycznej i zosta\u0142y przetestowane przez niezale\u017cne jednostki badawcze. Ma to na celu wyeliminowanie z rynku niesprawdzonych urz\u0105dze\u0144 o niskiej efektywno\u015bci i kr\u00f3tkiej \u017cywotno\u015bci. Wprowadzono <strong>obowi\u0105zek wykonania audytu energetycznego <\/strong>wraz z <strong>dokumentem podsumowuj\u0105cym audyt energetyczny<\/strong> przed rozpocz\u0119ciem inwestycji, kt\u00f3re pozwol\u0105 lepiej dostosowa\u0107 odpowiedni\u0105 technologi\u0119 do konkretnego budynku, oraz, po zako\u0144czeniu inwestycji, konieczno\u015b\u0107 przedstawienia <strong>\u015bwiadectwa charakterystyki energetycznej<\/strong>, potwierdzaj\u0105cego zmniejszenie zapotrzebowania na energi\u0119 do ogrzewania budynku. Oba dokumenty musz\u0105 by\u0107 sporz\u0105dzone przez osob\u0119 wpisan\u0105 do rejestru uprawnionych do wystawiania \u015bwiadectw charakterystyki energetycznej (wykaz Ministerstwa Rozwoju i Technologii).<\/p>\n\n\n\n<p>Program dzieli budynki w zale\u017cno\u015bci od warto\u015bci wska\u017anika energii u\u017cytkowej, wyra\u017conego w kWh\/mkw.<sup>.<\/sup>na 3 kategorie: poni\u017cej 80 kWh\/mkw. rocznie, od 80 do 140 kWh\/mkw. rocznie oraz powy\u017cej 140 kWh\/mkw. rocznie i od tego wska\u017anika uzale\u017cniony jest rodzaj otrzymanego wsparcia.<\/p>\n\n\n\n<p>W skr\u00f3cie, aby skorzysta\u0107 z programu Czyste Powietrze, nale\u017cy by\u0107 od minimum 3 lat w\u0142a\u015bcicielem lub wsp\u00f3\u0142w\u0142a\u015bcicielem domu jednorodzinnego lub lokalu z odr\u0119bn\u0105 ksi\u0119g\u0105 wieczyst\u0105. Wyj\u0105tkiem jest tutaj spadek. Nale\u017cy zlikwidowa\u0107 stare, nieefektywne \u017ar\u00f3d\u0142o ciep\u0142a na paliwo sta\u0142e, oraz zainstalowa\u0107 pomp\u0119 ciep\u0142a z listy ZUM. Konieczne b\u0119dzie spe\u0142nienie odpowiednich warunk\u00f3w dochodowych. Podobnie jak w poprzedniej wersji programu, w tej edycji obowi\u0105zuj\u0105 tak\u017ce r\u00f3\u017cne progi. Nale\u017cy przede wszystkim sprawdzi\u0107 czy spe\u0142niamy kryterium dochodowe, a nast\u0119pnie wspomniany wcze\u015bniej wska\u017anik zapotrzebowania na energi\u0119 u\u017cytkow\u0105.<\/p>\n\n\n\n<p>Doch\u00f3d w gospodarstwie domowym musi mie\u015bci\u0107 si\u0119 w ustalonych progach \u2013 dost\u0119pne s\u0105 trzy poziomy dofinansowania: podstawowy, podwy\u017cszony i najwy\u017cszy.<\/p>\n\n\n\n<ul class=\"wp-block-list\">\n<li><strong>Podstawowy poziom dofinansowania:<\/strong> pr\u00f3g dochodowy: do 135 000 z\u0142 rocznie. Wysoko\u015b\u0107 dofinansowania: do 40% koszt\u00f3w kwalifikowanych.<\/li>\n\n\n\n<li><strong>Podwy\u017cszony poziom dofinansowania:<\/strong> pr\u00f3g dochodowy: do 2 250 z\u0142 na osob\u0119 w gospodarstwie wieloosobowym i do 3 150 z\u0142 w gospodarstwie jednoosobowym. Wysoko\u015b\u0107 dofinansowania: do 70% koszt\u00f3w kwalifikowanych. Roczny przych\u00f3d z tytu\u0142u prowadzenia dzia\u0142alno\u015bci gospodarczej \u2013 max. <strong>czterdziestokrotno\u015b\u0107<\/strong> kwoty minimalnego wynagrodzenia za prac\u0119.<\/li>\n\n\n\n<li><strong>Najwy\u017cszy poziom dofinansowania:<\/strong> pr\u00f3g dochodowy: do 1 300 z\u0142 na osob\u0119 w gospodarstwie wieloosobowym i do 1 800 z\u0142 w gospodarstwie jednoosobowym, lub otrzymywanie zasi\u0142k\u00f3w (sta\u0142y, okresowy, rodzinny, specjalny opieku\u0144czy). Wysoko\u015b\u0107 dofinansowania: do 100% koszt\u00f3w kwalifikowanych. Roczny przych\u00f3d z tytu\u0142u prowadzenia dzia\u0142alno\u015bci gospodarczej \u2013 max. <strong>dwunastokrotno\u015b\u0107<\/strong> kwoty minimalnego wynagrodzenia za prac\u0119. Dofinansowanie w najwy\u017cszym progu tylko dla budynku\/lokalu, w kt\u00f3rym zapotrzebowanie na energi\u0119 u\u017cytkow\u0105 do ogrzewania wynosi <strong>powy\u017cej 140 kWh<\/strong>\/(mkw. rocznie).<\/li>\n<\/ul>\n\n\n\n<p><strong><mark style=\"background-color:#5dff86\" class=\"has-inline-color\">Na co zwr\u00f3ci\u0107 uwag\u0119 przy wyborze firmy instalacyjnej?<\/mark><\/strong><\/p>\n\n\n\n<p>Zakup pompy ciep\u0142a to inwestycja d\u0142ugookresowa \u2013 urz\u0105dzenie powinno niezawodnie dzia\u0142a\u0107 przez kilkana\u015bcie lat, a nawet du\u017co d\u0142u\u017cej. Dlatego wyb\u00f3r odpowiedniej firmy instalacyjnej jest r\u00f3wnie wa\u017cny, jak wyb\u00f3r samego urz\u0105dzenia. Bardzo istotne jest, by firma, z kt\u00f3r\u0105 podejmujemy wsp\u00f3\u0142prac\u0119, dzia\u0142a\u0142a lokalnie i mia\u0142a swoj\u0105 sta\u0142\u0105, rzeczywist\u0105 siedzib\u0119, do kt\u00f3rej mo\u017cemy si\u0119 uda\u0107, gdy zajdzie taka potrzeba. Dlaczego? Bo tylko wtedy mo\u017cemy liczy\u0107 na szybki serwis w razie awarii czy potrzeb\u0119 regulacji systemu po uruchomieniu. Blisko\u015b\u0107 firmy oznacza te\u017c realn\u0105 dost\u0119pno\u015b\u0107 technik\u00f3w i brak konieczno\u015bci d\u0142ugiego oczekiwania na interwencj\u0119.<\/p>\n\n\n\n<p>Dobrze wybiera\u0107 tak\u017ce spo\u015br\u00f3d firm, kt\u00f3re s\u0105 obecne na rynku od lat. To daje poczucie bezpiecze\u0144stwa \u2013 wiemy, \u017ce nie znikn\u0105 po kilku miesi\u0105cach. Firmy z d\u0142ugim sta\u017cem na rynku daj\u0105 wi\u0119ksza gwarancj\u0119 ci\u0105g\u0142o\u015bci us\u0142ug serwisowych przez ca\u0142y okres eksploatacji urz\u0105dzenia. Wa\u017cne jest r\u00f3wnie\u017c, aby instalatorzy byli przeszkoleni i autoryzowani przez producenta danego systemu grzewczego \u2013 to gwarantuje, \u017ce instalacja zostanie wykonana zgodnie z wytycznymi i \u017ce urz\u0105dzenie b\u0119dzie obj\u0119te pe\u0142n\u0105 gwarancj\u0105 producenta.<\/p>\n\n\n\n<p class=\"has-text-color has-link-color wp-elements-8edd107a977435fba7b309503ff053f0\" style=\"color:#004313\">Decyzja o wymianie \u017ar\u00f3d\u0142a ciep\u0142a to co\u015b wi\u0119cej ni\u017c zakup urz\u0105dzenia \u2013 to d\u0142ugofalowa wsp\u00f3\u0142praca z instalatorem, kt\u00f3ry powinien mie\u0107 wiedz\u0119, do\u015bwiadczenie oraz autoryzacj\u0119 na monta\u017c i serwis urz\u0105dzenia.<\/p>\n\n\n\n<p class=\"has-text-color has-link-color wp-elements-4f9ef38bd4efb97d9fbb188765e941b3\" style=\"color:#004313\">Szczeg\u00f3\u0142owe informacje na temat dofinansowa\u0144 mo\u017cna znale\u017a\u0107 na stronie: czystepowietrze.gov.pl<\/p>\n\n\n\n<p>Ilona Mirowska &#8211; Specjalistka ds. pomp ciep\u0142a i klimatyzacji <\/p>\n\n\n\n<figure class=\"wp-block-image size-full\"><img decoding=\"async\" width=\"767\" height=\"99\" data-src=\"https:\/\/gazetaregionalna.com\/wp-content\/uploads\/2025\/07\/WFOSiGW-Material.png\" alt=\"\" class=\"wp-image-139648 lazyload\" data-srcset=\"https:\/\/gazetaregionalna.com\/wp-content\/uploads\/2025\/07\/WFOSiGW-Material.png 767w, https:\/\/gazetaregionalna.com\/wp-content\/uploads\/2025\/07\/WFOSiGW-Material-300x39.png 300w\" data-sizes=\"(max-width: 767px) 100vw, 767px\" src=\"data:image\/svg+xml;base64,PHN2ZyB3aWR0aD0iMSIgaGVpZ2h0PSIxIiB4bWxucz0iaHR0cDovL3d3dy53My5vcmcvMjAwMC9zdmciPjwvc3ZnPg==\" style=\"--smush-placeholder-width: 767px; --smush-placeholder-aspect-ratio: 767\/99;\" \/><\/figure>\n\n\n\n<p>Za tre\u015bci zawarte w materiale dofinansowanym ze \u015brodk\u00f3w <a href=\"https:\/\/wfosigw.katowice.pl\/\" target=\"_blank\" rel=\"noreferrer noopener\">WFO\u015aiGW<\/a> w Katowicach odpowiedzialno\u015b\u0107 ponosi redakcja.<\/p>\n\n\n\n<p>Czytaj tak\u017ce: <a href=\"https:\/\/gazetaregionalna.com\/wypalanie-traw\/\">Wypalanie traw \u2013 szkodliwe i niebezpieczne<\/a><\/p>\n","protected":false},"excerpt":{"rendered":"<p>Co si\u0119 zmieni\u0142o w programie Czyste Powietrze od 31 marca 2025 roku? Na co zwr\u00f3ci\u0107 uwag\u0119 przy wyborze pompy ciep\u0142a oraz odpowiedniej firmy instalacyjnej?<\/p>\n","protected":false},"author":5,"featured_media":136179,"comment_status":"closed","ping_status":"open","sticky":false,"template":"","format":"standard","meta":{"_monsterinsights_skip_tracking":false,"_monsterinsights_sitenote_active":false,"_monsterinsights_sitenote_note":"","_monsterinsights_sitenote_category":0,"_uf_show_specific_survey":0,"_uf_disable_surveys":false,"footnotes":""},"categories":[29],"tags":[505,5123,9763],"class_list":["post-136176","post","type-post","status-publish","format-standard","has-post-thumbnail","hentry","category-ekologia","tag-dofinansowanie","tag-oze","tag-program-czyste-powietrze-2025"],"_links":{"self":[{"href":"https:\/\/gazetaregionalna.com\/index.php?rest_route=\/wp\/v2\/posts\/136176","targetHints":{"allow":["GET"]}}],"collection":[{"href":"https:\/\/gazetaregionalna.com\/index.php?rest_route=\/wp\/v2\/posts"}],"about":[{"href":"https:\/\/gazetaregionalna.com\/index.php?rest_route=\/wp\/v2\/types\/post"}],"author":[{"embeddable":true,"href":"https:\/\/gazetaregionalna.com\/index.php?rest_route=\/wp\/v2\/users\/5"}],"replies":[{"embeddable":true,"href":"https:\/\/gazetaregionalna.com\/index.php?rest_route=%2Fwp%2Fv2%2Fcomments&post=136176"}],"version-history":[{"count":5,"href":"https:\/\/gazetaregionalna.com\/index.php?rest_route=\/wp\/v2\/posts\/136176\/revisions"}],"predecessor-version":[{"id":139707,"href":"https:\/\/gazetaregionalna.com\/index.php?rest_route=\/wp\/v2\/posts\/136176\/revisions\/139707"}],"wp:featuredmedia":[{"embeddable":true,"href":"https:\/\/gazetaregionalna.com\/index.php?rest_route=\/wp\/v2\/media\/136179"}],"wp:attachment":[{"href":"https:\/\/gazetaregionalna.com\/index.php?rest_route=%2Fwp%2Fv2%2Fmedia&parent=136176"}],"wp:term":[{"taxonomy":"category","embeddable":true,"href":"https:\/\/gazetaregionalna.com\/index.php?rest_route=%2Fwp%2Fv2%2Fcategories&post=136176"},{"taxonomy":"post_tag","embeddable":true,"href":"https:\/\/gazetaregionalna.com\/index.php?rest_route=%2Fwp%2Fv2%2Ftags&post=136176"}],"curies":[{"name":"wp","href":"https:\/\/api.w.org\/{rel}","templated":true}]}}