{"id":13612,"date":"2020-06-07T15:30:04","date_gmt":"2020-06-07T15:30:04","guid":{"rendered":"https:\/\/gazetaregionalna.com\/?p=13612"},"modified":"2020-06-07T15:30:07","modified_gmt":"2020-06-07T15:30:07","slug":"wypadek-na-dk1","status":"publish","type":"post","link":"https:\/\/gazetaregionalna.com\/?p=13612","title":{"rendered":"Uwaga wypadek na DK1 na wysoko\u015bci Wik\u0142owa!"},"content":{"rendered":"\n<p>Jak wiadomo z relacji \u015bwiadka zdarzenia godzin\u0119 temu na trasie DK1, na wysoko\u015bci wsi Wik\u0142\u00f3w dosz\u0142o do wypadku dw\u00f3ch pojazd\u00f3w, ci\u0119\u017carowego z osobowym. Do szpitala zosta\u0142a zabrana jedna osoba z samochodu osobowego.<\/p>\n\n\n\n<p>Na chwil\u0119 obecn\u0105 na drodze trwaj\u0105 prace porz\u0105dkowe. Droga jest nieprzejezdna w obu kierunkach. <\/p>\n\n\n\n<p>[post_gallery]<\/p>\n","protected":false},"excerpt":{"rendered":"<p>Jak wiadomo z relacji \u015bwiadka zdarzenia godzin\u0119 temu na trasie DK1, na wysoko\u015bci wsi Wik\u0142\u00f3w dosz\u0142o do wypadku dw\u00f3ch pojazd\u00f3w, ci\u0119\u017carowego z osobowym. Do<\/p>\n","protected":false},"author":12,"featured_media":13621,"comment_status":"open","ping_status":"open","sticky":false,"template":"","format":"standard","meta":{"_monsterinsights_skip_tracking":false,"_monsterinsights_sitenote_active":false,"_monsterinsights_sitenote_note":"","_monsterinsights_sitenote_category":0,"_uf_show_specific_survey":0,"_uf_disable_surveys":false,"footnotes":""},"categories":[44,3,28,13],"tags":[],"class_list":["post-13612","post","type-post","status-publish","format-standard","has-post-thumbnail","hentry","category-bezpieczenstwo","category-czestochowa-informacje","category-radomsko","category-wydarzenia"],"_links":{"self":[{"href":"https:\/\/gazetaregionalna.com\/index.php?rest_route=\/wp\/v2\/posts\/13612","targetHints":{"allow":["GET"]}}],"collection":[{"href":"https:\/\/gazetaregionalna.com\/index.php?rest_route=\/wp\/v2\/posts"}],"about":[{"href":"https:\/\/gazetaregionalna.com\/index.php?rest_route=\/wp\/v2\/types\/post"}],"author":[{"embeddable":true,"href":"https:\/\/gazetaregionalna.com\/index.php?rest_route=\/wp\/v2\/users\/12"}],"replies":[{"embeddable":true,"href":"https:\/\/gazetaregionalna.com\/index.php?rest_route=%2Fwp%2Fv2%2Fcomments&post=13612"}],"version-history":[{"count":2,"href":"https:\/\/gazetaregionalna.com\/index.php?rest_route=\/wp\/v2\/posts\/13612\/revisions"}],"predecessor-version":[{"id":13616,"href":"https:\/\/gazetaregionalna.com\/index.php?rest_route=\/wp\/v2\/posts\/13612\/revisions\/13616"}],"wp:featuredmedia":[{"embeddable":true,"href":"https:\/\/gazetaregionalna.com\/index.php?rest_route=\/wp\/v2\/media\/13621"}],"wp:attachment":[{"href":"https:\/\/gazetaregionalna.com\/index.php?rest_route=%2Fwp%2Fv2%2Fmedia&parent=13612"}],"wp:term":[{"taxonomy":"category","embeddable":true,"href":"https:\/\/gazetaregionalna.com\/index.php?rest_route=%2Fwp%2Fv2%2Fcategories&post=13612"},{"taxonomy":"post_tag","embeddable":true,"href":"https:\/\/gazetaregionalna.com\/index.php?rest_route=%2Fwp%2Fv2%2Ftags&post=13612"}],"curies":[{"name":"wp","href":"https:\/\/api.w.org\/{rel}","templated":true}]}}