{"id":136075,"date":"2025-04-13T21:50:12","date_gmt":"2025-04-13T21:50:12","guid":{"rendered":"https:\/\/gazetaregionalna.com\/?p=136075"},"modified":"2025-04-13T21:50:13","modified_gmt":"2025-04-13T21:50:13","slug":"motocyklowy-zjazd-gwiazdzisty-po-raz-13","status":"publish","type":"post","link":"https:\/\/gazetaregionalna.com\/?p=136075","title":{"rendered":"Motocyklowy Zjazd Gwia\u017adzisty dotar\u0142 do Cz\u0119stochowy po raz 13."},"content":{"rendered":"\n<h2 class=\"wp-block-heading\">W niedziel\u0119, 13 kwietnia na Jasnej G\u00f3rze odby\u0142 si\u0119 13. Motocyklowy Zjazd Gwia\u017adzisty zorganizowany przez Cz\u0119stochowskie Towarzystwo Motocyklowe.<\/h2>\n\n\n\n<p>Idea zjazd\u00f3w nawi\u0105zuje do tradycji przedwojennych regionu. To pierwsza grupa, kt\u00f3ra rozpocz\u0119\u0142a w sezon w cz\u0119stochowskim sanktuarium. Kolejna zjedzie 27 kwietnia.<\/p>\n\n\n\n<p>Mszy \u015bw. organizowanej w ramach Motocyklowego Zjazdu Gwia\u017adzistego przewodniczy\u0142 ks. Dariusz Leman, motocyklista pasjonat, kapelan zwi\u0105zany te\u017c z fundacj\u0105 Moto Anio\u0142y (jej misj\u0105 jest pozyskiwanie sprz\u0119tu medycznego dla ofiar wypadk\u00f3w motocyklowych, pomoc i wsparcie poszkodowanym motocyklistom). Jak podkre\u015bla\u0142, zjazdy jasnog\u00f3rskie s\u0142u\u017c\u0105 te\u017c temu, by uwra\u017cliwia\u0107 serca, by \u201eby\u0107 przede wszystkim cz\u0142owiekiem\u201d.<\/p>\n\n\n\n<figure class=\"wp-block-image size-large\"><img decoding=\"async\" width=\"1024\" height=\"683\" data-src=\"https:\/\/gazetaregionalna.com\/wp-content\/uploads\/2025\/04\/18d6a5f5a4ca233bae7a0507dbab42eb-1024x683.jpg\" alt=\"\" class=\"wp-image-136083 lazyload\" data-srcset=\"https:\/\/gazetaregionalna.com\/wp-content\/uploads\/2025\/04\/18d6a5f5a4ca233bae7a0507dbab42eb-1024x683.jpg 1024w, https:\/\/gazetaregionalna.com\/wp-content\/uploads\/2025\/04\/18d6a5f5a4ca233bae7a0507dbab42eb-300x200.jpg 300w, https:\/\/gazetaregionalna.com\/wp-content\/uploads\/2025\/04\/18d6a5f5a4ca233bae7a0507dbab42eb-768x512.jpg 768w, https:\/\/gazetaregionalna.com\/wp-content\/uploads\/2025\/04\/18d6a5f5a4ca233bae7a0507dbab42eb.jpg 1200w\" data-sizes=\"(max-width: 1024px) 100vw, 1024px\" src=\"data:image\/svg+xml;base64,PHN2ZyB3aWR0aD0iMSIgaGVpZ2h0PSIxIiB4bWxucz0iaHR0cDovL3d3dy53My5vcmcvMjAwMC9zdmciPjwvc3ZnPg==\" style=\"--smush-placeholder-width: 1024px; --smush-placeholder-aspect-ratio: 1024\/683;\" \/><figcaption class=\"wp-element-caption\">fot. Biuro Prasowe Jasnej G\u00f3ry<\/figcaption><\/figure>\n\n\n\n<p>Pokazuj\u0119, \u017ce po prostu mo\u017cna kocha\u0107 Boga i budowa\u0107 przyjacielskie relacje mi\u0119dzy sob\u0105. Zrzeszamy te\u017c grup\u0119 motocyklist\u00f3w, kt\u00f3rzy s\u0105 r\u00f3\u017cnych pogl\u0105d\u00f3w, mo\u017ce nawet niekt\u00f3rzy s\u0105 agnostykami, ale nie przeszkadza im to by\u0107 z nami.<\/p>\n\n\n\n<p>Pielgrzymk\u0119 zorganizowa\u0142o Cz\u0119stochowskie Towarzystwo Motocyklowe. Wywodzi si\u0119 ono z Towarzystwa Cyklist\u00f3w i Motocyklist\u00f3w, kt\u00f3re ma nie tylko bardzo bogat\u0105, ale i skomplikowan\u0105 histori\u0119. Pod koniec XIX w. powsta\u0142o Towarzystwo Cyklist\u00f3w, a w 1902 r. Towarzystwo Cyklist\u00f3w i Motocyklist\u00f3w.<\/p>\n\n\n\n<figure class=\"wp-block-image size-large\"><img decoding=\"async\" width=\"1024\" height=\"680\" data-src=\"https:\/\/gazetaregionalna.com\/wp-content\/uploads\/2025\/04\/d656b2f9852456795765c905aa88afe1-1024x680.jpg\" alt=\"\" class=\"wp-image-136090 lazyload\" data-srcset=\"https:\/\/gazetaregionalna.com\/wp-content\/uploads\/2025\/04\/d656b2f9852456795765c905aa88afe1-1024x680.jpg 1024w, https:\/\/gazetaregionalna.com\/wp-content\/uploads\/2025\/04\/d656b2f9852456795765c905aa88afe1-300x199.jpg 300w, https:\/\/gazetaregionalna.com\/wp-content\/uploads\/2025\/04\/d656b2f9852456795765c905aa88afe1-768x510.jpg 768w, https:\/\/gazetaregionalna.com\/wp-content\/uploads\/2025\/04\/d656b2f9852456795765c905aa88afe1.jpg 1200w\" data-sizes=\"(max-width: 1024px) 100vw, 1024px\" src=\"data:image\/svg+xml;base64,PHN2ZyB3aWR0aD0iMSIgaGVpZ2h0PSIxIiB4bWxucz0iaHR0cDovL3d3dy53My5vcmcvMjAwMC9zdmciPjwvc3ZnPg==\" style=\"--smush-placeholder-width: 1024px; --smush-placeholder-aspect-ratio: 1024\/680;\" \/><figcaption class=\"wp-element-caption\">fot. Biuro Prasowe Jasnej G\u00f3ry<\/figcaption><\/figure>\n\n\n\n<p>&#8211; Po raz pierwszy zlot motocyklowy odby\u0142 si\u0119 w 1932 r. z okazji 550. rocznicy fundacji jasnog\u00f3rskiego klasztoru &#8211; cytuje Janusza Jadczyka z Cz\u0119stochowskiego Towarzystwa Motocyklowego Biuro Prasowe Jasnej G\u00f3ry. Przypomina te\u017c, \u017ce po wojnie rozw\u00f3j Ruchu Motocyklist\u00f3w i Cyklist\u00f3w uleg\u0142 zahamowaniu. Na bazie towarzystwa, od 1950 r. w zakresie sportowym idee realizowa\u0142 CKM \u201eW\u0142\u00f3kniarz\u201d.<\/p>\n\n\n\n<p>Dodajmy, \u017ce 27 kwietnia odb\u0119dzie si\u0119 XXII Zlot Gwia\u017adzisty im. ks. U\u0142ana Zdzis\u0142awa Jastrz\u0119biec Peszkowskiego organizowany przez Stowarzyszenie Mi\u0119dzynarodowy Motocyklowy Rajd Katy\u0144ski.<\/p>\n\n\n\n<p>Szczeg\u00f3\u0142y na: <a href=\"https:\/\/news.jasnagora.pl\/\" target=\"_blank\" rel=\"noopener\">news.jasnagora.pl<\/a><\/p>\n\n\n\n<p><strong>red., mat. Biura Prasowego Jasnej G\u00f3ry<\/strong><\/p>\n\n\n\n<figure class=\"wp-block-gallery has-nested-images columns-default is-cropped wp-block-gallery-1 is-layout-flex wp-block-gallery-is-layout-flex\">\n<figure class=\"wp-block-image size-large\"><img decoding=\"async\" width=\"1024\" height=\"683\" data-id=\"136089\" data-src=\"https:\/\/gazetaregionalna.com\/wp-content\/uploads\/2025\/04\/d9ac092df23a834dd762bbf1779f7d63-1024x683.jpg\" alt=\"\" class=\"wp-image-136089 lazyload\" data-srcset=\"https:\/\/gazetaregionalna.com\/wp-content\/uploads\/2025\/04\/d9ac092df23a834dd762bbf1779f7d63-1024x683.jpg 1024w, https:\/\/gazetaregionalna.com\/wp-content\/uploads\/2025\/04\/d9ac092df23a834dd762bbf1779f7d63-300x200.jpg 300w, https:\/\/gazetaregionalna.com\/wp-content\/uploads\/2025\/04\/d9ac092df23a834dd762bbf1779f7d63-768x512.jpg 768w, https:\/\/gazetaregionalna.com\/wp-content\/uploads\/2025\/04\/d9ac092df23a834dd762bbf1779f7d63.jpg 1200w\" data-sizes=\"(max-width: 1024px) 100vw, 1024px\" src=\"data:image\/svg+xml;base64,PHN2ZyB3aWR0aD0iMSIgaGVpZ2h0PSIxIiB4bWxucz0iaHR0cDovL3d3dy53My5vcmcvMjAwMC9zdmciPjwvc3ZnPg==\" style=\"--smush-placeholder-width: 1024px; --smush-placeholder-aspect-ratio: 1024\/683;\" \/><\/figure>\n\n\n\n<figure class=\"wp-block-image size-large\"><img decoding=\"async\" width=\"1024\" height=\"686\" data-id=\"136088\" data-src=\"https:\/\/gazetaregionalna.com\/wp-content\/uploads\/2025\/04\/b4ef38c749df8888798cf242a6ce35f0-1024x686.jpg\" alt=\"\" class=\"wp-image-136088 lazyload\" data-srcset=\"https:\/\/gazetaregionalna.com\/wp-content\/uploads\/2025\/04\/b4ef38c749df8888798cf242a6ce35f0-1024x686.jpg 1024w, https:\/\/gazetaregionalna.com\/wp-content\/uploads\/2025\/04\/b4ef38c749df8888798cf242a6ce35f0-300x201.jpg 300w, https:\/\/gazetaregionalna.com\/wp-content\/uploads\/2025\/04\/b4ef38c749df8888798cf242a6ce35f0-768x515.jpg 768w, https:\/\/gazetaregionalna.com\/wp-content\/uploads\/2025\/04\/b4ef38c749df8888798cf242a6ce35f0.jpg 1200w\" data-sizes=\"(max-width: 1024px) 100vw, 1024px\" src=\"data:image\/svg+xml;base64,PHN2ZyB3aWR0aD0iMSIgaGVpZ2h0PSIxIiB4bWxucz0iaHR0cDovL3d3dy53My5vcmcvMjAwMC9zdmciPjwvc3ZnPg==\" style=\"--smush-placeholder-width: 1024px; --smush-placeholder-aspect-ratio: 1024\/686;\" \/><\/figure>\n\n\n\n<figure class=\"wp-block-image size-large\"><img decoding=\"async\" width=\"1024\" height=\"683\" data-id=\"136086\" data-src=\"https:\/\/gazetaregionalna.com\/wp-content\/uploads\/2025\/04\/71348ea044c0abe26f41ae9d19f68bef-1024x683.jpg\" alt=\"\" class=\"wp-image-136086 lazyload\" data-srcset=\"https:\/\/gazetaregionalna.com\/wp-content\/uploads\/2025\/04\/71348ea044c0abe26f41ae9d19f68bef-1024x683.jpg 1024w, https:\/\/gazetaregionalna.com\/wp-content\/uploads\/2025\/04\/71348ea044c0abe26f41ae9d19f68bef-300x200.jpg 300w, https:\/\/gazetaregionalna.com\/wp-content\/uploads\/2025\/04\/71348ea044c0abe26f41ae9d19f68bef-768x512.jpg 768w, https:\/\/gazetaregionalna.com\/wp-content\/uploads\/2025\/04\/71348ea044c0abe26f41ae9d19f68bef.jpg 1200w\" data-sizes=\"(max-width: 1024px) 100vw, 1024px\" src=\"data:image\/svg+xml;base64,PHN2ZyB3aWR0aD0iMSIgaGVpZ2h0PSIxIiB4bWxucz0iaHR0cDovL3d3dy53My5vcmcvMjAwMC9zdmciPjwvc3ZnPg==\" style=\"--smush-placeholder-width: 1024px; --smush-placeholder-aspect-ratio: 1024\/683;\" \/><\/figure>\n\n\n\n<figure class=\"wp-block-image size-large\"><img decoding=\"async\" width=\"1024\" height=\"683\" data-id=\"136085\" data-src=\"https:\/\/gazetaregionalna.com\/wp-content\/uploads\/2025\/04\/88fe9056cdf8ae42fd7849f11f7964c0-1024x683.jpg\" alt=\"\" class=\"wp-image-136085 lazyload\" data-srcset=\"https:\/\/gazetaregionalna.com\/wp-content\/uploads\/2025\/04\/88fe9056cdf8ae42fd7849f11f7964c0-1024x683.jpg 1024w, https:\/\/gazetaregionalna.com\/wp-content\/uploads\/2025\/04\/88fe9056cdf8ae42fd7849f11f7964c0-300x200.jpg 300w, https:\/\/gazetaregionalna.com\/wp-content\/uploads\/2025\/04\/88fe9056cdf8ae42fd7849f11f7964c0-768x512.jpg 768w, https:\/\/gazetaregionalna.com\/wp-content\/uploads\/2025\/04\/88fe9056cdf8ae42fd7849f11f7964c0.jpg 1200w\" data-sizes=\"(max-width: 1024px) 100vw, 1024px\" src=\"data:image\/svg+xml;base64,PHN2ZyB3aWR0aD0iMSIgaGVpZ2h0PSIxIiB4bWxucz0iaHR0cDovL3d3dy53My5vcmcvMjAwMC9zdmciPjwvc3ZnPg==\" style=\"--smush-placeholder-width: 1024px; --smush-placeholder-aspect-ratio: 1024\/683;\" \/><\/figure>\n\n\n\n<figure class=\"wp-block-image size-large\"><img decoding=\"async\" width=\"1024\" height=\"683\" data-id=\"136084\" data-src=\"https:\/\/gazetaregionalna.com\/wp-content\/uploads\/2025\/04\/26b3b4f105244b6e7e95ca785b13b25f-1024x683.jpg\" alt=\"\" class=\"wp-image-136084 lazyload\" data-srcset=\"https:\/\/gazetaregionalna.com\/wp-content\/uploads\/2025\/04\/26b3b4f105244b6e7e95ca785b13b25f-1024x683.jpg 1024w, https:\/\/gazetaregionalna.com\/wp-content\/uploads\/2025\/04\/26b3b4f105244b6e7e95ca785b13b25f-300x200.jpg 300w, https:\/\/gazetaregionalna.com\/wp-content\/uploads\/2025\/04\/26b3b4f105244b6e7e95ca785b13b25f-768x512.jpg 768w, https:\/\/gazetaregionalna.com\/wp-content\/uploads\/2025\/04\/26b3b4f105244b6e7e95ca785b13b25f.jpg 1200w\" data-sizes=\"(max-width: 1024px) 100vw, 1024px\" src=\"data:image\/svg+xml;base64,PHN2ZyB3aWR0aD0iMSIgaGVpZ2h0PSIxIiB4bWxucz0iaHR0cDovL3d3dy53My5vcmcvMjAwMC9zdmciPjwvc3ZnPg==\" style=\"--smush-placeholder-width: 1024px; --smush-placeholder-aspect-ratio: 1024\/683;\" \/><\/figure>\n\n\n\n<figure class=\"wp-block-image size-large\"><img decoding=\"async\" width=\"1024\" height=\"682\" data-id=\"136082\" data-src=\"https:\/\/gazetaregionalna.com\/wp-content\/uploads\/2025\/04\/014ea404309d9cee301c827ad918c0ee-1024x682.jpg\" alt=\"\" class=\"wp-image-136082 lazyload\" data-srcset=\"https:\/\/gazetaregionalna.com\/wp-content\/uploads\/2025\/04\/014ea404309d9cee301c827ad918c0ee-1024x682.jpg 1024w, https:\/\/gazetaregionalna.com\/wp-content\/uploads\/2025\/04\/014ea404309d9cee301c827ad918c0ee-300x200.jpg 300w, https:\/\/gazetaregionalna.com\/wp-content\/uploads\/2025\/04\/014ea404309d9cee301c827ad918c0ee-768x511.jpg 768w, https:\/\/gazetaregionalna.com\/wp-content\/uploads\/2025\/04\/014ea404309d9cee301c827ad918c0ee.jpg 1200w\" data-sizes=\"(max-width: 1024px) 100vw, 1024px\" src=\"data:image\/svg+xml;base64,PHN2ZyB3aWR0aD0iMSIgaGVpZ2h0PSIxIiB4bWxucz0iaHR0cDovL3d3dy53My5vcmcvMjAwMC9zdmciPjwvc3ZnPg==\" style=\"--smush-placeholder-width: 1024px; --smush-placeholder-aspect-ratio: 1024\/682;\" \/><\/figure>\n\n\n\n<figure class=\"wp-block-image size-large\"><img decoding=\"async\" width=\"1024\" height=\"683\" data-id=\"136081\" data-src=\"https:\/\/gazetaregionalna.com\/wp-content\/uploads\/2025\/04\/9e66284cb41f08778658036999ce4818-1024x683.jpg\" alt=\"\" class=\"wp-image-136081 lazyload\" data-srcset=\"https:\/\/gazetaregionalna.com\/wp-content\/uploads\/2025\/04\/9e66284cb41f08778658036999ce4818-1024x683.jpg 1024w, https:\/\/gazetaregionalna.com\/wp-content\/uploads\/2025\/04\/9e66284cb41f08778658036999ce4818-300x200.jpg 300w, https:\/\/gazetaregionalna.com\/wp-content\/uploads\/2025\/04\/9e66284cb41f08778658036999ce4818-768x512.jpg 768w, https:\/\/gazetaregionalna.com\/wp-content\/uploads\/2025\/04\/9e66284cb41f08778658036999ce4818.jpg 1200w\" data-sizes=\"(max-width: 1024px) 100vw, 1024px\" src=\"data:image\/svg+xml;base64,PHN2ZyB3aWR0aD0iMSIgaGVpZ2h0PSIxIiB4bWxucz0iaHR0cDovL3d3dy53My5vcmcvMjAwMC9zdmciPjwvc3ZnPg==\" style=\"--smush-placeholder-width: 1024px; --smush-placeholder-aspect-ratio: 1024\/683;\" \/><\/figure>\n\n\n\n<figure class=\"wp-block-image size-large\"><img decoding=\"async\" width=\"1024\" height=\"680\" data-id=\"136080\" data-src=\"https:\/\/gazetaregionalna.com\/wp-content\/uploads\/2025\/04\/9d14294af97cc4a49bb231e97af591d3-1024x680.jpg\" alt=\"\" class=\"wp-image-136080 lazyload\" data-srcset=\"https:\/\/gazetaregionalna.com\/wp-content\/uploads\/2025\/04\/9d14294af97cc4a49bb231e97af591d3-1024x680.jpg 1024w, https:\/\/gazetaregionalna.com\/wp-content\/uploads\/2025\/04\/9d14294af97cc4a49bb231e97af591d3-300x199.jpg 300w, https:\/\/gazetaregionalna.com\/wp-content\/uploads\/2025\/04\/9d14294af97cc4a49bb231e97af591d3-768x510.jpg 768w, https:\/\/gazetaregionalna.com\/wp-content\/uploads\/2025\/04\/9d14294af97cc4a49bb231e97af591d3.jpg 1200w\" data-sizes=\"(max-width: 1024px) 100vw, 1024px\" src=\"data:image\/svg+xml;base64,PHN2ZyB3aWR0aD0iMSIgaGVpZ2h0PSIxIiB4bWxucz0iaHR0cDovL3d3dy53My5vcmcvMjAwMC9zdmciPjwvc3ZnPg==\" style=\"--smush-placeholder-width: 1024px; --smush-placeholder-aspect-ratio: 1024\/680;\" \/><\/figure>\n\n\n\n<figure class=\"wp-block-image size-large\"><img decoding=\"async\" width=\"1024\" height=\"683\" data-id=\"136079\" data-src=\"https:\/\/gazetaregionalna.com\/wp-content\/uploads\/2025\/04\/5eefa1419355567f1f708157ac1c14e9-1024x683.jpg\" alt=\"\" class=\"wp-image-136079 lazyload\" data-srcset=\"https:\/\/gazetaregionalna.com\/wp-content\/uploads\/2025\/04\/5eefa1419355567f1f708157ac1c14e9-1024x683.jpg 1024w, https:\/\/gazetaregionalna.com\/wp-content\/uploads\/2025\/04\/5eefa1419355567f1f708157ac1c14e9-300x200.jpg 300w, https:\/\/gazetaregionalna.com\/wp-content\/uploads\/2025\/04\/5eefa1419355567f1f708157ac1c14e9-768x512.jpg 768w, https:\/\/gazetaregionalna.com\/wp-content\/uploads\/2025\/04\/5eefa1419355567f1f708157ac1c14e9.jpg 1200w\" data-sizes=\"(max-width: 1024px) 100vw, 1024px\" src=\"data:image\/svg+xml;base64,PHN2ZyB3aWR0aD0iMSIgaGVpZ2h0PSIxIiB4bWxucz0iaHR0cDovL3d3dy53My5vcmcvMjAwMC9zdmciPjwvc3ZnPg==\" style=\"--smush-placeholder-width: 1024px; --smush-placeholder-aspect-ratio: 1024\/683;\" \/><\/figure>\n\n\n\n<figure class=\"wp-block-image size-large\"><img decoding=\"async\" width=\"1024\" height=\"683\" data-id=\"136078\" data-src=\"https:\/\/gazetaregionalna.com\/wp-content\/uploads\/2025\/04\/02d3bb8616b446625ec431cb18085e80-1024x683.jpg\" alt=\"\" class=\"wp-image-136078 lazyload\" data-srcset=\"https:\/\/gazetaregionalna.com\/wp-content\/uploads\/2025\/04\/02d3bb8616b446625ec431cb18085e80-1024x683.jpg 1024w, https:\/\/gazetaregionalna.com\/wp-content\/uploads\/2025\/04\/02d3bb8616b446625ec431cb18085e80-300x200.jpg 300w, https:\/\/gazetaregionalna.com\/wp-content\/uploads\/2025\/04\/02d3bb8616b446625ec431cb18085e80-768x512.jpg 768w, https:\/\/gazetaregionalna.com\/wp-content\/uploads\/2025\/04\/02d3bb8616b446625ec431cb18085e80.jpg 1200w\" data-sizes=\"(max-width: 1024px) 100vw, 1024px\" src=\"data:image\/svg+xml;base64,PHN2ZyB3aWR0aD0iMSIgaGVpZ2h0PSIxIiB4bWxucz0iaHR0cDovL3d3dy53My5vcmcvMjAwMC9zdmciPjwvc3ZnPg==\" style=\"--smush-placeholder-width: 1024px; --smush-placeholder-aspect-ratio: 1024\/683;\" \/><\/figure>\n<\/figure>\n","protected":false},"excerpt":{"rendered":"<p>W niedziel\u0119, 13 kwietnia na Jasnej G\u00f3rze odby\u0142 si\u0119 13. Motocyklowy Zjazd Gwia\u017adzisty zorganizowany przez Cz\u0119stochowskie Towarzystwo Motocyklowe. Idea zjazd\u00f3w nawi\u0105zuje do tradycji przedwojennych<\/p>\n","protected":false},"author":11,"featured_media":136087,"comment_status":"closed","ping_status":"open","sticky":false,"template":"","format":"standard","meta":{"_monsterinsights_skip_tracking":false,"_monsterinsights_sitenote_active":false,"_monsterinsights_sitenote_note":"","_monsterinsights_sitenote_category":0,"_uf_show_specific_survey":0,"_uf_disable_surveys":false,"footnotes":""},"categories":[3,18,94,2],"tags":[144,2894,200,1950,4580,4277],"class_list":["post-136075","post","type-post","status-publish","format-standard","has-post-thumbnail","hentry","category-czestochowa-informacje","category-motoryzacja","category-polecane","category-wiadomosci","tag-czestochowa","tag-czestochowskie-towarzystwo-motocyklowe","tag-jasna-gora","tag-motocyklisci","tag-motocyklowy-zjazd-gwiazdzisty-do-czestochowy","tag-sezon-motocyklowy"],"_links":{"self":[{"href":"https:\/\/gazetaregionalna.com\/index.php?rest_route=\/wp\/v2\/posts\/136075","targetHints":{"allow":["GET"]}}],"collection":[{"href":"https:\/\/gazetaregionalna.com\/index.php?rest_route=\/wp\/v2\/posts"}],"about":[{"href":"https:\/\/gazetaregionalna.com\/index.php?rest_route=\/wp\/v2\/types\/post"}],"author":[{"embeddable":true,"href":"https:\/\/gazetaregionalna.com\/index.php?rest_route=\/wp\/v2\/users\/11"}],"replies":[{"embeddable":true,"href":"https:\/\/gazetaregionalna.com\/index.php?rest_route=%2Fwp%2Fv2%2Fcomments&post=136075"}],"version-history":[{"count":3,"href":"https:\/\/gazetaregionalna.com\/index.php?rest_route=\/wp\/v2\/posts\/136075\/revisions"}],"predecessor-version":[{"id":136091,"href":"https:\/\/gazetaregionalna.com\/index.php?rest_route=\/wp\/v2\/posts\/136075\/revisions\/136091"}],"wp:featuredmedia":[{"embeddable":true,"href":"https:\/\/gazetaregionalna.com\/index.php?rest_route=\/wp\/v2\/media\/136087"}],"wp:attachment":[{"href":"https:\/\/gazetaregionalna.com\/index.php?rest_route=%2Fwp%2Fv2%2Fmedia&parent=136075"}],"wp:term":[{"taxonomy":"category","embeddable":true,"href":"https:\/\/gazetaregionalna.com\/index.php?rest_route=%2Fwp%2Fv2%2Fcategories&post=136075"},{"taxonomy":"post_tag","embeddable":true,"href":"https:\/\/gazetaregionalna.com\/index.php?rest_route=%2Fwp%2Fv2%2Ftags&post=136075"}],"curies":[{"name":"wp","href":"https:\/\/api.w.org\/{rel}","templated":true}]}}