{"id":136046,"date":"2025-04-13T05:57:05","date_gmt":"2025-04-13T05:57:05","guid":{"rendered":"https:\/\/gazetaregionalna.com\/?p=136046"},"modified":"2025-04-13T05:57:07","modified_gmt":"2025-04-13T05:57:07","slug":"wymeczone-zwyciestwo-z-radomiakiem-ale-najwazniejsze-sa-3-punkty-dla-rakowa","status":"publish","type":"post","link":"https:\/\/gazetaregionalna.com\/?p=136046","title":{"rendered":"Wym\u0119czone zwyci\u0119stwo z Radomiakiem, ale najwa\u017cniejsze s\u0105 3 punkty dla Rakowa!"},"content":{"rendered":"\n<p>Pi\u0142karze Rakowa Cz\u0119stochowa pokonali w sobotni wiecz\u00f3r Radomiaka Radom 2:1. Cz\u0119stochowianie nadal b\u0119d\u0105 liderem PKO BP Ekstraklasy, ale do zako\u0144czenia sezonu pozosta\u0142o 6 kolejek.<\/p>\n\n\n\n<p>Rak\u00f3w do meczu z Radomiakiem podchodzi\u0142 po remisie w Niepo\u0142omicach z Puszcz\u0105, gdzie rywale przerwali seri\u0119 6 wygranych z rz\u0119du cz\u0119stochowian. Dlatego w meczu z Radomiakiem chcieli zacz\u0105\u0107 budowa\u0107 now\u0105 seri\u0119 zwyci\u0119stw. Radomiak wiosn\u0105 te\u017c gra\u0142 dobrze, dlatego mo\u017cna by\u0142o spodziewa\u0107 si\u0119 ciekawego spotkania.<\/p>\n\n\n\n<p>Pierwsza po\u0142owa nie obfitowa\u0142a w podbramkowe okazje i kibice nie zobaczyli goli. Zdecydowanie ciekawie zrobi\u0142o si\u0119 w drugiej cz\u0119\u015bci spotkania.<\/p>\n\n\n\n<p>Pierwsi na prowadzenie niespodziewanie wyszli go\u015bcie. W 51. minucie do bramki Rakowa trafi\u0142 Rafa\u0142 Wolski. Odpowied\u017a Rakowa by\u0142a piorunuj\u0105ca. Ju\u017c w kolejnej akcji meczu na 1:1 wyr\u00f3wna\u0142 Ivi Lopez.<\/p>\n\n\n\n<p>Rak\u00f3w z\u0142apa\u0142 wiatr w \u017cagle i dalej napiera\u0142 na bramk\u0119 Radomiaka. By\u0142ych koleg\u00f3w z Radomia dobi\u0142 Leonardo Rocha, kt\u00f3ry strza\u0142em g\u0142ow\u0105 podwy\u017cszy\u0142 na 2:1. Jak si\u0119 p\u00f3\u017aniej okaza\u0142o, by\u0142a to zwyci\u0119ska bramka w meczu. A dla Rochy pierwsze trafienie w oficjalnym meczu Rakowa!<\/p>\n\n\n\n<p>Gospodarze utrzymali prowadzenie i mogli cieszy\u0107 si\u0119 ze zwci\u0119stwa.<\/p>\n\n\n\n<p>W niedziel\u0119 zagraj\u0105 swoje mecze Jagiellonia Bia\u0142ystok i Lech Pozna\u0144. Po nich oka\u017ce si\u0119 czy przewaga Rakowa nad wiceliderem b\u0119dzie 3 punkty czy wi\u0119ksza&#8230;<\/p>\n\n\n\n<p>Kolejny mecz w PKO BP Ekstraklasie Rak\u00f3w rozegra w Wielk\u0105 Sobot\u0119 w Szczecinie z Pogoni\u0105.<\/p>\n\n\n\n<p>MR-K, fot: AK<\/p>\n\n\n\n<p>Partnerami relacji sportowych s\u0105:<\/p>\n\n\n\n<p>DMK Invest materia\u0142y budowlane Konopiska<\/p>\n\n\n\n<p>W\u0142odar Developer Cz\u0119stochowa<\/p>\n\n\n\n<p>Rak\u00f3w Cz\u0119stochowa &#8211; Radomiak Radom 2:1 (0:0)<\/p>\n\n\n\n<p>Bramki: 0:1 Wolski (51.), 1:1 Ivi Lopez (53.), 2:1 Rocha (64.)<\/p>\n\n\n\n<p>Rak\u00f3w: Trelowski &#8211; Tudor, Arseni\u0107 (82. Rodin), Svarnas, Jean Carlos, Otieno, Berggren, Kochergin (82. Barath), Ivi Lopez (82. Makuch), Amorim (53. Rocha), Brunes.<\/p>\n\n\n\n<figure class=\"wp-block-gallery has-nested-images columns-default is-cropped wp-block-gallery-1 is-layout-flex wp-block-gallery-is-layout-flex\">\n<figure class=\"wp-block-image size-large\"><img decoding=\"async\" width=\"1000\" height=\"667\" data-id=\"136052\" data-src=\"https:\/\/gazetaregionalna.com\/wp-content\/uploads\/2025\/04\/Rakow-Radomiak-1.jpg\" alt=\"\" class=\"wp-image-136052 lazyload\" data-srcset=\"https:\/\/gazetaregionalna.com\/wp-content\/uploads\/2025\/04\/Rakow-Radomiak-1.jpg 1000w, https:\/\/gazetaregionalna.com\/wp-content\/uploads\/2025\/04\/Rakow-Radomiak-1-300x200.jpg 300w, https:\/\/gazetaregionalna.com\/wp-content\/uploads\/2025\/04\/Rakow-Radomiak-1-768x512.jpg 768w\" data-sizes=\"(max-width: 1000px) 100vw, 1000px\" src=\"data:image\/svg+xml;base64,PHN2ZyB3aWR0aD0iMSIgaGVpZ2h0PSIxIiB4bWxucz0iaHR0cDovL3d3dy53My5vcmcvMjAwMC9zdmciPjwvc3ZnPg==\" style=\"--smush-placeholder-width: 1000px; --smush-placeholder-aspect-ratio: 1000\/667;\" \/><\/figure>\n\n\n\n<figure class=\"wp-block-image size-large\"><img decoding=\"async\" width=\"1000\" height=\"685\" data-id=\"136051\" data-src=\"https:\/\/gazetaregionalna.com\/wp-content\/uploads\/2025\/04\/Rakow-Radomiak-0.jpg\" alt=\"\" class=\"wp-image-136051 lazyload\" data-srcset=\"https:\/\/gazetaregionalna.com\/wp-content\/uploads\/2025\/04\/Rakow-Radomiak-0.jpg 1000w, https:\/\/gazetaregionalna.com\/wp-content\/uploads\/2025\/04\/Rakow-Radomiak-0-300x206.jpg 300w, https:\/\/gazetaregionalna.com\/wp-content\/uploads\/2025\/04\/Rakow-Radomiak-0-768x526.jpg 768w\" data-sizes=\"(max-width: 1000px) 100vw, 1000px\" src=\"data:image\/svg+xml;base64,PHN2ZyB3aWR0aD0iMSIgaGVpZ2h0PSIxIiB4bWxucz0iaHR0cDovL3d3dy53My5vcmcvMjAwMC9zdmciPjwvc3ZnPg==\" style=\"--smush-placeholder-width: 1000px; --smush-placeholder-aspect-ratio: 1000\/685;\" \/><\/figure>\n\n\n\n<figure class=\"wp-block-image size-large\"><img decoding=\"async\" width=\"1000\" height=\"667\" data-id=\"136050\" data-src=\"https:\/\/gazetaregionalna.com\/wp-content\/uploads\/2025\/04\/Rakow-Radomiak-.jpg\" alt=\"\" class=\"wp-image-136050 lazyload\" data-srcset=\"https:\/\/gazetaregionalna.com\/wp-content\/uploads\/2025\/04\/Rakow-Radomiak-.jpg 1000w, https:\/\/gazetaregionalna.com\/wp-content\/uploads\/2025\/04\/Rakow-Radomiak--300x200.jpg 300w, https:\/\/gazetaregionalna.com\/wp-content\/uploads\/2025\/04\/Rakow-Radomiak--768x512.jpg 768w\" data-sizes=\"(max-width: 1000px) 100vw, 1000px\" src=\"data:image\/svg+xml;base64,PHN2ZyB3aWR0aD0iMSIgaGVpZ2h0PSIxIiB4bWxucz0iaHR0cDovL3d3dy53My5vcmcvMjAwMC9zdmciPjwvc3ZnPg==\" style=\"--smush-placeholder-width: 1000px; --smush-placeholder-aspect-ratio: 1000\/667;\" \/><\/figure>\n\n\n\n<figure class=\"wp-block-image size-large\"><img decoding=\"async\" width=\"1000\" height=\"672\" data-id=\"136049\" data-src=\"https:\/\/gazetaregionalna.com\/wp-content\/uploads\/2025\/04\/Rakow-Radomiak.jpg\" alt=\"\" class=\"wp-image-136049 lazyload\" data-srcset=\"https:\/\/gazetaregionalna.com\/wp-content\/uploads\/2025\/04\/Rakow-Radomiak.jpg 1000w, https:\/\/gazetaregionalna.com\/wp-content\/uploads\/2025\/04\/Rakow-Radomiak-300x202.jpg 300w, https:\/\/gazetaregionalna.com\/wp-content\/uploads\/2025\/04\/Rakow-Radomiak-768x516.jpg 768w\" data-sizes=\"(max-width: 1000px) 100vw, 1000px\" src=\"data:image\/svg+xml;base64,PHN2ZyB3aWR0aD0iMSIgaGVpZ2h0PSIxIiB4bWxucz0iaHR0cDovL3d3dy53My5vcmcvMjAwMC9zdmciPjwvc3ZnPg==\" style=\"--smush-placeholder-width: 1000px; --smush-placeholder-aspect-ratio: 1000\/672;\" \/><\/figure>\n\n\n\n<figure class=\"wp-block-image size-large\"><img decoding=\"async\" width=\"1000\" height=\"671\" data-id=\"136048\" data-src=\"https:\/\/gazetaregionalna.com\/wp-content\/uploads\/2025\/04\/Rakow-Radomia.jpg\" alt=\"\" class=\"wp-image-136048 lazyload\" data-srcset=\"https:\/\/gazetaregionalna.com\/wp-content\/uploads\/2025\/04\/Rakow-Radomia.jpg 1000w, https:\/\/gazetaregionalna.com\/wp-content\/uploads\/2025\/04\/Rakow-Radomia-300x201.jpg 300w, https:\/\/gazetaregionalna.com\/wp-content\/uploads\/2025\/04\/Rakow-Radomia-768x515.jpg 768w\" data-sizes=\"(max-width: 1000px) 100vw, 1000px\" src=\"data:image\/svg+xml;base64,PHN2ZyB3aWR0aD0iMSIgaGVpZ2h0PSIxIiB4bWxucz0iaHR0cDovL3d3dy53My5vcmcvMjAwMC9zdmciPjwvc3ZnPg==\" style=\"--smush-placeholder-width: 1000px; --smush-placeholder-aspect-ratio: 1000\/671;\" \/><\/figure>\n\n\n\n<figure class=\"wp-block-image size-large\"><img decoding=\"async\" width=\"1000\" height=\"667\" data-id=\"136047\" data-src=\"https:\/\/gazetaregionalna.com\/wp-content\/uploads\/2025\/04\/Rakow-Radomiakk.jpg\" alt=\"\" class=\"wp-image-136047 lazyload\" data-srcset=\"https:\/\/gazetaregionalna.com\/wp-content\/uploads\/2025\/04\/Rakow-Radomiakk.jpg 1000w, https:\/\/gazetaregionalna.com\/wp-content\/uploads\/2025\/04\/Rakow-Radomiakk-300x200.jpg 300w, https:\/\/gazetaregionalna.com\/wp-content\/uploads\/2025\/04\/Rakow-Radomiakk-768x512.jpg 768w\" data-sizes=\"(max-width: 1000px) 100vw, 1000px\" src=\"data:image\/svg+xml;base64,PHN2ZyB3aWR0aD0iMSIgaGVpZ2h0PSIxIiB4bWxucz0iaHR0cDovL3d3dy53My5vcmcvMjAwMC9zdmciPjwvc3ZnPg==\" style=\"--smush-placeholder-width: 1000px; --smush-placeholder-aspect-ratio: 1000\/667;\" \/><\/figure>\n<\/figure>\n\n\n\n<figure class=\"wp-block-image size-large\"><img decoding=\"async\" width=\"1024\" height=\"1024\" data-src=\"https:\/\/gazetaregionalna.com\/wp-content\/uploads\/2025\/01\/Wlodar-Poleska-fb-1-1024x1024.jpg\" alt=\"\" class=\"wp-image-133182 lazyload\" data-srcset=\"https:\/\/gazetaregionalna.com\/wp-content\/uploads\/2025\/01\/Wlodar-Poleska-fb-1-1024x1024.jpg 1024w, https:\/\/gazetaregionalna.com\/wp-content\/uploads\/2025\/01\/Wlodar-Poleska-fb-1-300x300.jpg 300w, https:\/\/gazetaregionalna.com\/wp-content\/uploads\/2025\/01\/Wlodar-Poleska-fb-1-150x150.jpg 150w, https:\/\/gazetaregionalna.com\/wp-content\/uploads\/2025\/01\/Wlodar-Poleska-fb-1-768x768.jpg 768w, https:\/\/gazetaregionalna.com\/wp-content\/uploads\/2025\/01\/Wlodar-Poleska-fb-1-215x215.jpg 215w, https:\/\/gazetaregionalna.com\/wp-content\/uploads\/2025\/01\/Wlodar-Poleska-fb-1.jpg 1080w\" data-sizes=\"(max-width: 1024px) 100vw, 1024px\" src=\"data:image\/svg+xml;base64,PHN2ZyB3aWR0aD0iMSIgaGVpZ2h0PSIxIiB4bWxucz0iaHR0cDovL3d3dy53My5vcmcvMjAwMC9zdmciPjwvc3ZnPg==\" style=\"--smush-placeholder-width: 1024px; --smush-placeholder-aspect-ratio: 1024\/1024;\" \/><\/figure>\n\n\n\n<figure class=\"wp-block-image size-large\"><img decoding=\"async\" width=\"1024\" height=\"1024\" data-src=\"https:\/\/gazetaregionalna.com\/wp-content\/uploads\/2024\/04\/DMK-Invest-2-1024x1024.jpg\" alt=\"\" class=\"wp-image-123883 lazyload\" data-srcset=\"https:\/\/gazetaregionalna.com\/wp-content\/uploads\/2024\/04\/DMK-Invest-2-1024x1024.jpg 1024w, https:\/\/gazetaregionalna.com\/wp-content\/uploads\/2024\/04\/DMK-Invest-2-300x300.jpg 300w, https:\/\/gazetaregionalna.com\/wp-content\/uploads\/2024\/04\/DMK-Invest-2-150x150.jpg 150w, https:\/\/gazetaregionalna.com\/wp-content\/uploads\/2024\/04\/DMK-Invest-2-768x768.jpg 768w, https:\/\/gazetaregionalna.com\/wp-content\/uploads\/2024\/04\/DMK-Invest-2-1536x1536.jpg 1536w, https:\/\/gazetaregionalna.com\/wp-content\/uploads\/2024\/04\/DMK-Invest-2-2048x2048.jpg 2048w, https:\/\/gazetaregionalna.com\/wp-content\/uploads\/2024\/04\/DMK-Invest-2-215x215.jpg 215w, https:\/\/gazetaregionalna.com\/wp-content\/uploads\/2024\/04\/DMK-Invest-2-scaled.jpg 1600w\" data-sizes=\"(max-width: 1024px) 100vw, 1024px\" src=\"data:image\/svg+xml;base64,PHN2ZyB3aWR0aD0iMSIgaGVpZ2h0PSIxIiB4bWxucz0iaHR0cDovL3d3dy53My5vcmcvMjAwMC9zdmciPjwvc3ZnPg==\" style=\"--smush-placeholder-width: 1024px; --smush-placeholder-aspect-ratio: 1024\/1024;\" \/><\/figure>\n","protected":false},"excerpt":{"rendered":"<p>Pi\u0142karze Rakowa Cz\u0119stochowa pokonali w sobotni wiecz\u00f3r Radomiaka Radom 2:1. Cz\u0119stochowianie nadal b\u0119d\u0105 liderem PKO BP Ekstraklasy, ale do zako\u0144czenia sezonu pozosta\u0142o 6 kolejek.<\/p>\n","protected":false},"author":15,"featured_media":136047,"comment_status":"closed","ping_status":"open","sticky":false,"template":"","format":"standard","meta":{"_monsterinsights_skip_tracking":false,"_monsterinsights_sitenote_active":false,"_monsterinsights_sitenote_note":"","_monsterinsights_sitenote_category":0,"_uf_show_specific_survey":0,"_uf_disable_surveys":false,"footnotes":""},"categories":[94,6,5],"tags":[],"class_list":["post-136046","post","type-post","status-publish","format-standard","has-post-thumbnail","hentry","category-polecane","category-pilka-nozna","category-sport"],"_links":{"self":[{"href":"https:\/\/gazetaregionalna.com\/index.php?rest_route=\/wp\/v2\/posts\/136046","targetHints":{"allow":["GET"]}}],"collection":[{"href":"https:\/\/gazetaregionalna.com\/index.php?rest_route=\/wp\/v2\/posts"}],"about":[{"href":"https:\/\/gazetaregionalna.com\/index.php?rest_route=\/wp\/v2\/types\/post"}],"author":[{"embeddable":true,"href":"https:\/\/gazetaregionalna.com\/index.php?rest_route=\/wp\/v2\/users\/15"}],"replies":[{"embeddable":true,"href":"https:\/\/gazetaregionalna.com\/index.php?rest_route=%2Fwp%2Fv2%2Fcomments&post=136046"}],"version-history":[{"count":1,"href":"https:\/\/gazetaregionalna.com\/index.php?rest_route=\/wp\/v2\/posts\/136046\/revisions"}],"predecessor-version":[{"id":136053,"href":"https:\/\/gazetaregionalna.com\/index.php?rest_route=\/wp\/v2\/posts\/136046\/revisions\/136053"}],"wp:featuredmedia":[{"embeddable":true,"href":"https:\/\/gazetaregionalna.com\/index.php?rest_route=\/wp\/v2\/media\/136047"}],"wp:attachment":[{"href":"https:\/\/gazetaregionalna.com\/index.php?rest_route=%2Fwp%2Fv2%2Fmedia&parent=136046"}],"wp:term":[{"taxonomy":"category","embeddable":true,"href":"https:\/\/gazetaregionalna.com\/index.php?rest_route=%2Fwp%2Fv2%2Fcategories&post=136046"},{"taxonomy":"post_tag","embeddable":true,"href":"https:\/\/gazetaregionalna.com\/index.php?rest_route=%2Fwp%2Fv2%2Ftags&post=136046"}],"curies":[{"name":"wp","href":"https:\/\/api.w.org\/{rel}","templated":true}]}}