{"id":13600,"date":"2020-06-07T09:21:51","date_gmt":"2020-06-07T09:21:51","guid":{"rendered":"https:\/\/gazetaregionalna.com\/?p=13600"},"modified":"2020-06-07T09:21:52","modified_gmt":"2020-06-07T09:21:52","slug":"rakow-czestochowa-3","status":"publish","type":"post","link":"https:\/\/gazetaregionalna.com\/?p=13600","title":{"rendered":"Rak\u00f3w Cz\u0119stochowa podejmie \u0141\u00f3dzki KS w starciu beniamink\u00f3w"},"content":{"rendered":"\n<p>W meczu 28 kolejki, kt\u00f3ry zostanie rozegrany dzi\u015b w Be\u0142chatowie Rak\u00f3w Cz\u0119stochowa b\u0119dzie go\u015bci\u0142 \u0141KS \u0141\u00f3d\u017a. Cz\u0119stochowianie b\u0119d\u0105 chcieli si\u0119 zrewan\u017cowa\u0107 za pora\u017ck\u0119 2:0 w \u0141odzi w pierwszej rundzie rozgrywek.<\/p>\n\n\n\n<p>Obie dru\u017cyny walcz\u0105 o odmienne cele. Nasza dru\u017cyna wci\u0105\u017c stara si\u0119 przebi\u0107 do pierwszej \u00f3semki rozgrywek, natomiast \u0141odzianie dzier\u017c\u0105 miano ostatniej dru\u017cyny Ligi i staraj\u0105 si\u0119 uciec od degradacji.<\/p>\n\n\n\n<p>Bezsprzecznie patrz\u0105c na miejsce w tabeli jak i ostatnie wyniki faworytami s\u0105 zawodnicy Rakowa Cz\u0119stochowa.   Felicio Brown Forbes b\u0119dzie mia\u0142 mo\u017cliwo\u015b\u0107 poprawienia swoich strzeleckich dokona\u0144 bowiem obrona \u0141KS daleka jest od bycia monolitem.<\/p>\n\n\n\n<p> \u2013 W niedziel\u0119 zagramy w Be\u0142chatowie, gdzie czujemy si\u0119 naprawd\u0119 silni. Mam nadziej\u0119, \u017ce wygramy to spotkanie, bo zwyci\u0119stwo b\u0119dzie dla nas dodatkowym impulsem na ko\u0144c\u00f3wk\u0119 rundy zasadniczej. Szkoda, \u017ce we Wroc\u0142awiu nie uda\u0142o si\u0119 wygra\u0107, ale my nadal b\u0119dziemy robi\u0107 swoje i zrobimy wszystko, by dosta\u0107 si\u0119 do tej \u00f3semki \u2013 stwierdzi\u0142 w rozmowie z oficjaln\u0105 stron\u0105 klubu Felicio Brown Forbes. <\/p>\n\n\n\n<p>Spotkanie rozpoczyna si\u0119 ju\u017c o 12:30. <\/p>\n\n\n\n<p> Transmisja meczu w telewizji : nSport+, Canal+ Sport i Canal+ Sport 3. Dost\u0119pny b\u0119dzie r\u00f3wnie\u017c online live stream w Internecie na canalplus.com, player.pl i ncplusgo.pl <\/p>\n","protected":false},"excerpt":{"rendered":"<p>W meczu 28 kolejki, kt\u00f3ry zostanie rozegrany dzi\u015b w Be\u0142chatowie Rak\u00f3w Cz\u0119stochowa b\u0119dzie go\u015bci\u0142 \u0141KS \u0141\u00f3d\u017a. Cz\u0119stochowianie b\u0119d\u0105 chcieli si\u0119 zrewan\u017cowa\u0107 za pora\u017ck\u0119 2:0<\/p>\n","protected":false},"author":2,"featured_media":13605,"comment_status":"open","ping_status":"open","sticky":false,"template":"","format":"standard","meta":{"_monsterinsights_skip_tracking":false,"_monsterinsights_sitenote_active":false,"_monsterinsights_sitenote_note":"","_monsterinsights_sitenote_category":0,"_uf_show_specific_survey":0,"_uf_disable_surveys":false,"footnotes":""},"categories":[6,3],"tags":[146],"class_list":["post-13600","post","type-post","status-publish","format-standard","has-post-thumbnail","hentry","category-pilka-nozna","category-czestochowa-informacje","tag-rakow-czestochowa"],"_links":{"self":[{"href":"https:\/\/gazetaregionalna.com\/index.php?rest_route=\/wp\/v2\/posts\/13600","targetHints":{"allow":["GET"]}}],"collection":[{"href":"https:\/\/gazetaregionalna.com\/index.php?rest_route=\/wp\/v2\/posts"}],"about":[{"href":"https:\/\/gazetaregionalna.com\/index.php?rest_route=\/wp\/v2\/types\/post"}],"author":[{"embeddable":true,"href":"https:\/\/gazetaregionalna.com\/index.php?rest_route=\/wp\/v2\/users\/2"}],"replies":[{"embeddable":true,"href":"https:\/\/gazetaregionalna.com\/index.php?rest_route=%2Fwp%2Fv2%2Fcomments&post=13600"}],"version-history":[{"count":3,"href":"https:\/\/gazetaregionalna.com\/index.php?rest_route=\/wp\/v2\/posts\/13600\/revisions"}],"predecessor-version":[{"id":13604,"href":"https:\/\/gazetaregionalna.com\/index.php?rest_route=\/wp\/v2\/posts\/13600\/revisions\/13604"}],"wp:featuredmedia":[{"embeddable":true,"href":"https:\/\/gazetaregionalna.com\/index.php?rest_route=\/wp\/v2\/media\/13605"}],"wp:attachment":[{"href":"https:\/\/gazetaregionalna.com\/index.php?rest_route=%2Fwp%2Fv2%2Fmedia&parent=13600"}],"wp:term":[{"taxonomy":"category","embeddable":true,"href":"https:\/\/gazetaregionalna.com\/index.php?rest_route=%2Fwp%2Fv2%2Fcategories&post=13600"},{"taxonomy":"post_tag","embeddable":true,"href":"https:\/\/gazetaregionalna.com\/index.php?rest_route=%2Fwp%2Fv2%2Ftags&post=13600"}],"curies":[{"name":"wp","href":"https:\/\/api.w.org\/{rel}","templated":true}]}}