{"id":135917,"date":"2025-04-08T16:22:03","date_gmt":"2025-04-08T16:22:03","guid":{"rendered":"https:\/\/gazetaregionalna.com\/?p=135917"},"modified":"2025-04-08T16:22:48","modified_gmt":"2025-04-08T16:22:48","slug":"czestochowskie-lwy-lepsze-od-wilkow-z-krosna","status":"publish","type":"post","link":"https:\/\/gazetaregionalna.com\/?p=135917","title":{"rendered":"Cz\u0119stochowskie &#8222;Lwy&#8221; lepsze od &#8222;Wilk\u00f3w z Krosna&#8230;"},"content":{"rendered":"\n<p>W ostatnim meczu kontrolnym przed rozpocz\u0119ciem nowego sezonu w PGE Ekstralidze \u017cu\u017clowcy Krono-Plast W\u0142\u00f3kniarz wygrali z Cellfast Wilki Krosno 50:40.<\/p>\n\n\n\n<p>Ju\u017c w najbli\u017cszy pi\u0105tek o godz. 20:30 Krono-Plast W\u0142\u00f3kniarz podejmowa\u0107 b\u0119dzie w 1. kolejce PGE Ekstraligi GKM Grudzi\u0105dz. <\/p>\n\n\n\n<p>AK, fot: AK<\/p>\n\n\n\n<p>Krono-Plast W\u0142\u00f3kniarz Cz\u0119stochowa \u2013 Cellfast Wilki Krosno 50:40<\/p>\n\n\n\n<p>Krono-Plast W\u0142\u00f3kniarz: Woryna 7 (0,2,2,1,2), Hansen 11 (2,3,1,2,3), Pawlicki 10 (1,2,3,2,2), Lamparta 5 (0,d,3,2), Doyle 8 (3,2,3,-), Ludwiczak 3 (3,0,w), Karczewski 3 (2,1,0), Hellstroem-Baengs 3 (0,3).<\/p>\n\n\n\n<p>Wilki: Bjerre 4 (3,0,0,0,1), Drejer 7 (1,3,3,-), Musielak 8 (2,1,2,3), Jamr\u00f3g 7 (1,3,1,2), Berge 4 (2,1,0,1,0), \u015awiercz 7 (0,3,1,3,0), Band\u00f3r 3 (1,0,1,1).<\/p>\n\n\n\n<ol class=\"wp-block-list\">\n<li>Bjerre, Musielak, Pawlicki, Woryna 1:5<\/li>\n\n\n\n<li>Ludwiczak, Karczewski, Bandur, \u015awiercz 5:1\/6:6<\/li>\n\n\n\n<li>Doyle, Berge, Drejer, Lampart 3:3\/9:9<\/li>\n\n\n\n<li>\u015awiercz, Hansen, Jamr\u00f3g, Ludwiczak 2:4\/11:13<\/li>\n\n\n\n<li>Jamr\u00f3g, Pawlicki, Musielak, Lampart (d) 2:4\/13:17<\/li>\n\n\n\n<li>Drejer, Doyle, Karczewski, Bjerre 3:3\/16:20<\/li>\n\n\n\n<li>Hansen, Woryna, Berge, Bandur 5:1\/21:21<\/li>\n\n\n\n<li>Doyle, Musielak, Jamr\u00f3g, Ludwiczak 3:3\/24:24<\/li>\n\n\n\n<li>Drejer, Woryna, Hansen, Bjerre 3:3\/27:27<\/li>\n\n\n\n<li>Pawlicki, Lampart, \u015awiercz, Berge 5:1\/32:28<\/li>\n\n\n\n<li>Lampart, Jamr\u00f3g, Woryna, Bjerre 4:2\/36:30<\/li>\n\n\n\n<li>\u015awiercz, Pawlicki, Ba\u0144dur, Karczewski 2:4\/38:34<\/li>\n\n\n\n<li>Musielak, Hansen, Berge, Hellstroem-Baengs 2:4\/40:38<\/li>\n\n\n\n<li>Hellstroem-Baengs, Woryna, Ba\u0144dur, \u015awiercz 5:1\/45:39<\/li>\n\n\n\n<li>Hansen, Pawlicki, Bjerre, Berge (d) 5:1\/50:40<\/li>\n\n\n\n<li><\/li>\n<\/ol>\n\n\n\n<figure class=\"wp-block-image size-large\"><img decoding=\"async\" width=\"1024\" height=\"1024\" data-src=\"https:\/\/gazetaregionalna.com\/wp-content\/uploads\/2024\/04\/DMK-Invest-2-1024x1024.jpg\" alt=\"\" class=\"wp-image-123883 lazyload\" data-srcset=\"https:\/\/gazetaregionalna.com\/wp-content\/uploads\/2024\/04\/DMK-Invest-2-1024x1024.jpg 1024w, https:\/\/gazetaregionalna.com\/wp-content\/uploads\/2024\/04\/DMK-Invest-2-300x300.jpg 300w, https:\/\/gazetaregionalna.com\/wp-content\/uploads\/2024\/04\/DMK-Invest-2-150x150.jpg 150w, https:\/\/gazetaregionalna.com\/wp-content\/uploads\/2024\/04\/DMK-Invest-2-768x768.jpg 768w, https:\/\/gazetaregionalna.com\/wp-content\/uploads\/2024\/04\/DMK-Invest-2-1536x1536.jpg 1536w, https:\/\/gazetaregionalna.com\/wp-content\/uploads\/2024\/04\/DMK-Invest-2-2048x2048.jpg 2048w, https:\/\/gazetaregionalna.com\/wp-content\/uploads\/2024\/04\/DMK-Invest-2-215x215.jpg 215w, https:\/\/gazetaregionalna.com\/wp-content\/uploads\/2024\/04\/DMK-Invest-2-scaled.jpg 1600w\" data-sizes=\"(max-width: 1024px) 100vw, 1024px\" src=\"data:image\/svg+xml;base64,PHN2ZyB3aWR0aD0iMSIgaGVpZ2h0PSIxIiB4bWxucz0iaHR0cDovL3d3dy53My5vcmcvMjAwMC9zdmciPjwvc3ZnPg==\" style=\"--smush-placeholder-width: 1024px; --smush-placeholder-aspect-ratio: 1024\/1024;\" \/><\/figure>\n\n\n\n<figure class=\"wp-block-image size-large\"><img decoding=\"async\" width=\"1024\" height=\"1024\" data-src=\"https:\/\/gazetaregionalna.com\/wp-content\/uploads\/2025\/01\/Wlodar-Wilenska-fb-1-1024x1024.jpg\" alt=\"\" class=\"wp-image-133184 lazyload\" data-srcset=\"https:\/\/gazetaregionalna.com\/wp-content\/uploads\/2025\/01\/Wlodar-Wilenska-fb-1-1024x1024.jpg 1024w, https:\/\/gazetaregionalna.com\/wp-content\/uploads\/2025\/01\/Wlodar-Wilenska-fb-1-300x300.jpg 300w, https:\/\/gazetaregionalna.com\/wp-content\/uploads\/2025\/01\/Wlodar-Wilenska-fb-1-150x150.jpg 150w, https:\/\/gazetaregionalna.com\/wp-content\/uploads\/2025\/01\/Wlodar-Wilenska-fb-1-768x768.jpg 768w, https:\/\/gazetaregionalna.com\/wp-content\/uploads\/2025\/01\/Wlodar-Wilenska-fb-1-215x215.jpg 215w, https:\/\/gazetaregionalna.com\/wp-content\/uploads\/2025\/01\/Wlodar-Wilenska-fb-1.jpg 1080w\" data-sizes=\"(max-width: 1024px) 100vw, 1024px\" src=\"data:image\/svg+xml;base64,PHN2ZyB3aWR0aD0iMSIgaGVpZ2h0PSIxIiB4bWxucz0iaHR0cDovL3d3dy53My5vcmcvMjAwMC9zdmciPjwvc3ZnPg==\" style=\"--smush-placeholder-width: 1024px; --smush-placeholder-aspect-ratio: 1024\/1024;\" \/><\/figure>\n","protected":false},"excerpt":{"rendered":"<p>W ostatnim meczu kontrolnym przed rozpocz\u0119ciem nowego sezonu w PGE Ekstralidze \u017cu\u017clowcy Krono-Plast W\u0142\u00f3kniarz wygrali z Cellfast Wilki Krosno 50:40. Ju\u017c w najbli\u017cszy pi\u0105tek<\/p>\n","protected":false},"author":15,"featured_media":135918,"comment_status":"closed","ping_status":"open","sticky":false,"template":"","format":"standard","meta":{"_monsterinsights_skip_tracking":false,"_monsterinsights_sitenote_active":false,"_monsterinsights_sitenote_note":"","_monsterinsights_sitenote_category":0,"_uf_show_specific_survey":0,"_uf_disable_surveys":false,"footnotes":""},"categories":[5,94,7],"tags":[],"class_list":["post-135917","post","type-post","status-publish","format-standard","has-post-thumbnail","hentry","category-sport","category-polecane","category-zuzel"],"_links":{"self":[{"href":"https:\/\/gazetaregionalna.com\/index.php?rest_route=\/wp\/v2\/posts\/135917","targetHints":{"allow":["GET"]}}],"collection":[{"href":"https:\/\/gazetaregionalna.com\/index.php?rest_route=\/wp\/v2\/posts"}],"about":[{"href":"https:\/\/gazetaregionalna.com\/index.php?rest_route=\/wp\/v2\/types\/post"}],"author":[{"embeddable":true,"href":"https:\/\/gazetaregionalna.com\/index.php?rest_route=\/wp\/v2\/users\/15"}],"replies":[{"embeddable":true,"href":"https:\/\/gazetaregionalna.com\/index.php?rest_route=%2Fwp%2Fv2%2Fcomments&post=135917"}],"version-history":[{"count":2,"href":"https:\/\/gazetaregionalna.com\/index.php?rest_route=\/wp\/v2\/posts\/135917\/revisions"}],"predecessor-version":[{"id":135921,"href":"https:\/\/gazetaregionalna.com\/index.php?rest_route=\/wp\/v2\/posts\/135917\/revisions\/135921"}],"wp:featuredmedia":[{"embeddable":true,"href":"https:\/\/gazetaregionalna.com\/index.php?rest_route=\/wp\/v2\/media\/135918"}],"wp:attachment":[{"href":"https:\/\/gazetaregionalna.com\/index.php?rest_route=%2Fwp%2Fv2%2Fmedia&parent=135917"}],"wp:term":[{"taxonomy":"category","embeddable":true,"href":"https:\/\/gazetaregionalna.com\/index.php?rest_route=%2Fwp%2Fv2%2Fcategories&post=135917"},{"taxonomy":"post_tag","embeddable":true,"href":"https:\/\/gazetaregionalna.com\/index.php?rest_route=%2Fwp%2Fv2%2Ftags&post=135917"}],"curies":[{"name":"wp","href":"https:\/\/api.w.org\/{rel}","templated":true}]}}