{"id":135915,"date":"2025-04-08T14:44:41","date_gmt":"2025-04-08T14:44:41","guid":{"rendered":"https:\/\/gazetaregionalna.com\/?p=135915"},"modified":"2025-04-08T14:44:42","modified_gmt":"2025-04-08T14:44:42","slug":"awizowane-sklady-na-piatkowy-mecz-pge-ekstraligi-krono-plast-wlokniarz-czestochowa-bayersystem-gkm-grudziadz","status":"publish","type":"post","link":"https:\/\/gazetaregionalna.com\/?p=135915","title":{"rendered":"Awizowane sk\u0142ady na pi\u0105tkowy mecz PGE Ekstraligi: Krono-Plast W\u0142\u00f3kniarz Cz\u0119stochowa &#8211; Bayersystem GKM Grudzi\u0105dz"},"content":{"rendered":"\n<p>W pi\u0105tek o 20:30 \u017cu\u017clowcy Krono-Plast W\u0142\u00f3kniarz Cz\u0119stochowa rozpocznie nowy sezon w PGE Ekstralidze. Przy ul. Olszty\u0144skiej podejmowa\u0107 b\u0119dzie Bayersystem GKM Grudzi\u0105dz. <\/p>\n\n\n\n<p>Awizowane sk\u0142ady: <\/p>\n\n\n\n<p>AK, fot: AK<\/p>\n\n\n\n<p><strong>Bayersystem GKM Grudzi\u0105dz<\/strong><br>1. Max Fricke<br>2. Jaimon Lidsey<br>3. Jakub Mi\u015bkowiak<br>4. Wadim Tarasienko<br>5. Michael Jepsen Jensen<br>6. Kevin Ma\u0142kiewicz<br>7. Kacper \u0141obodzi\u0144ski<\/p>\n\n\n\n<p><strong>Krono-Plast W\u0142\u00f3kniarz Cz\u0119stochowa<\/strong><br>9. Kacper Woryna<br>10. Mads Hansen<br>11. Piotr Pawlicki<br>12. Wiktor Lampart<br>13. Jason Doyle<br>14. Pawe\u0142 Caban<br>15. Szymon Ludwiczak<\/p>\n\n\n\n<figure class=\"wp-block-image size-full\"><img decoding=\"async\" width=\"1000\" height=\"664\" data-src=\"https:\/\/gazetaregionalna.com\/wp-content\/uploads\/2025\/04\/Wlokniarz-Sparing-Wroclaw-0.jpg\" alt=\"\" class=\"wp-image-135670 lazyload\" data-srcset=\"https:\/\/gazetaregionalna.com\/wp-content\/uploads\/2025\/04\/Wlokniarz-Sparing-Wroclaw-0.jpg 1000w, https:\/\/gazetaregionalna.com\/wp-content\/uploads\/2025\/04\/Wlokniarz-Sparing-Wroclaw-0-300x199.jpg 300w, https:\/\/gazetaregionalna.com\/wp-content\/uploads\/2025\/04\/Wlokniarz-Sparing-Wroclaw-0-768x510.jpg 768w\" data-sizes=\"(max-width: 1000px) 100vw, 1000px\" src=\"data:image\/svg+xml;base64,PHN2ZyB3aWR0aD0iMSIgaGVpZ2h0PSIxIiB4bWxucz0iaHR0cDovL3d3dy53My5vcmcvMjAwMC9zdmciPjwvc3ZnPg==\" style=\"--smush-placeholder-width: 1000px; --smush-placeholder-aspect-ratio: 1000\/664;\" \/><\/figure>\n\n\n\n<p>Dla Czytelnik\u00f3w \u201eGazety Regionalnej\u201d Krono-Plast W\u0142\u00f3kniarz Cz\u0119stochowa przygotowa\u0142 5 zaprosze\u0144 na mecz PGE Ekstraligi z GKM Grudzi\u0105dz, kt\u00f3ry odb\u0119dzie si\u0119 11 kwietnia 2025 roku o godz. 20:30 na stadionie przy ul. Olszty\u0144skiej. Aby powalczy\u0107 o jedno z nich nale\u017cy wej\u015b\u0107 na portal X (dawny twitter) W\u0142\u00f3kniarz Cz\u0119stochowa, zrobi\u0107 Print Screen g\u0142\u00f3wnej strony W\u0142\u00f3kniarz Cz\u0119stochowa lub zdj\u0119cie i przes\u0142a\u0107 na maila na adres: <a href=\"mailto:artur@gazetaregionalna.com\" target=\"_blank\" rel=\"noreferrer noopener\">artur@gazetaregionalna.com<\/a> do dnia 9 kwietnia 2025 do godz. 20. Z nades\u0142anych maili wy\u0142onimy 5 os\u00f3b, kt\u00f3re mailowo z adresu <a href=\"mailto:artur@gazetaregionalna.com\" target=\"_blank\" rel=\"noreferrer noopener\">artur@gazetaregionalna.com<\/a> zostan\u0105 powiadomione w dniu 10 kwietnia do godz. 12 o sposobie odbioru biletu.<\/p>\n\n\n\n<p>W mailu nale\u017cy poda\u0107 swoje imi\u0119 i nazwisko. Podanie danych jest dobrowolne, ale niezb\u0119dne do odbioru zaproszenia.<\/p>\n\n\n\n<p>Regulamin<\/p>\n\n\n\n<p>\u00a7 1. POSTANOWIENIA OG\u00d3LNE<\/p>\n\n\n\n<p>1. Organizatorem konkurs\u00f3w jest GazetaRegionalna.com, (zwana dalej \u201eOrganizatorem\u201d).<\/p>\n\n\n\n<p>2. Fundatorem nagrody jest Krono-Plast W\u0142\u00f3kniarz Cz\u0119stochowa<\/p>\n\n\n\n<p>3. Niniejszy regulamin (dalej \u201eRegulamin\u201d) stanowi podstaw\u0119 organizacji oraz okre\u015bla warunki Konkursu.<\/p>\n\n\n\n<p>4. Konkurs nie jest stworzony, administrowany, wspierany ani sponsorowany przez Facebook.<\/p>\n\n\n\n<p>5. Konkurs jest prowadzony na stronie <a href=\"http:\/\/www.gazetaregionalna.com\" target=\"_blank\" rel=\"noreferrer noopener\">www.gazetaregionalna.com<\/a>.<\/p>\n\n\n\n<p>6. Administratorem danych osobowych udost\u0119pnianych przez Uczestnik\u00f3w Konkursu jest Organizator. Podanie danych osobowych ma charakter dowolny, lecz niezb\u0119dny do przyst\u0105pienia przez Uczestnika do Konkursu. Osobom udost\u0119pniaj\u0105cym dane przys\u0142uguje prawo dost\u0119pu do tych danych, ich zmian b\u0105d\u017a usuni\u0119cia.<\/p>\n\n\n\n<p>\u00a7 2. MIEJSCE, CZAS I ZASADY KONKURSU<\/p>\n\n\n\n<p>1. Konkurs jest dost\u0119pny w formie tekstu konkursowego na portalu organizatora gazetaregionalna.com<\/p>\n\n\n\n<p>2. Konkurs trwa od 9 kwietnia 2025 r. od godz. 6 do 9 kwietnia 2025 r. do godz. 20<\/p>\n\n\n\n<p>W wyj\u0105tkowych sytuacjach Organizator konkursu mo\u017ce przed\u0142u\u017cy\u0107 lub przerwa\u0107 trwanie konkursu, w okre\u015blonym przez siebie zakresie, o czym poinformuje uczestnik\u00f3w konkursu na profilu wskazanym w \u00a71 pkt.6 Regulaminu.<\/p>\n\n\n\n<p>\u00a7 3. UCZESTNICY KONKURSU<\/p>\n\n\n\n<p>1. Uczestnikami Konkursu mog\u0105 by\u0107 wy\u0142\u0105cznie osoby fizyczne, konsumenci w rozumieniu art. 221 kodeksu cywilnego, posiadaj\u0105ce pe\u0142n\u0105 zdolno\u015bci do czynno\u015bci prawnych, kt\u00f3re zaakceptowa\u0142y niniejszy Regulamin (dalej: \u201eUczestnik\u201d).<\/p>\n\n\n\n<p>2. Uczestnik o\u015bwiadcza, \u017ce:<\/p>\n\n\n\n<p>a. jest osob\u0105 fizyczn\u0105, posiadaj\u0105c\u0105 pe\u0142n\u0105 zdolno\u015b\u0107 do czynno\u015bci prawnych;<\/p>\n\n\n\n<p>b. jest osob\u0105 pe\u0142noletni\u0105;<\/p>\n\n\n\n<p>c. zapozna\u0142 si\u0119 z tre\u015bci\u0105 niniejszego Regulaminu i w spos\u00f3b dobrowolny przyst\u0119puje do Konkursu;<\/p>\n\n\n\n<p>d. wyra\u017ca zgod\u0119 i akceptuje warunki Regulaminu, w tym zapozna\u0142 si\u0119 z tre\u015bci\u0105 dotycz\u0105c\u0105 procedury odbioru nagrody i j\u0105 w pe\u0142ni akceptuje;<\/p>\n\n\n\n<p>e. zobowi\u0105zuje si\u0119 do przestrzegania postanowie\u0144 Regulaminu;<\/p>\n\n\n\n<p>f. wyrazi\u0142 zgod\u0119 na przetwarzanie danych osobowych dla cel\u00f3w zwi\u0105zanych z uczestnictwem w Konkursie;<\/p>\n\n\n\n<p>3. Uczestnik zobowi\u0105zuje si\u0119 do przestrzegania okre\u015blonych w Regulaminie zasad, jak r\u00f3wnie\u017c potwierdza, i\u017c spe\u0142nia wszystkie warunki, kt\u00f3re uprawniaj\u0105 go do udzia\u0142u w Konkursie.<\/p>\n\n\n\n<p>4. W Konkursie nie mog\u0105 uczestniczy\u0107 pracownicy i wsp\u00f3\u0142pracownicy Organizatora.<\/p>\n\n\n\n<p>\u00a7 4. NAGRODA<\/p>\n\n\n\n<p>1. Nagrod\u0105 w Konkursie jest 1 z 5 zaprosze\u0144 na mecz PGE Ekstraligi: Krono-Plast W\u0142\u00f3kniarz Cz\u0119stochowa \u2013 GKM Grudzi\u0105dz dla osoby wy\u0142onionej w spos\u00f3b wskazany w \u00a76.<\/p>\n\n\n\n<p>2. Informacja o Nagrodzie b\u0119dzie zawarta w tre\u015bci og\u0142oszenia o Konkursie opublikowanego na stronie gazetaregionalna.com.<\/p>\n\n\n\n<p>3. Laureatowi nie przys\u0142uguje prawo wymiany Nagrody na got\u00f3wk\u0119 ani nagrod\u0119 innego rodzaju.<\/p>\n\n\n\n<p>4. Zwyci\u0119zca mo\u017ce zrzec si\u0119 Nagrody, ale w zamian nie przys\u0142uguje mu ekwiwalent pieni\u0119\u017cny ani jakakolwiek inna nagroda.<\/p>\n\n\n\n<p>\u00a7 5. ZASADY UCZESTNICTWA W KONKURSIE<\/p>\n\n\n\n<p>1. Zadaniem Uczestnika Konkursu jest:<\/p>\n\n\n\n<p>wej\u015b\u0107 na stron\u0119 W\u0142\u00f3kniarz Cz\u0119stochowa na portalu X (dawny twitter) i zrobi\u0107 print screen strony lub zdj\u0119cie strony oraz przes\u0142a\u0107 mailem na adres: <a href=\"mailto:artur@gazetaregionalna.com\" target=\"_blank\" rel=\"noreferrer noopener\">artur@gazetaregionalna.com<\/a> do 9 kwietnia 2025 do godz. 20.<\/p>\n\n\n\n<p>1. Warunkiem uczestnictwa w Konkursie jest poprawne wykonanie zadania opisanego w \u00a7 5. ust. 1 Regulaminu.<\/p>\n\n\n\n<p>2. O przyznaniu nagrody decyduje Organizator w drodze analizy poprawno\u015bci wykonania zada\u0144 opisanych w \u00a7 5. ust. 1 Regulaminu przez Uczestnik\u00f3w Konkursu<\/p>\n\n\n\n<p>3. Spo\u015br\u00f3d nades\u0142anych odpowiedzi Organizator wy\u0142oni zwyci\u0119zc\u00f3w.<\/p>\n\n\n\n<p>4. Zwyci\u0119zca Konkursu zostanie powiadomiony o wygranej i o formie jej odbioru w wiadomo\u015bci mailowej wys\u0142anej z adresu <a href=\"mailto:artur@gazetaregionalna.com\" target=\"_blank\" rel=\"noreferrer noopener\">artur@gazetaregionalna.com<\/a> najp\u00f3\u017aniej do 10 kwietnia 2025 do godz. 12.<\/p>\n\n\n\n<p>\u00a7 7. ZAKRES ODPOWIEDZIALNO\u015aCI ORGANIZATORA<\/p>\n\n\n\n<p>1. Organizator nie ponosi odpowiedzialno\u015bci za rzetelno\u015b\u0107 i prawdziwo\u015b\u0107 danych Uczestnik\u00f3w Konkursu, w tym za brak mo\u017cliwo\u015bci przekazania nagr\u00f3d, z przyczyny le\u017c\u0105cych po stronie Uczestnika, w szczeg\u00f3lno\u015bci, je\u015bli ten nie poda\u0142 prawdziwego adresu do korespondencji lub podane dane s\u0105 niepe\u0142ne lub nieaktualne.<\/p>\n\n\n\n<p>2. Organizator o\u015bwiadcza, \u017ce nie prowadzi kontroli, ani monitoringu tre\u015bci umieszczanych przez Uczestnik\u00f3w w zakresie rzetelno\u015bci i prawdziwo\u015bci, z zastrze\u017ceniem dzia\u0142a\u0144 zwi\u0105zanych z usuni\u0119ciem narusze\u0144 Regulaminu lub przepis\u00f3w powszechnie obowi\u0105zuj\u0105cych.<\/p>\n\n\n\n<p>3. Organizator zastrzega sobie prawo do wykluczenia z udzia\u0142u w Konkursie Uczestnik\u00f3w, kt\u00f3rych dzia\u0142ania s\u0105 sprzeczne z prawem lub Regulaminem.<\/p>\n\n\n\n<p>4. Organizator nie ponosi odpowiedzialno\u015bci za jakiekolwiek zak\u0142\u00f3cenia w dzia\u0142aniu \u0142\u0105cz teleinformatycznych, serwer\u00f3w, interfejs\u00f3w oraz przegl\u0105darek.<\/p>\n\n\n\n<p>\u00a7 8. PRZETWARZANIE DANYCH OSOBOWYCH<\/p>\n\n\n\n<p>1. Dane osobowe Uczestnik\u00f3w Konkursu b\u0119d\u0105 przetwarzane przez Organizatora wy\u0142\u0105cznie w celu dokonania czynno\u015bci niezb\u0119dnych do prawid\u0142owego przeprowadzenia Konkursu.<\/p>\n\n\n\n<p>2. Dane osobowe Uczestnik\u00f3w Konkursu b\u0119d\u0105 przechowywane przez Organizatora tylko przez okres niezb\u0119dny do przeprowadzenia Konkursu i wydania nagr\u00f3d wyr\u00f3\u017cnionym Uczestnikom.<\/p>\n\n\n\n<p>3. Uczestnicy maj\u0105 prawo wgl\u0105du do przetwarzanych danych i ich poprawiania oraz usuwania. Dane s\u0105 podawane na zasadach dobrowolno\u015bci.<\/p>\n\n\n\n<p>4. W momencie usuni\u0119cia danych U\u017cytkownik traci mo\u017cliwo\u015b\u0107 Uczestnictwa w Konkursie.<\/p>\n\n\n\n<p>\u00a7 9. PRAWA AUTORSKIE<\/p>\n\n\n\n<p>1. Wszelkie prawa w\u0142asno\u015bci intelektualnej do Konkursu przys\u0142uguj\u0105 Organizatorowi. Uczestnictwo w Konkursie nie skutkuje w \u017cadnym zakresie nabyciem przez Uczestnik\u00f3w jakichkolwiek praw w\u0142asno\u015bci intelektualnej. Zabronione jest naruszanie w jakikolwiek spos\u00f3b praw w\u0142asno\u015bci intelektualnej w Konkursie, w szczeg\u00f3lno\u015bci:<\/p>\n\n\n\n<p>a) kopiowanie, modyfikowanie oraz transmitowanie elektronicznie lub rozpowszechnianie w inny spos\u00f3b mechanizmu Konkursu lub jego cz\u0119\u015bci, a tak\u017ce poszczeg\u00f3lnych utwor\u00f3w i baz danych, bez wyra\u017anej pisemnej zgody Administratora;<\/p>\n\n\n\n<p>b) korzystanie z Konkursu w spos\u00f3b niezgodny z Regulaminem lub powszechnie obowi\u0105zuj\u0105cymi przepisami.<\/p>\n\n\n\n<p>\u00a7 10. REKLAMACJE I ZG\u0141OSZENIA NARUSZE\u0143<\/p>\n\n\n\n<p>1. Wszelkie reklamacje dotycz\u0105ce sposobu przeprowadzania Konkursu, Uczestnicy winni zg\u0142asza\u0107 na pi\u015bmie w czasie trwania Konkursu, jednak nie p\u00f3\u017aniej ni\u017c w terminie 7 (siedmiu) dni od dnia wydania Nagr\u00f3d.<\/p>\n\n\n\n<p>2. Reklamacja zg\u0142oszona po wyznaczonym terminie nie wywo\u0142uje skutk\u00f3w prawnych.<\/p>\n\n\n\n<p>3. Pisemna reklamacja powinna zawiera\u0107 imi\u0119, nazwisko, dok\u0142adny adres Uczestnika oraz dok\u0142adny opis i uzasadnienie reklamacji.<\/p>\n\n\n\n<p>4. Reklamacja powinna by\u0107 przes\u0142ana listem poleconym na adres Organizatora z dopiskiem \u201eKonkurs \u017cu\u017clowy z dnia 9 kwietnia 2025 r.\u201d.<\/p>\n\n\n\n<p>5. Reklamacje rozpatrywane b\u0119d\u0105 pisemnie w terminie 30 dni.<\/p>\n\n\n\n<p>\u00a7 11. POSTANOWIENIA KO\u0143COWE<\/p>\n\n\n\n<p>1. Regulamin wchodzi w \u017cycie z dniem 9 kwietnia 2025 r. o godz. 6:00 i obowi\u0105zuje do 10 kwietnia 2025r. do godz. 13:00.<\/p>\n\n\n\n<p>W kwestiach nieuregulowanych niniejszym Regulaminem stosuje si\u0119 przepisy Kodeksu cywilnego i inne przepisy prawa.<\/p>\n\n\n\n<p>Spory odnosz\u0105ce si\u0119 i wynikaj\u0105ce z Konkursu b\u0119d\u0105 rozwi\u0105zywane przez s\u0105d powszechny w\u0142a\u015bciwy miejscowo dla siedziby Organizatora.<\/p>\n\n\n\n<p>Organizator zastrzega sobie prawo do zmiany zasad Konkursu w trakcie jego trwania. Informacja o zmianach b\u0119dzie zamieszczona na stronie gazetaregionalna.com.<\/p>\n\n\n\n<p>Partnerami relacji sportowych s\u0105:<\/p>\n\n\n\n<p>DMK Invest materia\u0142y budowlane Konopiska (<a href=\"http:\/\/www.dmkinvest.pl\" target=\"_blank\" rel=\"noreferrer noopener\">www.dmkinvest.pl<\/a>)<\/p>\n\n\n\n<p>W\u0142odar Developer Cz\u0119stochowa (<a href=\"http:\/\/www.wlodardeveloper.pl\/\" target=\"_blank\" rel=\"noreferrer noopener\">www.wlodardeveloper.pl<\/a>)<\/p>\n\n\n\n<p>\u017bu\u017clowcy Krono-Plast W\u0142\u00f3kniarz rozpoczynaj\u0105 sezon w PGE Ekstralidze. Na pocz\u0105tek wa\u017cny mecz z Grudzi\u0105dzem\u2026<\/p>\n\n\n\n<p>Kibice \u017cu\u017cla doczekali si\u0119. W pi\u0105tek o godz. 20:30 \u017cu\u017clowcy Krono-Plast W\u0142\u00f3kniarz rozpoczn\u0105 nowy sezon w PGE Ekstralidze. Pierwszym rywalem b\u0119dzie Bayersystem GKM Grudzi\u0105dz. Na co sta\u0107 cz\u0119stochowian w obecnym sezonie?<\/p>\n\n\n\n<p>W poprzednim sezonie \u017cu\u017clowcy Krono-Plast W\u0142\u00f3kniarz zostali sklasyfikowani na 7. miejscu. Cz\u0119stochowianie nie zakwalifikowali si\u0119 do play-off, co odebrano z du\u017cym niedosytem. Po sezonie w kadrze \u201eLw\u00f3w\u201d dosz\u0142o do sporych zmian. Niespodziewanie odszed\u0142 Leon Madsen. Barwy klubowe zmienili te\u017c Mikkel Michelsen i Maksym Drabik. Dzia\u0142acze W\u0142\u00f3kniarza zakontraktowali Jasona Doyla, Piotra Pawlickiego i Wiktora Lamparta. Stawk\u0119 senior\u00f3w uzupe\u0142ni\u0105 zawodnicy z poprzedniego sezonu: Kacper Woryna i Mads Hansen. Woryna jest nowym kapitanem \u201eLw\u00f3w\u201d.<\/p>\n\n\n\n<p>Nowy trener cz\u0119stochowskiej dru\u017cyny Mariusz Staszewski po meczach sparingowych nie ma powod\u00f3w do rado\u015bci. Cz\u0119stochowianie pojechali w pi\u0119ciu sparingach. W czterech pierwszych przegrali po dwa razy z Betard Spart\u0105 Wroc\u0142aw i Abramczyk Poloni\u0105 Bydgoszcz. Pi\u0105ty z zaplanowanych mecz\u00f3w kontrolnych w Kro\u015bnie nie odby\u0142 si\u0119. Dopiero w rewan\u017cu z Krosnem cz\u0119stochowianie zaprezentowali si\u0119 lepiej\u2026<\/p>\n\n\n\n<p>W sparingach W\u0142\u00f3kniarz startowa\u0142 w r\u00f3\u017cnych sk\u0142adach i wyniki nie by\u0142y najwa\u017cniejsze. Ale pi\u0105tkowy mecz z GKM Grudzi\u0105dz b\u0119dzie ju\u017c bardzo wa\u017cny dla cz\u0119stochowian. Cho\u0107 \u017cu\u017clowcy Krono-Plast W\u0142\u00f3kniarz podczas Press Day zapewniali, \u017ce b\u0119d\u0105 walczy\u0107 o jak najwy\u017csze miejsce i play-off to cz\u0119\u015b\u0107 kibic\u00f3w ma odmienne zdanie i twierdzi, \u017ce \u201eLwy\u201d b\u0119d\u0105 rywalizowa\u0107 o utrzymanie z ROW Rybnik i w\u0142a\u015bnie z GKM-em Grudzi\u0105dz. I dlatego pi\u0105tkowe starcie z GKM-em ju\u017c na pocz\u0105tku sezonu b\u0119dzie niezwykle istotne dla cz\u0119stochowian. Dru\u017cyna trenera Mariusza Staszewskiego musi u siebie bezwzgl\u0119dnie wygra\u0107 z Grudzi\u0105dzem i Rybnikiem oraz walczy\u0107 o wygrane r\u00f3wnie\u017c w pozosta\u0142ych spotkaniach\u2026<\/p>\n\n\n\n<p>Sk\u0142ad GKM-u to: Max Fricke, Michael Jepsen Jensen, Jaimon Lidsey, Vadim Tarasenko, Jakub Mi\u015bkowiak. GKM ma nie\u017c\u0142ych junior\u00f3w: Kacpra \u0141obodzi\u0144skiego i Kevina Ma\u0142kiewicza.<\/p>\n\n\n\n<p>W pi\u0105tkowym spotkaniu kibice b\u0119d\u0105 mogli zobaczy\u0107 w akcji nowego Indywidualnego Mi\u0119dzynarodowego Mistrza Ekstraligi Michaela Jepsena Jensena. W sk\u0142adzie rywali pojedzie te\u017c dobrze znany w Cz\u0119stochowie Jakub Mi\u015bkowiak.<\/p>\n\n\n\n<p>Jak cz\u0119stochowscy \u017cu\u017clowcy rozpoczn\u0105 nowy sezon? Jak we W\u0142\u00f3kniarzy zadebiutuj\u0105 Piotr Pawlicki i Wiktor Lampart? Odpowied\u017a poznamy ju\u017c w pi\u0105tkowy wiecz\u00f3r\u2026<\/p>\n\n\n\n<p>AK, fot: AK<\/p>\n\n\n\n<p>Partnerami relacji sportowych s\u0105:<\/p>\n\n\n\n<p>DMK Invest materia\u0142y budowlane Konopiska (<a href=\"http:\/\/www.dmkinvest.pl\/\" target=\"_blank\" rel=\"noreferrer noopener\">www.dmkinvest.pl<\/a>)<\/p>\n\n\n\n<p>W\u0142odar Developer Cz\u0119stochowa (<a href=\"http:\/\/www.wlodadeveloper.pl\/\" target=\"_blank\" rel=\"noreferrer noopener\">www.wlodadeveloper.pl<\/a>)<\/p>\n\n\n\n<p>Bardzo trudny wyjazd pi\u0142karzy Skry<\/p>\n\n\n\n<p>W 26. kolejce spotka\u0144 Betclic 2. ligi Skra Cz\u0119stochowa zagra w Bytomiu z Poloni\u0105, kt\u00f3ra jest na wysokim 3. miejscu i walczy o awans na zaplecze PKO BP Ekstraklasy.<\/p>\n\n\n\n<p>Skra Cz\u0119stochowa ca\u0142y czas znajduje si\u0119 w strefie spadkowej. W ostatnim swoim wyst\u0119pie Skra przegra\u0142a u siebie ze \u015awitem Szczecin. Szkoda, bo w dw\u00f3ch wcze\u015bniejszych meczach Skra wygrywa\u0142a u siebie i kibice liczyli r\u00f3wnie\u017c na wygran\u0105 ze \u015awitem.<\/p>\n\n\n\n<p>Cz\u0119stochowscy pi\u0142karze zdecydowanie gorzej prezentuj\u0105 si\u0119 w rundzie wiosennej na wyjazdach. Przegrali wszystkie 3 spotkania. Wiosenny bilans Skry to 2 wygrane i 4 pora\u017cki. W sobot\u0119 dru\u017cyna trenera Dariusza Rolaka zagra w Bytomiu z bardzo siln\u0105 Poloni\u0105, kt\u00f3ra aktualnie plasuje si\u0119 na 3. miejscu i walczy o awans na zaplecze ekstraklasy. Zdecydowanym faworytem b\u0119d\u0105 gospodarze, ale fani Skry licz\u0105 na niespodziank\u0119\u2026<\/p>\n\n\n\n<p>AK, fot: AK<\/p>\n\n\n\n<p>Partnerami relacji sportowych s\u0105:<\/p>\n\n\n\n<p>DMK Invest materia\u0142y budowlane Konopiska (<a href=\"http:\/\/www.dmkinvest.pl\/\" target=\"_blank\" rel=\"noreferrer noopener\">www.dmkinvest.pl<\/a>)<\/p>\n\n\n\n<p>W\u0142odar Developer Cz\u0119stochowa (<a href=\"http:\/\/www.wlodadeveloper.pl\/\" target=\"_blank\" rel=\"noreferrer noopener\">www.wlodadeveloper.pl<\/a>)<\/p>\n\n\n\n<figure class=\"wp-block-image size-large\"><img decoding=\"async\" width=\"1024\" height=\"1024\" data-src=\"https:\/\/gazetaregionalna.com\/wp-content\/uploads\/2024\/04\/DMK-Invest-2-1024x1024.jpg\" alt=\"\" class=\"wp-image-123883 lazyload\" data-srcset=\"https:\/\/gazetaregionalna.com\/wp-content\/uploads\/2024\/04\/DMK-Invest-2-1024x1024.jpg 1024w, https:\/\/gazetaregionalna.com\/wp-content\/uploads\/2024\/04\/DMK-Invest-2-300x300.jpg 300w, https:\/\/gazetaregionalna.com\/wp-content\/uploads\/2024\/04\/DMK-Invest-2-150x150.jpg 150w, https:\/\/gazetaregionalna.com\/wp-content\/uploads\/2024\/04\/DMK-Invest-2-768x768.jpg 768w, https:\/\/gazetaregionalna.com\/wp-content\/uploads\/2024\/04\/DMK-Invest-2-1536x1536.jpg 1536w, https:\/\/gazetaregionalna.com\/wp-content\/uploads\/2024\/04\/DMK-Invest-2-2048x2048.jpg 2048w, https:\/\/gazetaregionalna.com\/wp-content\/uploads\/2024\/04\/DMK-Invest-2-215x215.jpg 215w, https:\/\/gazetaregionalna.com\/wp-content\/uploads\/2024\/04\/DMK-Invest-2-scaled.jpg 1600w\" data-sizes=\"(max-width: 1024px) 100vw, 1024px\" src=\"data:image\/svg+xml;base64,PHN2ZyB3aWR0aD0iMSIgaGVpZ2h0PSIxIiB4bWxucz0iaHR0cDovL3d3dy53My5vcmcvMjAwMC9zdmciPjwvc3ZnPg==\" style=\"--smush-placeholder-width: 1024px; --smush-placeholder-aspect-ratio: 1024\/1024;\" \/><\/figure>\n\n\n\n<figure class=\"wp-block-image size-large\"><img decoding=\"async\" width=\"1024\" height=\"1024\" data-src=\"https:\/\/gazetaregionalna.com\/wp-content\/uploads\/2025\/01\/Wlodar-Wilenska-fb-1-1024x1024.jpg\" alt=\"\" class=\"wp-image-133184 lazyload\" data-srcset=\"https:\/\/gazetaregionalna.com\/wp-content\/uploads\/2025\/01\/Wlodar-Wilenska-fb-1-1024x1024.jpg 1024w, https:\/\/gazetaregionalna.com\/wp-content\/uploads\/2025\/01\/Wlodar-Wilenska-fb-1-300x300.jpg 300w, https:\/\/gazetaregionalna.com\/wp-content\/uploads\/2025\/01\/Wlodar-Wilenska-fb-1-150x150.jpg 150w, https:\/\/gazetaregionalna.com\/wp-content\/uploads\/2025\/01\/Wlodar-Wilenska-fb-1-768x768.jpg 768w, https:\/\/gazetaregionalna.com\/wp-content\/uploads\/2025\/01\/Wlodar-Wilenska-fb-1-215x215.jpg 215w, https:\/\/gazetaregionalna.com\/wp-content\/uploads\/2025\/01\/Wlodar-Wilenska-fb-1.jpg 1080w\" data-sizes=\"(max-width: 1024px) 100vw, 1024px\" src=\"data:image\/svg+xml;base64,PHN2ZyB3aWR0aD0iMSIgaGVpZ2h0PSIxIiB4bWxucz0iaHR0cDovL3d3dy53My5vcmcvMjAwMC9zdmciPjwvc3ZnPg==\" style=\"--smush-placeholder-width: 1024px; --smush-placeholder-aspect-ratio: 1024\/1024;\" \/><\/figure>\n","protected":false},"excerpt":{"rendered":"<p>W pi\u0105tek o 20:30 \u017cu\u017clowcy Krono-Plast W\u0142\u00f3kniarz Cz\u0119stochowa rozpocznie nowy sezon w PGE Ekstralidze. Przy ul. Olszty\u0144skiej podejmowa\u0107 b\u0119dzie Bayersystem GKM Grudzi\u0105dz. Awizowane sk\u0142ady:<\/p>\n","protected":false},"author":15,"featured_media":135286,"comment_status":"closed","ping_status":"open","sticky":false,"template":"","format":"standard","meta":{"_monsterinsights_skip_tracking":false,"_monsterinsights_sitenote_active":false,"_monsterinsights_sitenote_note":"","_monsterinsights_sitenote_category":0,"_uf_show_specific_survey":0,"_uf_disable_surveys":false,"footnotes":""},"categories":[94,5,7],"tags":[],"class_list":["post-135915","post","type-post","status-publish","format-standard","has-post-thumbnail","hentry","category-polecane","category-sport","category-zuzel"],"_links":{"self":[{"href":"https:\/\/gazetaregionalna.com\/index.php?rest_route=\/wp\/v2\/posts\/135915","targetHints":{"allow":["GET"]}}],"collection":[{"href":"https:\/\/gazetaregionalna.com\/index.php?rest_route=\/wp\/v2\/posts"}],"about":[{"href":"https:\/\/gazetaregionalna.com\/index.php?rest_route=\/wp\/v2\/types\/post"}],"author":[{"embeddable":true,"href":"https:\/\/gazetaregionalna.com\/index.php?rest_route=\/wp\/v2\/users\/15"}],"replies":[{"embeddable":true,"href":"https:\/\/gazetaregionalna.com\/index.php?rest_route=%2Fwp%2Fv2%2Fcomments&post=135915"}],"version-history":[{"count":1,"href":"https:\/\/gazetaregionalna.com\/index.php?rest_route=\/wp\/v2\/posts\/135915\/revisions"}],"predecessor-version":[{"id":135916,"href":"https:\/\/gazetaregionalna.com\/index.php?rest_route=\/wp\/v2\/posts\/135915\/revisions\/135916"}],"wp:featuredmedia":[{"embeddable":true,"href":"https:\/\/gazetaregionalna.com\/index.php?rest_route=\/wp\/v2\/media\/135286"}],"wp:attachment":[{"href":"https:\/\/gazetaregionalna.com\/index.php?rest_route=%2Fwp%2Fv2%2Fmedia&parent=135915"}],"wp:term":[{"taxonomy":"category","embeddable":true,"href":"https:\/\/gazetaregionalna.com\/index.php?rest_route=%2Fwp%2Fv2%2Fcategories&post=135915"},{"taxonomy":"post_tag","embeddable":true,"href":"https:\/\/gazetaregionalna.com\/index.php?rest_route=%2Fwp%2Fv2%2Ftags&post=135915"}],"curies":[{"name":"wp","href":"https:\/\/api.w.org\/{rel}","templated":true}]}}