{"id":135837,"date":"2025-04-06T18:24:49","date_gmt":"2025-04-06T18:24:49","guid":{"rendered":"https:\/\/gazetaregionalna.com\/?p=135837"},"modified":"2025-07-30T12:51:35","modified_gmt":"2025-07-30T12:51:35","slug":"tekstyliow","status":"publish","type":"post","link":"https:\/\/gazetaregionalna.com\/?p=135837","title":{"rendered":"Ekologiczne ABC. Zbi\u00f3rka tekstyli\u00f3w w Cz\u0119stochowie. Jak um\u00f3wi\u0107 si\u0119 na odbi\u00f3r niepotrzebnych ubra\u0144 i tkanin?"},"content":{"rendered":"\n<h3 class=\"wp-block-heading has-text-color has-link-color wp-elements-b7b8a0a1df8b085efa32878433c9a96e\" style=\"color:#004313\">W Cz\u0119stochowie grupa Stala przy wsp\u00f3\u0142pracy z magistratem prowadzi zbi\u00f3rk\u0119 tekstyli\u00f3w. W pierwszym kwartale 2025 roku odebrano od mieszka\u0144c\u00f3w ponad dwukrotnie wi\u0119cej tekstyli\u00f3w ni\u017c w pilota\u017cowym okresie zbi\u00f3rki.<\/h3>\n\n\n\n<p class=\"has-text-color has-link-color wp-elements-6797636b77a8c81e283b88dce5fd430a\" style=\"color:#004313\">W pierwszym etapie zbi\u00f3rki niepotrzebnej odzie\u017cy i tkanin &#8211; od pa\u017adziernika do ko\u0144ca grudnia ubieg\u0142ego roku &#8211; mieszka\u0144cy Cz\u0119stochowy oddali 451 work\u00f3w z tekstyliami, co da\u0142o 4 469 kg odzyskanych materia\u0142\u00f3w (\u015brednio ok. 10 kg na worek).<\/p>\n\n\n\n<p class=\"has-text-color has-link-color wp-elements-460811eb210ae44cab577d952ae421d1\" style=\"color:#004313\">Z kolei ju\u017c pierwszy kwarta\u0142 obecnego roku (stycze\u0144-marzec) przyni\u00f3s\u0142 957 work\u00f3w, co prze\u0142o\u017cy\u0142o si\u0119 na 9 503 kg tekstyli\u00f3w.  Dodajmy, \u017ce zbi\u00f3rka prowadzona jest r\u00f3wnolegle z t\u0105 elektroodpad\u00f3w, dzi\u0119ki czemu nie ma tzw. pustych przejazd\u00f3w.<\/p>\n\n\n\n<p><\/p>\n\n\n\n<figure class=\"wp-block-image size-large\"><img decoding=\"async\" width=\"1024\" height=\"636\" data-src=\"https:\/\/gazetaregionalna.com\/wp-content\/uploads\/2025\/04\/78003-1024x636.jpg\" alt=\"\" class=\"wp-image-135840 lazyload\" data-srcset=\"https:\/\/gazetaregionalna.com\/wp-content\/uploads\/2025\/04\/78003-1024x636.jpg 1024w, https:\/\/gazetaregionalna.com\/wp-content\/uploads\/2025\/04\/78003-300x186.jpg 300w, https:\/\/gazetaregionalna.com\/wp-content\/uploads\/2025\/04\/78003-768x477.jpg 768w, https:\/\/gazetaregionalna.com\/wp-content\/uploads\/2025\/04\/78003.jpg 1122w\" data-sizes=\"(max-width: 1024px) 100vw, 1024px\" src=\"data:image\/svg+xml;base64,PHN2ZyB3aWR0aD0iMSIgaGVpZ2h0PSIxIiB4bWxucz0iaHR0cDovL3d3dy53My5vcmcvMjAwMC9zdmciPjwvc3ZnPg==\" style=\"--smush-placeholder-width: 1024px; --smush-placeholder-aspect-ratio: 1024\/636;\" \/><\/figure>\n\n\n\n<p><\/p>\n\n\n\n<p class=\"has-text-color has-link-color wp-elements-a6152c4a9646f75fc5a339a1da60a3ee\" style=\"color:#004313\">Niepotrzebne ubrania mog\u0105 zosta\u0107 ponownie wykorzystane lub poddane recyklingowi. Odbi\u00f3r mo\u017cliwy jest bezpo\u015brednio z dom\u00f3w i mieszka\u0144, a przyjmowane s\u0105: kurtki, p\u0142aszcze, odzie\u017c wierzchnia; galanteria (r\u0119kawiczki, paski sk\u00f3rzane); akcesoria tekstylne (paski innego typu ni\u017c sk\u00f3ra, r\u0119kawiczki, czapki); odzie\u017c (spodnie, bluzki, swetry, sukienki, marynarki, ubrania dzieci\u0119ce); koce, firany, r\u0119czniki, po\u015bciele, poszewki oraz obuwie. Co wa\u017cne: zbi\u00f3rka nie obejmuje ko\u0142der, brudnej i mokrej odzie\u017cy oraz tekstyli\u00f3w nosz\u0105cych \u015blady wilgoci czy ple\u015bni.<\/p>\n\n\n\n<p class=\"has-text-color has-link-color wp-elements-8a6ac1fa5165014d2a6af6ccddea3771\" style=\"color:#004313\">Informacje na temat zasad zbi\u00f3rki (trzeba zam\u00f3wi\u0107 dedykowany worek i um\u00f3wi\u0107 si\u0119 na jego odbi\u00f3r) s\u0105 dost\u0119pne m.in. na stronie <a href=\"https:\/\/stalagroup.pl\/zbiorka-odziezy-i-tekstyliow-czestochowa\/\" target=\"_blank\" rel=\"noreferrer noopener\"><strong>Stala Group<\/strong><\/a>. Kontakt: tel. 536 322 005, mail &#8211; tekstylia@stalagroup.pl.<\/p>\n\n\n\n<p class=\"has-text-color has-link-color wp-elements-d70d6ffb40f3d7ef0c287a258098bf38\" style=\"color:#004313\">Niepotrzebne tekstylia mo\u017cna odda\u0107 r\u00f3wnie\u017c osobi\u015bcie w Stacjonarnym Punkcie Selektywnej Zbi\u00f3rki Odpad\u00f3w w Sobuczynie, administrowanym przez miejskie Cz\u0119stochowskie Przedsi\u0119biorstwo Komunalne sp. z o.o. <\/p>\n\n\n\n<p>red., mat. UM Cz\u0119stochowy<\/p>\n\n\n\n<figure class=\"wp-block-image size-full\"><img decoding=\"async\" width=\"767\" height=\"99\" data-src=\"https:\/\/gazetaregionalna.com\/wp-content\/uploads\/2025\/07\/WFOSiGW-Material.png\" alt=\"\" class=\"wp-image-139648 lazyload\" data-srcset=\"https:\/\/gazetaregionalna.com\/wp-content\/uploads\/2025\/07\/WFOSiGW-Material.png 767w, https:\/\/gazetaregionalna.com\/wp-content\/uploads\/2025\/07\/WFOSiGW-Material-300x39.png 300w\" data-sizes=\"(max-width: 767px) 100vw, 767px\" src=\"data:image\/svg+xml;base64,PHN2ZyB3aWR0aD0iMSIgaGVpZ2h0PSIxIiB4bWxucz0iaHR0cDovL3d3dy53My5vcmcvMjAwMC9zdmciPjwvc3ZnPg==\" style=\"--smush-placeholder-width: 767px; --smush-placeholder-aspect-ratio: 767\/99;\" \/><\/figure>\n\n\n\n<p>Za tre\u015bci zawarte w materiale dofinansowanym ze \u015brodk\u00f3w <a href=\"https:\/\/wfosigw.katowice.pl\/\" target=\"_blank\" rel=\"noreferrer noopener\">WFO\u015aiGW<\/a> w Katowicach odpowiedzialno\u015b\u0107 ponosi redakcja.<\/p>\n\n\n\n<p>Czytaj tak\u017ce: <a href=\"https:\/\/gazetaregionalna.com\/smog-2\/\">Cz\u0119stochowa walczy ze smogiem za pomoc\u0105 nowoczesnych narz\u0119dzi<\/a><\/p>\n","protected":false},"excerpt":{"rendered":"<p>W Cz\u0119stochowie grupa Stala przy wsp\u00f3\u0142pracy z magistratem prowadzi zbi\u00f3rk\u0119 tekstyli\u00f3w. W pierwszym kwartale 2025 roku odebrano od mieszka\u0144c\u00f3w ponad dwukrotnie wi\u0119cej tekstyli\u00f3w ni\u017c<\/p>\n","protected":false},"author":11,"featured_media":135839,"comment_status":"closed","ping_status":"open","sticky":false,"template":"","format":"standard","meta":{"_monsterinsights_skip_tracking":false,"_monsterinsights_sitenote_active":false,"_monsterinsights_sitenote_note":"","_monsterinsights_sitenote_category":0,"_uf_show_specific_survey":0,"_uf_disable_surveys":false,"footnotes":""},"categories":[3,29,2],"tags":[144,9719],"class_list":["post-135837","post","type-post","status-publish","format-standard","has-post-thumbnail","hentry","category-czestochowa-informacje","category-ekologia","category-wiadomosci","tag-czestochowa","tag-zbiorka-tekstyliow"],"_links":{"self":[{"href":"https:\/\/gazetaregionalna.com\/index.php?rest_route=\/wp\/v2\/posts\/135837","targetHints":{"allow":["GET"]}}],"collection":[{"href":"https:\/\/gazetaregionalna.com\/index.php?rest_route=\/wp\/v2\/posts"}],"about":[{"href":"https:\/\/gazetaregionalna.com\/index.php?rest_route=\/wp\/v2\/types\/post"}],"author":[{"embeddable":true,"href":"https:\/\/gazetaregionalna.com\/index.php?rest_route=\/wp\/v2\/users\/11"}],"replies":[{"embeddable":true,"href":"https:\/\/gazetaregionalna.com\/index.php?rest_route=%2Fwp%2Fv2%2Fcomments&post=135837"}],"version-history":[{"count":6,"href":"https:\/\/gazetaregionalna.com\/index.php?rest_route=\/wp\/v2\/posts\/135837\/revisions"}],"predecessor-version":[{"id":139704,"href":"https:\/\/gazetaregionalna.com\/index.php?rest_route=\/wp\/v2\/posts\/135837\/revisions\/139704"}],"wp:featuredmedia":[{"embeddable":true,"href":"https:\/\/gazetaregionalna.com\/index.php?rest_route=\/wp\/v2\/media\/135839"}],"wp:attachment":[{"href":"https:\/\/gazetaregionalna.com\/index.php?rest_route=%2Fwp%2Fv2%2Fmedia&parent=135837"}],"wp:term":[{"taxonomy":"category","embeddable":true,"href":"https:\/\/gazetaregionalna.com\/index.php?rest_route=%2Fwp%2Fv2%2Fcategories&post=135837"},{"taxonomy":"post_tag","embeddable":true,"href":"https:\/\/gazetaregionalna.com\/index.php?rest_route=%2Fwp%2Fv2%2Ftags&post=135837"}],"curies":[{"name":"wp","href":"https:\/\/api.w.org\/{rel}","templated":true}]}}