{"id":1358,"date":"2018-12-17T12:32:40","date_gmt":"2018-12-17T12:32:40","guid":{"rendered":"http:\/\/gazetaregionalna.com\/?p=1358"},"modified":"2018-12-17T12:32:40","modified_gmt":"2018-12-17T12:32:40","slug":"niedopelnienie-obowiazkow-przez-bylego-wojta-poraja-sledztwo-umorzone","status":"publish","type":"post","link":"https:\/\/gazetaregionalna.com\/?p=1358","title":{"rendered":"Niedope\u0142nienie obowi\u0105zk\u00f3w przez by\u0142ego w\u00f3jta Poraja \u2013 \u015bledztwo umorzone"},"content":{"rendered":"<p>&nbsp;<\/p>\n<p><span style=\"font-family: Times New Roman, serif;\">Prokuratura Rejonowa w \u017bywcu umorzy\u0142a \u015bledztwo w sprawie niedope\u0142nienia obowi\u0105zk\u00f3w przez by\u0142ego w\u00f3jta gminy Poraj, \u0141ukasza Stachery. <\/span><\/p>\n<p><span style=\"font-family: Times New Roman, serif;\">Zawiadomienie w tej sprawie, po kontroli z\u0142o\u017cy\u0142 wojewoda \u015bl\u0105ski. Pocz\u0105tkowo \u015bledztwo prowadzi\u0142a Prokuratura Rejonowa Cz\u0119stochowa-P\u00f3\u0142noc. \u015aledztwo toczy si\u0119 w sprawie, dlatego nikomu nie postawiono zarzut\u00f3w.<\/span><\/p>\n<p><span style=\"font-family: Times New Roman, serif;\">Z uwagi, \u017ce post\u0119powanie dotyczy samorz\u0105dowc\u00f3w z powiatu myszkowskiego, ze sprawy wy\u0142\u0105czy\u0142a si\u0119 myszkowska policja. Zapad\u0142a r\u00f3wnie\u017c decyzja o tym, \u017ce \u015bledztwo b\u0119dzie prowadzi\u0142a Prokuratura Rejonowa Cz\u0119stochowa-P\u00f3\u0142noc, jednak decyzj\u0105 Prokuratury Regionalnej przekazano j\u0105 do Prokuratury Rejonowej w \u017bywcu.<\/span><\/p>\n<p><span style=\"font-family: Times New Roman, serif;\"><b>O co chodzi?<\/b><\/span><\/p>\n<p><span style=\"font-family: Times New Roman, serif;\">W roku ubieg\u0142ym do \u015al\u0105skiego Urz\u0119du Wojew\u00f3dzkiego w Katowicach wp\u0142yn\u0119\u0142o pismo od mieszka\u0144ca Poraja dotycz\u0105ce podpisu na dokumencie upowa\u017cniaj\u0105cym do zaci\u0105gni\u0119cia kredytu w wysoko\u015bci 2 mln z\u0142otych. Problem w tym, \u017ce podpisuj\u0105cy nie mia\u0142 do tego stosownego upowa\u017cnienia (upowa\u017cnienia do wydawania decyzji administracyjnych w imieniu w\u00f3jta.) Nadz\u00f3r prawny wszcz\u0105\u0142 w\u00f3wczas post\u0119powanie wyja\u015bniaj\u0105ce. W efekcie 11 stycznia 2018 r. organ nadzoru przes\u0142a\u0142 zawiadomienie o podejrzeniu pope\u0142nienia przest\u0119pstwa przeciwko wiarygodno\u015bci dokument\u00f3w Prokuratury Rejonowej w Myszkowie. <\/span><\/p>\n<p><span style=\"font-family: Times New Roman, serif;\">Po zawiadomieniu wszcz\u0119to post\u0119powanie wyja\u015bniaj\u0105ce, ale szef myszkowskiej prokuratury, Dariusz Bereza nie ukrywa\u0142, \u017ce powinna zapa\u015b\u0107 decyzja o wszcz\u0119ciu \u015bledztwa.<\/span><\/p>\n<p><span style=\"font-family: Times New Roman, serif;\">30 listopada Prokuratura Rejonowa w \u017bywcu podj\u0119\u0142a decyzj\u0119 o umorzeniu \u015bledztwa. Postanowienie stwierdza, i\u017c post\u0119powanie zosta\u0142o umorzone z powodu braku znamion czynu zabronionego. Decyzja nie jest prawomocna, wojewoda ma wi\u0119c prawo do zaskar\u017cenia decyzji.<\/span><\/p>\n<p><span style=\"font-family: Times New Roman, serif;\">(red.)<\/span><\/p>\n","protected":false},"excerpt":{"rendered":"<p>&nbsp; Prokuratura Rejonowa w \u017bywcu umorzy\u0142a \u015bledztwo w sprawie niedope\u0142nienia obowi\u0105zk\u00f3w przez by\u0142ego w\u00f3jta gminy Poraj, \u0141ukasza Stachery. Zawiadomienie w tej sprawie, po kontroli<\/p>\n","protected":false},"author":3,"featured_media":0,"comment_status":"open","ping_status":"closed","sticky":false,"template":"","format":"standard","meta":{"_monsterinsights_skip_tracking":false,"_monsterinsights_sitenote_active":false,"_monsterinsights_sitenote_note":"","_monsterinsights_sitenote_category":0,"_uf_show_specific_survey":0,"_uf_disable_surveys":false,"footnotes":""},"categories":[26,2,13],"tags":[],"class_list":["post-1358","post","type-post","status-publish","format-standard","hentry","category-myszkow","category-wiadomosci","category-wydarzenia"],"_links":{"self":[{"href":"https:\/\/gazetaregionalna.com\/index.php?rest_route=\/wp\/v2\/posts\/1358","targetHints":{"allow":["GET"]}}],"collection":[{"href":"https:\/\/gazetaregionalna.com\/index.php?rest_route=\/wp\/v2\/posts"}],"about":[{"href":"https:\/\/gazetaregionalna.com\/index.php?rest_route=\/wp\/v2\/types\/post"}],"author":[{"embeddable":true,"href":"https:\/\/gazetaregionalna.com\/index.php?rest_route=\/wp\/v2\/users\/3"}],"replies":[{"embeddable":true,"href":"https:\/\/gazetaregionalna.com\/index.php?rest_route=%2Fwp%2Fv2%2Fcomments&post=1358"}],"version-history":[{"count":1,"href":"https:\/\/gazetaregionalna.com\/index.php?rest_route=\/wp\/v2\/posts\/1358\/revisions"}],"predecessor-version":[{"id":1360,"href":"https:\/\/gazetaregionalna.com\/index.php?rest_route=\/wp\/v2\/posts\/1358\/revisions\/1360"}],"wp:attachment":[{"href":"https:\/\/gazetaregionalna.com\/index.php?rest_route=%2Fwp%2Fv2%2Fmedia&parent=1358"}],"wp:term":[{"taxonomy":"category","embeddable":true,"href":"https:\/\/gazetaregionalna.com\/index.php?rest_route=%2Fwp%2Fv2%2Fcategories&post=1358"},{"taxonomy":"post_tag","embeddable":true,"href":"https:\/\/gazetaregionalna.com\/index.php?rest_route=%2Fwp%2Fv2%2Ftags&post=1358"}],"curies":[{"name":"wp","href":"https:\/\/api.w.org\/{rel}","templated":true}]}}