{"id":13570,"date":"2020-06-15T09:46:34","date_gmt":"2020-06-15T09:46:34","guid":{"rendered":"https:\/\/gazetaregionalna.com\/?p=13570"},"modified":"2020-06-18T14:52:22","modified_gmt":"2020-06-18T14:52:22","slug":"zielona-energia-com","status":"publish","type":"post","link":"https:\/\/gazetaregionalna.com\/?p=13570","title":{"rendered":"Arena zielona-energia.com"},"content":{"rendered":"\n<figure class=\"wp-block-image size-large\"><img decoding=\"async\" width=\"1024\" height=\"575\" data-src=\"https:\/\/gazetaregionalna.com\/wp-content\/uploads\/2020\/06\/DJI_0175-1024x575.jpg\" alt=\"\" class=\"wp-image-13566 lazyload\" data-srcset=\"https:\/\/gazetaregionalna.com\/wp-content\/uploads\/2020\/06\/DJI_0175-1024x575.jpg 1024w, https:\/\/gazetaregionalna.com\/wp-content\/uploads\/2020\/06\/DJI_0175-300x169.jpg 300w, https:\/\/gazetaregionalna.com\/wp-content\/uploads\/2020\/06\/DJI_0175-768x432.jpg 768w, https:\/\/gazetaregionalna.com\/wp-content\/uploads\/2020\/06\/DJI_0175-1536x863.jpg 1536w, https:\/\/gazetaregionalna.com\/wp-content\/uploads\/2020\/06\/DJI_0175-696x391.jpg 696w, https:\/\/gazetaregionalna.com\/wp-content\/uploads\/2020\/06\/DJI_0175-1068x600.jpg 1068w, https:\/\/gazetaregionalna.com\/wp-content\/uploads\/2020\/06\/DJI_0175-747x420.jpg 747w, https:\/\/gazetaregionalna.com\/wp-content\/uploads\/2020\/06\/DJI_0175.jpg 1200w\" data-sizes=\"(max-width: 1024px) 100vw, 1024px\" src=\"data:image\/svg+xml;base64,PHN2ZyB3aWR0aD0iMSIgaGVpZ2h0PSIxIiB4bWxucz0iaHR0cDovL3d3dy53My5vcmcvMjAwMC9zdmciPjwvc3ZnPg==\" style=\"--smush-placeholder-width: 1024px; --smush-placeholder-aspect-ratio: 1024\/575;\" \/><\/figure>\n\n\n\n<p>Pierwsze wzmianki i pomys\u0142y budowy\nstadionu w Cz\u0119stochowie zrodzi\u0142y si\u0119 w roku 1928. Projekt zosta\u0142 wykonany przez\nin\u017c. Stanis\u0142awa Domaszewskiego. Pieni\u0119dzy jednak bardzo szybko brak\u0142o i przed\nwojn\u0105 zdo\u0142ano wybudowa\u0107 jedynie boisko. Oficjalne otwarcie obiektu przypad\u0142o na\nrocznic\u0119 wybuchu II wojny \u015bwiatowej, 1 wrze\u015bnia 1946 roku, kiedy to odby\u0142y si\u0119\nzawody o mistrzostwo Cz\u0119stochowy, w kt\u00f3rych udzia\u0142 wzi\u0119li zawodnicy z ca\u0142ego\nkraju. Najpierw oko\u0142o sze\u015bciuset motocyklist\u00f3w zebra\u0142o si\u0119 na mszy \u015bwi\u0119tej na\nJasnej G\u00f3rze, po po\u0142udniu natomiast 10 tysi\u0119cy cz\u0119stochowian ogl\u0105da\u0142o na\nstadionie przy ulicy Olszty\u0144skiej inauguracyjne zawody o mistrzostwo miasta.<\/p>\n\n\n\n<p>Pierwszym rekordzist\u0105\ncz\u0119stochowskiego owalu by\u0142 Jerzy Jankowski, kt\u00f3ry na motocyklu Rudge 500\npokona\u0142 ca\u0142y dystans w 115,5 sekund. Z czasem w Cz\u0119stochowie pojawia\u0142o si\u0119\ncoraz wi\u0119cej m\u0119\u017cczyzn, kt\u00f3rzy chcieli spr\u00f3bowa\u0107 swoich si\u0142 w je\u017adzie na\n\u017cu\u017clowym motocyklu. Taka dru\u017cyna z\u0142o\u017cona z Waldemara Miechowskiego, Mariana\nKaznowskiego, Bogdana Laskowskiego i Leonarda Ciurzy\u0144skiego wystartowa\u0142a w II\nlidze w roku 1948. Pierwsze zawody wygl\u0105da\u0142y bardzo archaicznie, tj. nie by\u0142o\nbandy okalaj\u0105cej tor, brakowa\u0142o tak\u017ce m.in. \u015bwiate\u0142, maszyny startowej oraz\nwie\u017cy s\u0119dziowskiej. Kibice gromadzili si\u0119 zar\u00f3wno po wewn\u0119trznej, jak i po\nzewn\u0119trznej stronie toru, a s\u0119dzia zawod\u00f3w zasiada\u0142 mi\u0119dzy kibicami.<\/p>\n\n\n\n<p>W 1951 rozpocz\u0119\u0142a si\u0119 przebudowa\nstadionu \u017cu\u017clowego, gdy\u017c nie spe\u0142nia\u0142 on norm obowi\u0105zuj\u0105cych w lidze. Na ten\ncel miasto przeznaczy\u0142o 60 tysi\u0119cy z\u0142otych, za kt\u00f3re mia\u0142y by\u0107 wybudowane m.in.\nbandy. Remont ten zako\u0144czy\u0142 si\u0119 16 wrze\u015bnia 1951 roku. Pierwsze zawody po\nprzebudowie nie wypad\u0142y jednak okazale. W obecno\u015bci dwudziestu tysi\u0119cy widz\u00f3w\nW\u0142\u00f3kniarz przegra\u0142 z Ogniwem Bytom 38:15. Ciekawostk\u0105 jest, \u017ce to w\u0142a\u015bnie na\nstadionie cz\u0119stochowskiego klubu odkryty zosta\u0142 talent spikerski Jana\nCiszewskiego, kt\u00f3ry przyja\u017ani\u0142 si\u0119 z Marianem Kaznowskim.<\/p>\n\n\n\n<p>Kszta\u0142t stadionu, kt\u00f3ry kibice mog\u0105\nogl\u0105da\u0107 po dzie\u0144 dzisiejszy zosta\u0142 nadany w ko\u0144cu lat 60. i pocz\u0105tku 70. Wtedy\nto wybudowano dla kibic\u00f3w \u0142awki, a na koronie powsta\u0142a wie\u017ca s\u0119dziowska wraz z\nsygnalizacj\u0105 \u015bwietln\u0105. Kolejne modernizacje zosta\u0142y przeprowadzone pod koniec\nlat 90. kiedy to na niekt\u00f3rych sektorach cz\u0119stochowskiego obiektu pojawi\u0142y si\u0119\nplastikowe krzese\u0142ka.<\/p>\n\n\n\n<p>Rekord\nfrekwencji pad\u0142 w dniu 21 wrze\u015bnia 2003 roku, kiedy w Cz\u0119stochowie W\u0142\u00f3kniarz\nwalczy\u0142 o tytu\u0142 Dru\u017cynowego Mistrza Polski z Apatorem Toru\u0144. Tego dnia wed\u0142ug\noficjalnych danych na trybunach stadionu miejskiego zasiad\u0142o 22 tysi\u0105ce widz\u00f3w,\njednak nieoficjalne statystyki m\u00f3wi\u0105 nawet o&nbsp;<strong>30 tysi\u0105cach fan\u00f3w<\/strong>.\nWtedy te\u017c bia\u0142o-zieloni si\u0119gn\u0119li po czwarty, ostatni jak do tej pory tytu\u0142\nnajlepszej dru\u017cyny \u017cu\u017clowej w Polsce.<\/p>\n\n\n\n<p>Pod koniec roku 2005 stadion W\u0142\u00f3kniarza przeszed\u0142 gruntown\u0105 przebudow\u0119. Remont trwa\u0142 do czerwca 2007 roku. Przez ten czas drewniane \u0142awki zosta\u0142y zast\u0105pione plastikowymi krzese\u0142kami, zainstalowane zosta\u0142o o\u015bwietlenie, tablica diodowa. Wyremontowane zosta\u0142y tak\u017ce schody i pozosta\u0142a infrastruktura. Wa\u017cn\u0105 zmian\u0105 jest tak\u017ce powstanie specjalnej siatki, kt\u00f3ra oddziela kibic\u00f3w od toru (a dok\u0142adniej od pasa bezpiecze\u0144stwa). Du\u017co trudno\u015bci sprawi\u0142a kwestia o\u015bwietlenia. Niekt\u00f3re osoby chcia\u0142y, by wok\u00f3\u0142 stadionu wybudowa\u0107 cztery ogromne s\u0142upy, na kt\u00f3rych zainstalowane by\u0142oby o\u015bwietlenie. Okaza\u0142o si\u0119 jednak, \u017ce jest to niemo\u017cliwe, dlatego zdecydowano o budowie 26 mniejszych s\u0142up\u00f3w. O\u015bwietlenie na cz\u0119stochowskim stadionie ma nat\u0119\u017cenie 1700 lux\u00f3w, na torze jest to od 100 do 1400 lux\u00f3w. W 2020 roku po siedmiu latach stadion przy ul. Olszty\u0144skiej zmieni\u0142 sponsora tytularnego oraz tym samym nazw\u0119 na Arena zielona-energia.com.<\/p>\n","protected":false},"excerpt":{"rendered":"<p>Pierwsze wzmianki i pomys\u0142y budowy stadionu w Cz\u0119stochowie zrodzi\u0142y si\u0119 w roku 1928. Projekt zosta\u0142 wykonany przez in\u017c. Stanis\u0142awa Domaszewskiego. Pieni\u0119dzy jednak bardzo szybko<\/p>\n","protected":false},"author":13,"featured_media":13566,"comment_status":"open","ping_status":"open","sticky":false,"template":"","format":"standard","meta":{"_monsterinsights_skip_tracking":false,"_monsterinsights_sitenote_active":false,"_monsterinsights_sitenote_note":"","_monsterinsights_sitenote_category":0,"_uf_show_specific_survey":0,"_uf_disable_surveys":false,"footnotes":""},"categories":[5,3,7],"tags":[],"class_list":["post-13570","post","type-post","status-publish","format-standard","has-post-thumbnail","hentry","category-sport","category-czestochowa-informacje","category-zuzel"],"_links":{"self":[{"href":"https:\/\/gazetaregionalna.com\/index.php?rest_route=\/wp\/v2\/posts\/13570","targetHints":{"allow":["GET"]}}],"collection":[{"href":"https:\/\/gazetaregionalna.com\/index.php?rest_route=\/wp\/v2\/posts"}],"about":[{"href":"https:\/\/gazetaregionalna.com\/index.php?rest_route=\/wp\/v2\/types\/post"}],"author":[{"embeddable":true,"href":"https:\/\/gazetaregionalna.com\/index.php?rest_route=\/wp\/v2\/users\/13"}],"replies":[{"embeddable":true,"href":"https:\/\/gazetaregionalna.com\/index.php?rest_route=%2Fwp%2Fv2%2Fcomments&post=13570"}],"version-history":[{"count":2,"href":"https:\/\/gazetaregionalna.com\/index.php?rest_route=\/wp\/v2\/posts\/13570\/revisions"}],"predecessor-version":[{"id":13572,"href":"https:\/\/gazetaregionalna.com\/index.php?rest_route=\/wp\/v2\/posts\/13570\/revisions\/13572"}],"wp:featuredmedia":[{"embeddable":true,"href":"https:\/\/gazetaregionalna.com\/index.php?rest_route=\/wp\/v2\/media\/13566"}],"wp:attachment":[{"href":"https:\/\/gazetaregionalna.com\/index.php?rest_route=%2Fwp%2Fv2%2Fmedia&parent=13570"}],"wp:term":[{"taxonomy":"category","embeddable":true,"href":"https:\/\/gazetaregionalna.com\/index.php?rest_route=%2Fwp%2Fv2%2Fcategories&post=13570"},{"taxonomy":"post_tag","embeddable":true,"href":"https:\/\/gazetaregionalna.com\/index.php?rest_route=%2Fwp%2Fv2%2Ftags&post=13570"}],"curies":[{"name":"wp","href":"https:\/\/api.w.org\/{rel}","templated":true}]}}