{"id":135605,"date":"2025-04-02T12:18:54","date_gmt":"2025-04-02T12:18:54","guid":{"rendered":"https:\/\/gazetaregionalna.com\/?p=135605"},"modified":"2025-04-02T12:18:57","modified_gmt":"2025-04-02T12:18:57","slug":"cks-budowlani-15","status":"publish","type":"post","link":"https:\/\/gazetaregionalna.com\/?p=135605","title":{"rendered":"2 srebrne medale dla m\u0142odych zawodnik\u00f3w CKS Budowlani w biegach prze\u0142ajowych"},"content":{"rendered":"\n<h3 class=\"wp-block-heading\"><strong>Podczas Mi\u0119dzywojew\u00f3dzkich Mistrzostw M\u0142odzik\u00f3w w Biegach Prze\u0142ajowych reprezentanci CKS Budowlani zdobyli dwa srebrne kr\u0105\u017cki. Na tym nie koniec, bowiem cz\u0119stochowska ekipa nie mia\u0142a sobie r\u00f3wnych zwyci\u0119\u017caj\u0105c w klasyfikacji dru\u017cynowej tych mistrzostw.<\/strong><\/h3>\n\n\n\n<p>W G\u0142og\u00f3wku rozegrane zosta\u0142y Mi\u0119dzywojew\u00f3dzkie Mistrzostwa M\u0142odzik\u00f3w w Biegach Prze\u0142ajowych, w kt\u00f3rych rywalizowali biegacze w kategorii wiekowej U16. W sportowych zmaganiach wzi\u0119\u0142o udzia\u0142 18 zawodnik\u00f3w CKS Budowlani Cz\u0119stochowa. Spisali si\u0119 doskonale zdobywaj\u0105c 2 srebrne medale. Dobre starty ca\u0142ej naszej ekipy da\u0142y zwyci\u0119stwo w klasyfikacji dru\u017cynowej mistrzostw. O sukcesie m\u0142odzik\u00f3w w G\u0142og\u00f3wku b\u0119dzie przypomina\u0142 okaza\u0142y puchar.<\/p>\n\n\n\n<p>Medale w barwach CKS Budowlani zdobyli \u2013 <strong>Fabian Kregulewski<\/strong> na dystansie 2 km po wspania\u0142ym finiszu uplasowa\u0142 si\u0119 na 2. pozycji, natomiast drugi srebrny kr\u0105\u017cek wywalczy\u0142 <strong>Krzysztof Kapu\u015bci\u0144ski<\/strong> na dystansie 3 km. Bardzo dobrze zaprezentowa\u0142 si\u0119 tak\u017ce <strong>Dawid Szcz\u0119sny<\/strong>, kt\u00f3ry na dystansie 2 km uplasowa\u0142 si\u0119 na 4. pozycji.<\/p>\n\n\n\n<p><\/p>\n\n\n\n<figure class=\"wp-block-image size-large is-resized\"><img decoding=\"async\" width=\"1024\" height=\"768\" data-src=\"https:\/\/gazetaregionalna.com\/wp-content\/uploads\/2025\/04\/Krzysztof-Kapuscinski-wbiega-na-mete-1024x768.jpg\" alt=\"\" class=\"wp-image-135608 lazyload\" style=\"--smush-placeholder-width: 1024px; --smush-placeholder-aspect-ratio: 1024\/768;width:505px;height:auto\" data-srcset=\"https:\/\/gazetaregionalna.com\/wp-content\/uploads\/2025\/04\/Krzysztof-Kapuscinski-wbiega-na-mete-1024x768.jpg 1024w, https:\/\/gazetaregionalna.com\/wp-content\/uploads\/2025\/04\/Krzysztof-Kapuscinski-wbiega-na-mete-300x225.jpg 300w, https:\/\/gazetaregionalna.com\/wp-content\/uploads\/2025\/04\/Krzysztof-Kapuscinski-wbiega-na-mete-768x576.jpg 768w, https:\/\/gazetaregionalna.com\/wp-content\/uploads\/2025\/04\/Krzysztof-Kapuscinski-wbiega-na-mete.jpg 1200w\" data-sizes=\"(max-width: 1024px) 100vw, 1024px\" src=\"data:image\/svg+xml;base64,PHN2ZyB3aWR0aD0iMSIgaGVpZ2h0PSIxIiB4bWxucz0iaHR0cDovL3d3dy53My5vcmcvMjAwMC9zdmciPjwvc3ZnPg==\" \/><figcaption class=\"wp-element-caption\"><sup>Krzysztof Kapu\u015bci\u0144ski wbiega na met\u0119<\/sup><\/figcaption><\/figure>\n\n\n\n<p>Pozosta\u0142e wyniki zawodnik\u00f3w CKS:<\/p>\n\n\n\n<ul class=\"wp-block-list\">\n<li>9. miejsce Weronika Mermer \u2013 1.5 km,<\/li>\n\n\n\n<li>9. miejsce Adam Mazur \u2013 3 km,<\/li>\n\n\n\n<li>10. miejsce Jagoda Trybu\u0142a \u2013 2 km,<\/li>\n\n\n\n<li>12. miejsce Patrycja Zi\u00f3\u0142kowska \u2013 1.5 km,<\/li>\n\n\n\n<li>12. miejsce Artur Jaksender \u2013 3 km,&nbsp;<\/li>\n\n\n\n<li>12. miejsce Jakub Sowi\u0144ski \u2013 2 km,<\/li>\n\n\n\n<li>13. miejsce Paulina Deska \u2013 1.5 km,<\/li>\n\n\n\n<li>17. miejsce Wiktor Wala \u2013 3 km,<\/li>\n\n\n\n<li>21. miejsce Mateusz P\u0119dziwiatr \u2013 3 km,<\/li>\n\n\n\n<li>22. miejsce Antonina Czaj \u2013 1.5 km,<\/li>\n\n\n\n<li>22. miejsce Mi\u0142osz Piasecki \u2013 3 km,<\/li>\n\n\n\n<li>23. miejsce Ignacy Ca\u0142ko \u2013 2 km,<\/li>\n\n\n\n<li>24. miejsce Antonina Bitner \u2013 1.5 km,<\/li>\n\n\n\n<li>24. miejsce Antonina Bitner \u2013 1.5 km,<\/li>\n\n\n\n<li>29. miejsce Piotr Malig\u0142\u00f3wka \u2013 2 km. <\/li>\n<\/ul>\n\n\n\n<p><\/p>\n\n\n\n<figure class=\"wp-block-gallery has-nested-images columns-default is-cropped wp-block-gallery-1 is-layout-flex wp-block-gallery-is-layout-flex\">\n<figure data-wp-context=\"{&quot;imageId&quot;:&quot;69f0e7ad07e80&quot;}\" data-wp-interactive=\"core\/image\" data-wp-key=\"69f0e7ad07e80\" class=\"wp-block-image size-large wp-lightbox-container\"><img decoding=\"async\" width=\"1024\" height=\"768\" data-wp-class--hide=\"state.isContentHidden\" data-wp-class--show=\"state.isContentVisible\" data-wp-init=\"callbacks.setButtonStyles\" data-wp-on--click=\"actions.showLightbox\" data-wp-on--load=\"callbacks.setButtonStyles\" data-wp-on-window--resize=\"callbacks.setButtonStyles\" data-id=\"135611\" data-src=\"https:\/\/gazetaregionalna.com\/wp-content\/uploads\/2025\/04\/Fabian-Kregulewski-na-II-stopniu-podium-a-Dawid-Szczesny-na-IV-pozycji-1024x768.jpg\" alt=\"\" class=\"wp-image-135611 lazyload\" data-srcset=\"https:\/\/gazetaregionalna.com\/wp-content\/uploads\/2025\/04\/Fabian-Kregulewski-na-II-stopniu-podium-a-Dawid-Szczesny-na-IV-pozycji-1024x768.jpg 1024w, https:\/\/gazetaregionalna.com\/wp-content\/uploads\/2025\/04\/Fabian-Kregulewski-na-II-stopniu-podium-a-Dawid-Szczesny-na-IV-pozycji-300x225.jpg 300w, https:\/\/gazetaregionalna.com\/wp-content\/uploads\/2025\/04\/Fabian-Kregulewski-na-II-stopniu-podium-a-Dawid-Szczesny-na-IV-pozycji-768x576.jpg 768w, https:\/\/gazetaregionalna.com\/wp-content\/uploads\/2025\/04\/Fabian-Kregulewski-na-II-stopniu-podium-a-Dawid-Szczesny-na-IV-pozycji.jpg 1200w\" data-sizes=\"(max-width: 1024px) 100vw, 1024px\" src=\"data:image\/svg+xml;base64,PHN2ZyB3aWR0aD0iMSIgaGVpZ2h0PSIxIiB4bWxucz0iaHR0cDovL3d3dy53My5vcmcvMjAwMC9zdmciPjwvc3ZnPg==\" style=\"--smush-placeholder-width: 1024px; --smush-placeholder-aspect-ratio: 1024\/768;\" \/><button\n\t\t\tclass=\"lightbox-trigger\"\n\t\t\ttype=\"button\"\n\t\t\taria-haspopup=\"dialog\"\n\t\t\taria-label=\"Powi\u0119ksz\"\n\t\t\tdata-wp-init=\"callbacks.initTriggerButton\"\n\t\t\tdata-wp-on--click=\"actions.showLightbox\"\n\t\t\tdata-wp-style--right=\"state.imageButtonRight\"\n\t\t\tdata-wp-style--top=\"state.imageButtonTop\"\n\t\t>\n\t\t\t<svg xmlns=\"http:\/\/www.w3.org\/2000\/svg\" width=\"12\" height=\"12\" fill=\"none\" viewBox=\"0 0 12 12\">\n\t\t\t\t<path fill=\"#fff\" d=\"M2 0a2 2 0 0 0-2 2v2h1.5V2a.5.5 0 0 1 .5-.5h2V0H2Zm2 10.5H2a.5.5 0 0 1-.5-.5V8H0v2a2 2 0 0 0 2 2h2v-1.5ZM8 12v-1.5h2a.5.5 0 0 0 .5-.5V8H12v2a2 2 0 0 1-2 2H8Zm2-12a2 2 0 0 1 2 2v2h-1.5V2a.5.5 0 0 0-.5-.5H8V0h2Z\" \/>\n\t\t\t<\/svg>\n\t\t<\/button><figcaption class=\"wp-element-caption\">Fabian Kregulewski na II stopniu podium a Dawid Szcz\u0119sny na IV pozycji<\/figcaption><\/figure>\n\n\n\n<figure data-wp-context=\"{&quot;imageId&quot;:&quot;69f0e7ad0816e&quot;}\" data-wp-interactive=\"core\/image\" data-wp-key=\"69f0e7ad0816e\" class=\"wp-block-image size-large wp-lightbox-container\"><img decoding=\"async\" width=\"1024\" height=\"768\" data-wp-class--hide=\"state.isContentHidden\" data-wp-class--show=\"state.isContentVisible\" data-wp-init=\"callbacks.setButtonStyles\" data-wp-on--click=\"actions.showLightbox\" data-wp-on--load=\"callbacks.setButtonStyles\" data-wp-on-window--resize=\"callbacks.setButtonStyles\" data-id=\"135614\" data-src=\"https:\/\/gazetaregionalna.com\/wp-content\/uploads\/2025\/04\/Fabian-Kregulewski-wbiega-na-mete-1024x768.jpg\" alt=\"\" class=\"wp-image-135614 lazyload\" data-srcset=\"https:\/\/gazetaregionalna.com\/wp-content\/uploads\/2025\/04\/Fabian-Kregulewski-wbiega-na-mete-1024x768.jpg 1024w, https:\/\/gazetaregionalna.com\/wp-content\/uploads\/2025\/04\/Fabian-Kregulewski-wbiega-na-mete-300x225.jpg 300w, https:\/\/gazetaregionalna.com\/wp-content\/uploads\/2025\/04\/Fabian-Kregulewski-wbiega-na-mete-768x576.jpg 768w, https:\/\/gazetaregionalna.com\/wp-content\/uploads\/2025\/04\/Fabian-Kregulewski-wbiega-na-mete.jpg 1200w\" data-sizes=\"(max-width: 1024px) 100vw, 1024px\" src=\"data:image\/svg+xml;base64,PHN2ZyB3aWR0aD0iMSIgaGVpZ2h0PSIxIiB4bWxucz0iaHR0cDovL3d3dy53My5vcmcvMjAwMC9zdmciPjwvc3ZnPg==\" style=\"--smush-placeholder-width: 1024px; --smush-placeholder-aspect-ratio: 1024\/768;\" \/><button\n\t\t\tclass=\"lightbox-trigger\"\n\t\t\ttype=\"button\"\n\t\t\taria-haspopup=\"dialog\"\n\t\t\taria-label=\"Powi\u0119ksz\"\n\t\t\tdata-wp-init=\"callbacks.initTriggerButton\"\n\t\t\tdata-wp-on--click=\"actions.showLightbox\"\n\t\t\tdata-wp-style--right=\"state.imageButtonRight\"\n\t\t\tdata-wp-style--top=\"state.imageButtonTop\"\n\t\t>\n\t\t\t<svg xmlns=\"http:\/\/www.w3.org\/2000\/svg\" width=\"12\" height=\"12\" fill=\"none\" viewBox=\"0 0 12 12\">\n\t\t\t\t<path fill=\"#fff\" d=\"M2 0a2 2 0 0 0-2 2v2h1.5V2a.5.5 0 0 1 .5-.5h2V0H2Zm2 10.5H2a.5.5 0 0 1-.5-.5V8H0v2a2 2 0 0 0 2 2h2v-1.5ZM8 12v-1.5h2a.5.5 0 0 0 .5-.5V8H12v2a2 2 0 0 1-2 2H8Zm2-12a2 2 0 0 1 2 2v2h-1.5V2a.5.5 0 0 0-.5-.5H8V0h2Z\" \/>\n\t\t\t<\/svg>\n\t\t<\/button><figcaption class=\"wp-element-caption\">Fabian Kregulewski wbiega na met\u0119<\/figcaption><\/figure>\n\n\n\n<figure data-wp-context=\"{&quot;imageId&quot;:&quot;69f0e7ad0836a&quot;}\" data-wp-interactive=\"core\/image\" data-wp-key=\"69f0e7ad0836a\" class=\"wp-block-image size-large wp-lightbox-container\"><img decoding=\"async\" width=\"1024\" height=\"768\" data-wp-class--hide=\"state.isContentHidden\" data-wp-class--show=\"state.isContentVisible\" data-wp-init=\"callbacks.setButtonStyles\" data-wp-on--click=\"actions.showLightbox\" data-wp-on--load=\"callbacks.setButtonStyles\" data-wp-on-window--resize=\"callbacks.setButtonStyles\" data-id=\"135612\" data-src=\"https:\/\/gazetaregionalna.com\/wp-content\/uploads\/2025\/04\/Krzysztof-Kapuscinski-na-trasie-biegu-nr-20-1024x768.jpg\" alt=\"\" class=\"wp-image-135612 lazyload\" data-srcset=\"https:\/\/gazetaregionalna.com\/wp-content\/uploads\/2025\/04\/Krzysztof-Kapuscinski-na-trasie-biegu-nr-20-1024x768.jpg 1024w, https:\/\/gazetaregionalna.com\/wp-content\/uploads\/2025\/04\/Krzysztof-Kapuscinski-na-trasie-biegu-nr-20-300x225.jpg 300w, https:\/\/gazetaregionalna.com\/wp-content\/uploads\/2025\/04\/Krzysztof-Kapuscinski-na-trasie-biegu-nr-20-768x576.jpg 768w, https:\/\/gazetaregionalna.com\/wp-content\/uploads\/2025\/04\/Krzysztof-Kapuscinski-na-trasie-biegu-nr-20.jpg 1200w\" data-sizes=\"(max-width: 1024px) 100vw, 1024px\" src=\"data:image\/svg+xml;base64,PHN2ZyB3aWR0aD0iMSIgaGVpZ2h0PSIxIiB4bWxucz0iaHR0cDovL3d3dy53My5vcmcvMjAwMC9zdmciPjwvc3ZnPg==\" style=\"--smush-placeholder-width: 1024px; --smush-placeholder-aspect-ratio: 1024\/768;\" \/><button\n\t\t\tclass=\"lightbox-trigger\"\n\t\t\ttype=\"button\"\n\t\t\taria-haspopup=\"dialog\"\n\t\t\taria-label=\"Powi\u0119ksz\"\n\t\t\tdata-wp-init=\"callbacks.initTriggerButton\"\n\t\t\tdata-wp-on--click=\"actions.showLightbox\"\n\t\t\tdata-wp-style--right=\"state.imageButtonRight\"\n\t\t\tdata-wp-style--top=\"state.imageButtonTop\"\n\t\t>\n\t\t\t<svg xmlns=\"http:\/\/www.w3.org\/2000\/svg\" width=\"12\" height=\"12\" fill=\"none\" viewBox=\"0 0 12 12\">\n\t\t\t\t<path fill=\"#fff\" d=\"M2 0a2 2 0 0 0-2 2v2h1.5V2a.5.5 0 0 1 .5-.5h2V0H2Zm2 10.5H2a.5.5 0 0 1-.5-.5V8H0v2a2 2 0 0 0 2 2h2v-1.5ZM8 12v-1.5h2a.5.5 0 0 0 .5-.5V8H12v2a2 2 0 0 1-2 2H8Zm2-12a2 2 0 0 1 2 2v2h-1.5V2a.5.5 0 0 0-.5-.5H8V0h2Z\" \/>\n\t\t\t<\/svg>\n\t\t<\/button><figcaption class=\"wp-element-caption\">Krzysztof Kapu\u015bci\u0144ski na trasie biegu nr 20<\/figcaption><\/figure>\n\n\n\n<figure data-wp-context=\"{&quot;imageId&quot;:&quot;69f0e7ad085b0&quot;}\" data-wp-interactive=\"core\/image\" data-wp-key=\"69f0e7ad085b0\" class=\"wp-block-image size-large wp-lightbox-container\"><img decoding=\"async\" width=\"1024\" height=\"768\" data-wp-class--hide=\"state.isContentHidden\" data-wp-class--show=\"state.isContentVisible\" data-wp-init=\"callbacks.setButtonStyles\" data-wp-on--click=\"actions.showLightbox\" data-wp-on--load=\"callbacks.setButtonStyles\" data-wp-on-window--resize=\"callbacks.setButtonStyles\" data-id=\"135615\" data-src=\"https:\/\/gazetaregionalna.com\/wp-content\/uploads\/2025\/04\/Dawid-Szczesny-nr-18-i-Fabian-Kregulewski-nr-12-1024x768.jpg\" alt=\"\" class=\"wp-image-135615 lazyload\" data-srcset=\"https:\/\/gazetaregionalna.com\/wp-content\/uploads\/2025\/04\/Dawid-Szczesny-nr-18-i-Fabian-Kregulewski-nr-12-1024x768.jpg 1024w, https:\/\/gazetaregionalna.com\/wp-content\/uploads\/2025\/04\/Dawid-Szczesny-nr-18-i-Fabian-Kregulewski-nr-12-300x225.jpg 300w, https:\/\/gazetaregionalna.com\/wp-content\/uploads\/2025\/04\/Dawid-Szczesny-nr-18-i-Fabian-Kregulewski-nr-12-768x576.jpg 768w, https:\/\/gazetaregionalna.com\/wp-content\/uploads\/2025\/04\/Dawid-Szczesny-nr-18-i-Fabian-Kregulewski-nr-12.jpg 1200w\" data-sizes=\"(max-width: 1024px) 100vw, 1024px\" src=\"data:image\/svg+xml;base64,PHN2ZyB3aWR0aD0iMSIgaGVpZ2h0PSIxIiB4bWxucz0iaHR0cDovL3d3dy53My5vcmcvMjAwMC9zdmciPjwvc3ZnPg==\" style=\"--smush-placeholder-width: 1024px; --smush-placeholder-aspect-ratio: 1024\/768;\" \/><button\n\t\t\tclass=\"lightbox-trigger\"\n\t\t\ttype=\"button\"\n\t\t\taria-haspopup=\"dialog\"\n\t\t\taria-label=\"Powi\u0119ksz\"\n\t\t\tdata-wp-init=\"callbacks.initTriggerButton\"\n\t\t\tdata-wp-on--click=\"actions.showLightbox\"\n\t\t\tdata-wp-style--right=\"state.imageButtonRight\"\n\t\t\tdata-wp-style--top=\"state.imageButtonTop\"\n\t\t>\n\t\t\t<svg xmlns=\"http:\/\/www.w3.org\/2000\/svg\" width=\"12\" height=\"12\" fill=\"none\" viewBox=\"0 0 12 12\">\n\t\t\t\t<path fill=\"#fff\" d=\"M2 0a2 2 0 0 0-2 2v2h1.5V2a.5.5 0 0 1 .5-.5h2V0H2Zm2 10.5H2a.5.5 0 0 1-.5-.5V8H0v2a2 2 0 0 0 2 2h2v-1.5ZM8 12v-1.5h2a.5.5 0 0 0 .5-.5V8H12v2a2 2 0 0 1-2 2H8Zm2-12a2 2 0 0 1 2 2v2h-1.5V2a.5.5 0 0 0-.5-.5H8V0h2Z\" \/>\n\t\t\t<\/svg>\n\t\t<\/button><figcaption class=\"wp-element-caption\">Dawid Szcz\u0119sny nr 18 i Fabian Kregulewski nr 12<\/figcaption><\/figure>\n\n\n\n<figure data-wp-context=\"{&quot;imageId&quot;:&quot;69f0e7ad087fc&quot;}\" data-wp-interactive=\"core\/image\" data-wp-key=\"69f0e7ad087fc\" class=\"wp-block-image size-large wp-lightbox-container\"><img decoding=\"async\" width=\"1024\" height=\"768\" data-wp-class--hide=\"state.isContentHidden\" data-wp-class--show=\"state.isContentVisible\" data-wp-init=\"callbacks.setButtonStyles\" data-wp-on--click=\"actions.showLightbox\" data-wp-on--load=\"callbacks.setButtonStyles\" data-wp-on-window--resize=\"callbacks.setButtonStyles\" data-id=\"135613\" data-src=\"https:\/\/gazetaregionalna.com\/wp-content\/uploads\/2025\/04\/Dziewczeta-na-trasie-1.5-km-1024x768.jpg\" alt=\"\" class=\"wp-image-135613 lazyload\" data-srcset=\"https:\/\/gazetaregionalna.com\/wp-content\/uploads\/2025\/04\/Dziewczeta-na-trasie-1.5-km-1024x768.jpg 1024w, https:\/\/gazetaregionalna.com\/wp-content\/uploads\/2025\/04\/Dziewczeta-na-trasie-1.5-km-300x225.jpg 300w, https:\/\/gazetaregionalna.com\/wp-content\/uploads\/2025\/04\/Dziewczeta-na-trasie-1.5-km-768x576.jpg 768w, https:\/\/gazetaregionalna.com\/wp-content\/uploads\/2025\/04\/Dziewczeta-na-trasie-1.5-km.jpg 1200w\" data-sizes=\"(max-width: 1024px) 100vw, 1024px\" src=\"data:image\/svg+xml;base64,PHN2ZyB3aWR0aD0iMSIgaGVpZ2h0PSIxIiB4bWxucz0iaHR0cDovL3d3dy53My5vcmcvMjAwMC9zdmciPjwvc3ZnPg==\" style=\"--smush-placeholder-width: 1024px; --smush-placeholder-aspect-ratio: 1024\/768;\" \/><button\n\t\t\tclass=\"lightbox-trigger\"\n\t\t\ttype=\"button\"\n\t\t\taria-haspopup=\"dialog\"\n\t\t\taria-label=\"Powi\u0119ksz\"\n\t\t\tdata-wp-init=\"callbacks.initTriggerButton\"\n\t\t\tdata-wp-on--click=\"actions.showLightbox\"\n\t\t\tdata-wp-style--right=\"state.imageButtonRight\"\n\t\t\tdata-wp-style--top=\"state.imageButtonTop\"\n\t\t>\n\t\t\t<svg xmlns=\"http:\/\/www.w3.org\/2000\/svg\" width=\"12\" height=\"12\" fill=\"none\" viewBox=\"0 0 12 12\">\n\t\t\t\t<path fill=\"#fff\" d=\"M2 0a2 2 0 0 0-2 2v2h1.5V2a.5.5 0 0 1 .5-.5h2V0H2Zm2 10.5H2a.5.5 0 0 1-.5-.5V8H0v2a2 2 0 0 0 2 2h2v-1.5ZM8 12v-1.5h2a.5.5 0 0 0 .5-.5V8H12v2a2 2 0 0 1-2 2H8Zm2-12a2 2 0 0 1 2 2v2h-1.5V2a.5.5 0 0 0-.5-.5H8V0h2Z\" \/>\n\t\t\t<\/svg>\n\t\t<\/button><figcaption class=\"wp-element-caption\">Dziewcz\u0119ta na trasie 1.5 km<\/figcaption><\/figure>\n\n\n\n<figure data-wp-context=\"{&quot;imageId&quot;:&quot;69f0e7ad089f0&quot;}\" data-wp-interactive=\"core\/image\" data-wp-key=\"69f0e7ad089f0\" class=\"wp-block-image size-large wp-lightbox-container\"><img decoding=\"async\" width=\"1024\" height=\"768\" data-wp-class--hide=\"state.isContentHidden\" data-wp-class--show=\"state.isContentVisible\" data-wp-init=\"callbacks.setButtonStyles\" data-wp-on--click=\"actions.showLightbox\" data-wp-on--load=\"callbacks.setButtonStyles\" data-wp-on-window--resize=\"callbacks.setButtonStyles\" data-id=\"135616\" data-src=\"https:\/\/gazetaregionalna.com\/wp-content\/uploads\/2025\/04\/Krzysztof-Kapuscinski-na-prowadzeniu-1024x768.jpg\" alt=\"\" class=\"wp-image-135616 lazyload\" data-srcset=\"https:\/\/gazetaregionalna.com\/wp-content\/uploads\/2025\/04\/Krzysztof-Kapuscinski-na-prowadzeniu-1024x768.jpg 1024w, https:\/\/gazetaregionalna.com\/wp-content\/uploads\/2025\/04\/Krzysztof-Kapuscinski-na-prowadzeniu-300x225.jpg 300w, https:\/\/gazetaregionalna.com\/wp-content\/uploads\/2025\/04\/Krzysztof-Kapuscinski-na-prowadzeniu-768x576.jpg 768w, https:\/\/gazetaregionalna.com\/wp-content\/uploads\/2025\/04\/Krzysztof-Kapuscinski-na-prowadzeniu.jpg 1200w\" data-sizes=\"(max-width: 1024px) 100vw, 1024px\" src=\"data:image\/svg+xml;base64,PHN2ZyB3aWR0aD0iMSIgaGVpZ2h0PSIxIiB4bWxucz0iaHR0cDovL3d3dy53My5vcmcvMjAwMC9zdmciPjwvc3ZnPg==\" style=\"--smush-placeholder-width: 1024px; --smush-placeholder-aspect-ratio: 1024\/768;\" \/><button\n\t\t\tclass=\"lightbox-trigger\"\n\t\t\ttype=\"button\"\n\t\t\taria-haspopup=\"dialog\"\n\t\t\taria-label=\"Powi\u0119ksz\"\n\t\t\tdata-wp-init=\"callbacks.initTriggerButton\"\n\t\t\tdata-wp-on--click=\"actions.showLightbox\"\n\t\t\tdata-wp-style--right=\"state.imageButtonRight\"\n\t\t\tdata-wp-style--top=\"state.imageButtonTop\"\n\t\t>\n\t\t\t<svg xmlns=\"http:\/\/www.w3.org\/2000\/svg\" width=\"12\" height=\"12\" fill=\"none\" viewBox=\"0 0 12 12\">\n\t\t\t\t<path fill=\"#fff\" d=\"M2 0a2 2 0 0 0-2 2v2h1.5V2a.5.5 0 0 1 .5-.5h2V0H2Zm2 10.5H2a.5.5 0 0 1-.5-.5V8H0v2a2 2 0 0 0 2 2h2v-1.5ZM8 12v-1.5h2a.5.5 0 0 0 .5-.5V8H12v2a2 2 0 0 1-2 2H8Zm2-12a2 2 0 0 1 2 2v2h-1.5V2a.5.5 0 0 0-.5-.5H8V0h2Z\" \/>\n\t\t\t<\/svg>\n\t\t<\/button><figcaption class=\"wp-element-caption\">Krzysztof Kapu\u015bci\u0144ski na prowadzeniu<\/figcaption><\/figure>\n<\/figure>\n\n\n\n<p><\/p>\n\n\n\n<p>red., mat. <a href=\"https:\/\/www.facebook.com\/cks.budowlani\" target=\"_blank\" rel=\"noopener\">CKS Budowlani<\/a><\/p>\n\n\n\n<p>Czytaj tak\u017ce: <a href=\"https:\/\/gazetaregionalna.com\/wielkie-emocje-w-meczu-siatkarzy-steam-z-jw-czestochowianie-prowadzili-z-mistrzem-polski-20\/\">Wielkie emocje w meczu siatkarzy Steam z JW. Cz\u0119stochowianie prowadzili z mistrzem Polski 2:0\u2026<\/a><\/p>\n","protected":false},"excerpt":{"rendered":"<p>Podczas Mi\u0119dzywojew\u00f3dzkich Mistrzostw M\u0142odzik\u00f3w w Biegach Prze\u0142ajowych reprezentanci CKS Budowlani zdobyli dwa srebrne kr\u0105\u017cki. Na tym nie koniec, bowiem cz\u0119stochowska ekipa nie mia\u0142a sobie<\/p>\n","protected":false},"author":5,"featured_media":135607,"comment_status":"closed","ping_status":"open","sticky":false,"template":"","format":"standard","meta":{"_monsterinsights_skip_tracking":false,"_monsterinsights_sitenote_active":false,"_monsterinsights_sitenote_note":"","_monsterinsights_sitenote_category":0,"_uf_show_specific_survey":0,"_uf_disable_surveys":false,"footnotes":""},"categories":[5,11],"tags":[8519,9131,8419,9008],"class_list":["post-135605","post","type-post","status-publish","format-standard","has-post-thumbnail","hentry","category-sport","category-pozostale","tag-biegi-przelajowe","tag-klub-lekkoatletyczny-czestochowa","tag-lekka-atletyka","tag-lekkoatleci"],"_links":{"self":[{"href":"https:\/\/gazetaregionalna.com\/index.php?rest_route=\/wp\/v2\/posts\/135605","targetHints":{"allow":["GET"]}}],"collection":[{"href":"https:\/\/gazetaregionalna.com\/index.php?rest_route=\/wp\/v2\/posts"}],"about":[{"href":"https:\/\/gazetaregionalna.com\/index.php?rest_route=\/wp\/v2\/types\/post"}],"author":[{"embeddable":true,"href":"https:\/\/gazetaregionalna.com\/index.php?rest_route=\/wp\/v2\/users\/5"}],"replies":[{"embeddable":true,"href":"https:\/\/gazetaregionalna.com\/index.php?rest_route=%2Fwp%2Fv2%2Fcomments&post=135605"}],"version-history":[{"count":5,"href":"https:\/\/gazetaregionalna.com\/index.php?rest_route=\/wp\/v2\/posts\/135605\/revisions"}],"predecessor-version":[{"id":135618,"href":"https:\/\/gazetaregionalna.com\/index.php?rest_route=\/wp\/v2\/posts\/135605\/revisions\/135618"}],"wp:featuredmedia":[{"embeddable":true,"href":"https:\/\/gazetaregionalna.com\/index.php?rest_route=\/wp\/v2\/media\/135607"}],"wp:attachment":[{"href":"https:\/\/gazetaregionalna.com\/index.php?rest_route=%2Fwp%2Fv2%2Fmedia&parent=135605"}],"wp:term":[{"taxonomy":"category","embeddable":true,"href":"https:\/\/gazetaregionalna.com\/index.php?rest_route=%2Fwp%2Fv2%2Fcategories&post=135605"},{"taxonomy":"post_tag","embeddable":true,"href":"https:\/\/gazetaregionalna.com\/index.php?rest_route=%2Fwp%2Fv2%2Ftags&post=135605"}],"curies":[{"name":"wp","href":"https:\/\/api.w.org\/{rel}","templated":true}]}}