{"id":135590,"date":"2025-04-02T09:56:36","date_gmt":"2025-04-02T09:56:36","guid":{"rendered":"https:\/\/gazetaregionalna.com\/?p=135590"},"modified":"2025-07-30T12:50:33","modified_gmt":"2025-07-30T12:50:33","slug":"smog-2","status":"publish","type":"post","link":"https:\/\/gazetaregionalna.com\/?p=135590","title":{"rendered":"Ekologiczne ABC. Cz\u0119stochowa walczy ze smogiem za pomoc\u0105 nowoczesnych narz\u0119dzi"},"content":{"rendered":"\n<h3 class=\"wp-block-heading has-text-color has-link-color wp-elements-566f8de85c8cc8af70cda98cbf3951c4\" style=\"color:#004313\"><strong>Cz\u0119stochowska Stra\u017c Miejska ma nowe sposoby na walk\u0119 ze smogiem. To specjalistyczny ekodron oraz mobilne laboratorium w postaci elektrycznego pojazdu z analizatorami zanieczyszcze\u0144. Dzi\u0119ki tym narz\u0119dziom stra\u017cnicy miejscy prowadz\u0105 skuteczne kontrole domowych kot\u0142owni.<\/strong><\/h3>\n\n\n\n<p class=\"has-text-color has-link-color wp-elements-061d57632c345004b9491fa0065c8a0d\" style=\"color:#004313\">Pod koniec 2024 roku Stra\u017c Miejska otrzyma\u0142a z Urz\u0119du Miasta w Cz\u0119stochowie elektryczne auto wyposa\u017cone m.in. w mobilny maszt wraz z przeno\u015bnym modu\u0142em kamerowym i g\u0142owic\u0105 pomiaru zanieczyszcze\u0144, a tak\u017ce mobilne urz\u0105dzenia do kontroli palenisk, przeno\u015bny detektor wielogazowy, wilgotno\u015bciomierz do drewna, py\u0142omierz, kamer\u0119 termowizyjn\u0105 oraz lornet\u0119. Na wyposa\u017ceniu cz\u0119stochowskiej Stra\u017cy Miejskiej znajduje si\u0119 te\u017c dron wyposa\u017cony w g\u0142owic\u0119 do wykrywania zanieczyszcze\u0144, kt\u00f3ry umo\u017cliwia precyzyjne zlokalizowanie \u017ar\u00f3d\u0142a emituj\u0105cego do atmosfery szkodliwe substancje. W \u0142atwy spos\u00f3b wskazuje, gdzie dochodzi do spalania odpad\u00f3w, poprzez analiz\u0119 substancji pobranych z komina. Poszczeg\u00f3lne narz\u0119dzia wykorzystywane s\u0105 podczas kontroli domowych kot\u0142owni. Nie wolno spala\u0107 w nich \u015bmieci, bowiem przyczyniaj\u0105 si\u0119 one do powstawania gro\u017anego dla ludzkiego zdrowia smogu.<\/p>\n\n\n\n<p><strong>Dzia\u0142ania antysmogowe na terenie miasta przybli\u017ca W\u0142odzimierz Tutaj &#8211; rzecznik prasowy UM Cz\u0119stochowy  <\/strong><\/p>\n\n\n\n<figure class=\"wp-block-video\"><video height=\"2160\" style=\"aspect-ratio: 3840 \/ 2160;\" width=\"3840\" autoplay controls loop src=\"https:\/\/gazetaregionalna.com\/wp-content\/uploads\/2025\/04\/WFOSiGW_SMOG1.mp4\"><\/video><\/figure>\n\n\n\n<p><\/p>\n\n\n\n<p class=\"has-text-color has-link-color wp-elements-08f6c0f1504cd4517011ea42dbadb53a\" style=\"color:#004313\">Od pocz\u0105tku tego roku do pierwszego tygodnia marca cz\u0119stochowscy funkcjonariusze przeprowadzili w sumie 356 inspekcji domowych kot\u0142owni (w ca\u0142ym 2024 roku takich kontroli przeprowadzono 609). Sprawdzano czy w piecach nie dochodzi do spalania \u015bmieci, plastiku, starych ubra\u0144, lakierowanego drewna, itp. Stra\u017cnicy ujawnili 230 nieprawid\u0142owo\u015bci. Sprawc\u00f3w wykrocze\u0144 pouczano lub nak\u0142adano mandaty, nawet w wysoko\u015bci 500 z\u0142. Wobec os\u00f3b, kt\u00f3re nie chcia\u0142y przyj\u0105\u0107 mandatu karnego, kierowane by\u0142y wnioski o ukaranie do s\u0105du. Wszystko po to, by cz\u0119stochowianie oddychali czystym powietrzem.<\/p>\n\n\n\n<p class=\"has-text-color has-link-color wp-elements-aab53d5684f8960e7b1a6e17031b1ec3\" style=\"color:#004313\">W walce ze smogiem Stra\u017c Miejska liczy na pomoc mieszka\u0144c\u00f3w miasta. Podejrzenia dotycz\u0105ce spalania odpad\u00f3w lub nieprawid\u0142owo\u015bci zwi\u0105zanych z kot\u0142owniami s\u0105siad\u00f3w mo\u017cna zg\u0142asza\u0107 dzwoni\u0105c na numer alarmowy \u2013 986. Wsp\u00f3\u0142praca mieszka\u0144c\u00f3w z lokalnymi s\u0142u\u017cbami jest kluczowa w walce o czystsze powietrze i popraw\u0119 jako\u015bci \u017cycia w mie\u015bcie. <\/p>\n\n\n\n<p>red., mat. filmowy Konrad Woszczy\u0144ski<\/p>\n\n\n\n<figure class=\"wp-block-image size-full\"><img decoding=\"async\" width=\"767\" height=\"99\" data-src=\"https:\/\/gazetaregionalna.com\/wp-content\/uploads\/2025\/07\/WFOSiGW-Material.png\" alt=\"\" class=\"wp-image-139648 lazyload\" data-srcset=\"https:\/\/gazetaregionalna.com\/wp-content\/uploads\/2025\/07\/WFOSiGW-Material.png 767w, https:\/\/gazetaregionalna.com\/wp-content\/uploads\/2025\/07\/WFOSiGW-Material-300x39.png 300w\" data-sizes=\"(max-width: 767px) 100vw, 767px\" src=\"data:image\/svg+xml;base64,PHN2ZyB3aWR0aD0iMSIgaGVpZ2h0PSIxIiB4bWxucz0iaHR0cDovL3d3dy53My5vcmcvMjAwMC9zdmciPjwvc3ZnPg==\" style=\"--smush-placeholder-width: 767px; --smush-placeholder-aspect-ratio: 767\/99;\" \/><\/figure>\n\n\n\n<p>Za tre\u015bci zawarte w materiale dofinansowanym ze \u015brodk\u00f3w <a href=\"https:\/\/wfosigw.katowice.pl\/\" target=\"_blank\" rel=\"noreferrer noopener\">WFO\u015aiGW<\/a> w Katowicach odpowiedzialno\u015b\u0107 ponosi redakcja.<\/p>\n\n\n\n<p>Czytaj tak\u017ce: <a href=\"https:\/\/gazetaregionalna.com\/wiosenne\/\">Wiosenne bogactwo \u015bl\u0105skich las\u00f3w. [Fotorelacja]<\/a><\/p>\n","protected":false},"excerpt":{"rendered":"<p>Cz\u0119stochowska Stra\u017c Miejska ma nowe sposoby na walk\u0119 ze smogiem. To specjalistyczny ekodron oraz mobilne laboratorium w postaci elektrycznego pojazdu z analizatorami zanieczyszcze\u0144. Dzi\u0119ki<\/p>\n","protected":false},"author":5,"featured_media":135595,"comment_status":"closed","ping_status":"open","sticky":false,"template":"","format":"standard","meta":{"_monsterinsights_skip_tracking":false,"_monsterinsights_sitenote_active":false,"_monsterinsights_sitenote_note":"","_monsterinsights_sitenote_category":0,"_uf_show_specific_survey":0,"_uf_disable_surveys":false,"footnotes":""},"categories":[29],"tags":[6535,710,9710],"class_list":["post-135590","post","type-post","status-publish","format-standard","has-post-thumbnail","hentry","category-ekologia","tag-stop-smog","tag-walka-ze-smogiem","tag-zanieczyszczenie-powietrza"],"_links":{"self":[{"href":"https:\/\/gazetaregionalna.com\/index.php?rest_route=\/wp\/v2\/posts\/135590","targetHints":{"allow":["GET"]}}],"collection":[{"href":"https:\/\/gazetaregionalna.com\/index.php?rest_route=\/wp\/v2\/posts"}],"about":[{"href":"https:\/\/gazetaregionalna.com\/index.php?rest_route=\/wp\/v2\/types\/post"}],"author":[{"embeddable":true,"href":"https:\/\/gazetaregionalna.com\/index.php?rest_route=\/wp\/v2\/users\/5"}],"replies":[{"embeddable":true,"href":"https:\/\/gazetaregionalna.com\/index.php?rest_route=%2Fwp%2Fv2%2Fcomments&post=135590"}],"version-history":[{"count":6,"href":"https:\/\/gazetaregionalna.com\/index.php?rest_route=\/wp\/v2\/posts\/135590\/revisions"}],"predecessor-version":[{"id":139702,"href":"https:\/\/gazetaregionalna.com\/index.php?rest_route=\/wp\/v2\/posts\/135590\/revisions\/139702"}],"wp:featuredmedia":[{"embeddable":true,"href":"https:\/\/gazetaregionalna.com\/index.php?rest_route=\/wp\/v2\/media\/135595"}],"wp:attachment":[{"href":"https:\/\/gazetaregionalna.com\/index.php?rest_route=%2Fwp%2Fv2%2Fmedia&parent=135590"}],"wp:term":[{"taxonomy":"category","embeddable":true,"href":"https:\/\/gazetaregionalna.com\/index.php?rest_route=%2Fwp%2Fv2%2Fcategories&post=135590"},{"taxonomy":"post_tag","embeddable":true,"href":"https:\/\/gazetaregionalna.com\/index.php?rest_route=%2Fwp%2Fv2%2Ftags&post=135590"}],"curies":[{"name":"wp","href":"https:\/\/api.w.org\/{rel}","templated":true}]}}