{"id":1355,"date":"2018-12-17T12:28:56","date_gmt":"2018-12-17T12:28:56","guid":{"rendered":"http:\/\/gazetaregionalna.com\/?p=1355"},"modified":"2018-12-17T12:28:57","modified_gmt":"2018-12-17T12:28:57","slug":"andre-rieu-w-lublinieckim-kinie","status":"publish","type":"post","link":"https:\/\/gazetaregionalna.com\/?p=1355","title":{"rendered":"Andre Rieu w lublinieckim kinie"},"content":{"rendered":"<p>&nbsp;<\/p>\n<p><span style=\"font-family: Times New Roman, serif;\">Kr\u00f3l Walca Andre Rieu na ekranie lublinieckiego kina! 3 stycznia 2019 roku o godz. 18:00 b\u0119dziemy mieli szans\u0119 podziwia\u0107 wirtuoza skrzypiec, kt\u00f3ry zaprezentuje wspania\u0142y Koncert Noworoczny, nagrany na \u017cywo w Sydney w noc z 31 grudnia 2018 roku na 1 stycznia 2019 roku w kultowym Town Hall.<\/span><\/p>\n<p><span style=\"font-family: Times New Roman, serif;\">Majestatyczny Sydney Town Hall w Sydney zapewni pi\u0119kn\u0105 opraw\u0119 dla tego wyj\u0105tkowego, pierwszego koncertu karnawa\u0142owego, w kt\u00f3rym Andr\u00e9 Rieu wyst\u0105pi ze swoj\u0105 ukochan\u0105 Orkiestr\u0105 Johanna Straussa, z kt\u00f3r\u0105 pracuje od ponad 30 lat. Ponadto jak zwykle pojawi\u0105 si\u0119 ulubieni wokali\u015bci \u2013 sopranistki i tenorzy wsp\u00f3\u0142pracuj\u0105cy z Andr\u00e9, a tak\u017ce mn\u00f3stwo go\u015bci i innych niespodzianek. To ma by\u0107 spektakularny \u015bwi\u0105teczny koncert, pe\u0142en przeboj\u00f3w muzyki klasycznej i popularnej. Jak zwykle zajrzymy za kulisy, b\u0119dziemy ch\u0142on\u0105\u0107 atmosfer\u0119 zabawy towarzysz\u0105c\u0105 temu wydarzeniu, a tak\u017ce zwiedzimy Sydney!<\/span><\/p>\n<p><span style=\"font-family: Times New Roman, serif;\">Bilety w cenie 25 z\u0142 normalny i 20 z\u0142 ulgowy do nabycia:<\/span><\/p>\n<p><span style=\"font-family: Times New Roman, serif;\">&#8211; przez Internet na http:\/\/www.bilety.mdk.lubliniec.pl\/<\/span><\/p>\n<p><span style=\"font-family: Times New Roman, serif;\">&#8211; w kasie MDK.<\/span><\/p>\n<p><span style=\"font-family: Times New Roman, serif;\">(red.)<\/span><\/p>\n","protected":false},"excerpt":{"rendered":"<p>&nbsp; Kr\u00f3l Walca Andre Rieu na ekranie lublinieckiego kina! 3 stycznia 2019 roku o godz. 18:00 b\u0119dziemy mieli szans\u0119 podziwia\u0107 wirtuoza skrzypiec, kt\u00f3ry zaprezentuje<\/p>\n","protected":false},"author":3,"featured_media":0,"comment_status":"open","ping_status":"closed","sticky":false,"template":"","format":"standard","meta":{"_monsterinsights_skip_tracking":false,"_monsterinsights_sitenote_active":false,"_monsterinsights_sitenote_note":"","_monsterinsights_sitenote_category":0,"_uf_show_specific_survey":0,"_uf_disable_surveys":false,"footnotes":""},"categories":[12,25,14,13],"tags":[],"class_list":["post-1355","post","type-post","status-publish","format-standard","hentry","category-kultura-i-rozrywka","category-lubliniec","category-repertuary","category-wydarzenia"],"_links":{"self":[{"href":"https:\/\/gazetaregionalna.com\/index.php?rest_route=\/wp\/v2\/posts\/1355","targetHints":{"allow":["GET"]}}],"collection":[{"href":"https:\/\/gazetaregionalna.com\/index.php?rest_route=\/wp\/v2\/posts"}],"about":[{"href":"https:\/\/gazetaregionalna.com\/index.php?rest_route=\/wp\/v2\/types\/post"}],"author":[{"embeddable":true,"href":"https:\/\/gazetaregionalna.com\/index.php?rest_route=\/wp\/v2\/users\/3"}],"replies":[{"embeddable":true,"href":"https:\/\/gazetaregionalna.com\/index.php?rest_route=%2Fwp%2Fv2%2Fcomments&post=1355"}],"version-history":[{"count":1,"href":"https:\/\/gazetaregionalna.com\/index.php?rest_route=\/wp\/v2\/posts\/1355\/revisions"}],"predecessor-version":[{"id":1357,"href":"https:\/\/gazetaregionalna.com\/index.php?rest_route=\/wp\/v2\/posts\/1355\/revisions\/1357"}],"wp:attachment":[{"href":"https:\/\/gazetaregionalna.com\/index.php?rest_route=%2Fwp%2Fv2%2Fmedia&parent=1355"}],"wp:term":[{"taxonomy":"category","embeddable":true,"href":"https:\/\/gazetaregionalna.com\/index.php?rest_route=%2Fwp%2Fv2%2Fcategories&post=1355"},{"taxonomy":"post_tag","embeddable":true,"href":"https:\/\/gazetaregionalna.com\/index.php?rest_route=%2Fwp%2Fv2%2Ftags&post=1355"}],"curies":[{"name":"wp","href":"https:\/\/api.w.org\/{rel}","templated":true}]}}