{"id":135421,"date":"2025-03-28T16:49:08","date_gmt":"2025-03-28T16:49:08","guid":{"rendered":"https:\/\/gazetaregionalna.com\/?p=135421"},"modified":"2025-03-28T16:49:09","modified_gmt":"2025-03-28T16:49:09","slug":"trener-rakowa-marek-papszun-przed-meczem-w-lubinie-z-zaglebiem-z-optymizmem-patrzymy-w-przyszlosc","status":"publish","type":"post","link":"https:\/\/gazetaregionalna.com\/?p=135421","title":{"rendered":"Trener Rakowa Marek Papszun przed meczem w Lubinie z Zag\u0142\u0119biem: Z optymizmem patrzymy w przysz\u0142o\u015b\u0107"},"content":{"rendered":"\n<p>Pi\u0142karze Rakowa Cz\u0119stochowa wracaj\u0105 do rozgrywek w PKO BP Ekstraklasie. W poniedzia\u0142ek zagraj\u0105 w Lubinie z Zag\u0142\u0119biem. &#8211; Zdajemy sobie spraw\u0119, \u017ce czeka nas mecz z rywalem, k\u00f3ry walczy o utrzymanie. Z rywalem, k\u00f3ry ma nowego trenera \u2013 m\u00f3wi trener Rakowa Marek Papszun.<\/p>\n\n\n\n<p>Rak\u00f3w po wygranej z Legi\u0105 Warszawa po raz pierwszy w tym sezonie awansowa\u0142 na pozycj\u0119 lidera! W Lubinie b\u0119dzie broni\u0107 1. miejsca&#8230; W zespole Zag\u0142ebia dosz\u0142o do zmiany trenera. Zosta\u0142 nim Leszek Ojrzy\u0144ski, kt\u00f3ry w przesz\u0142o\u015bci pracowa\u0142 w&#8230; cz\u0119stochowskim klubie&#8230;<\/p>\n\n\n\n<p>&#8211; W dobrej atmosferze przygotowujemy si\u0119 do kolejnego spotkania \u2013 m\u00f3wi trener Rakowa Marek Papszun. &#8211; Przerwa reprezentacyjna to taki d\u0142u\u017cszy czas, \u017ceby popracowa\u0107. Rozegrali\u015bmy taki dobry sparing z GKS Tychy. Zagra\u0142 gros zawodnik\u00f3w, kt\u00f3rzy mniej graj\u0105., Wi\u0119c to jest te\u017c bardzo wa\u017cne. Z kadry w\u00f3cili Trelowksi, Mos\u00f3r, Otieno, Basse. Zdrowi. To jest tez bardzo wa\u017cne. I oczywi\u015bcie kadra jako ca\u0142o\u015b\u0107 w zdrowiu. Do trening\u00f3w wr\u00f3ci\u0142 te\u017c Zoran Arseni\u0107, kapitan wi\u0119c to dla nas potencjalne wzmocnenie na te najbli\u017csze spotkania. Wi\u0119c z optymizmem patrzymy w przysz\u0142o\u015b\u0107. Zdajemy sobie spraw\u0119, \u017ce czeka nas mecz z rywalem, k\u00f3ry walczy o utrzymanie. Z rywalem, k\u00f3ry ma nowego trenera. My\u015bl\u0119, \u017ce trener Ojrzy\u0144ski te\u017c jest w stanie wzbudzic w zawodnikach taka now\u0105 energi\u0119. I musimy by\u0107 te\u017c na to przygotowani nie tylko od takie strony pilarskiej, ale tez i od mentalnej.<\/p>\n\n\n\n<p>MR-K, fot: AK<\/p>\n\n\n\n<p>Partnerem relacji sportowych s\u0105:<\/p>\n\n\n\n<p>DMK Invest materia\u0142y budowlane Konopiska (<a href=\"http:\/\/www.dmkinvest.pl\/\" target=\"_blank\" rel=\"noopener\">www.dmkinvest.pl<\/a>)<\/p>\n\n\n\n<p>W\u0142odar Developer Cz\u0119stochowa (<a href=\"http:\/\/www.wlodardeveloper.pl\/\" target=\"_blank\" rel=\"noopener\">www.wlodardeveloper.pl<\/a>)<\/p>\n\n\n\n<figure class=\"wp-block-image size-large\"><img decoding=\"async\" width=\"1024\" height=\"690\" data-src=\"https:\/\/gazetaregionalna.com\/wp-content\/uploads\/2024\/10\/Papszun-1-1024x690.jpg\" alt=\"\" class=\"wp-image-129058 lazyload\" data-srcset=\"https:\/\/gazetaregionalna.com\/wp-content\/uploads\/2024\/10\/Papszun-1-1024x690.jpg 1024w, https:\/\/gazetaregionalna.com\/wp-content\/uploads\/2024\/10\/Papszun-1-300x202.jpg 300w, https:\/\/gazetaregionalna.com\/wp-content\/uploads\/2024\/10\/Papszun-1-768x518.jpg 768w, https:\/\/gazetaregionalna.com\/wp-content\/uploads\/2024\/10\/Papszun-1.jpg 1200w\" data-sizes=\"(max-width: 1024px) 100vw, 1024px\" src=\"data:image\/svg+xml;base64,PHN2ZyB3aWR0aD0iMSIgaGVpZ2h0PSIxIiB4bWxucz0iaHR0cDovL3d3dy53My5vcmcvMjAwMC9zdmciPjwvc3ZnPg==\" style=\"--smush-placeholder-width: 1024px; --smush-placeholder-aspect-ratio: 1024\/690;\" \/><\/figure>\n\n\n\n<figure class=\"wp-block-image size-large is-resized\"><img decoding=\"async\" width=\"1024\" height=\"1024\" data-src=\"https:\/\/gazetaregionalna.com\/wp-content\/uploads\/2024\/04\/DMK-Invest-2-1024x1024.jpg\" alt=\"\" class=\"wp-image-123883 lazyload\" style=\"--smush-placeholder-width: 1024px; --smush-placeholder-aspect-ratio: 1024\/1024;width:840px;height:auto\" data-srcset=\"https:\/\/gazetaregionalna.com\/wp-content\/uploads\/2024\/04\/DMK-Invest-2-1024x1024.jpg 1024w, https:\/\/gazetaregionalna.com\/wp-content\/uploads\/2024\/04\/DMK-Invest-2-300x300.jpg 300w, https:\/\/gazetaregionalna.com\/wp-content\/uploads\/2024\/04\/DMK-Invest-2-150x150.jpg 150w, https:\/\/gazetaregionalna.com\/wp-content\/uploads\/2024\/04\/DMK-Invest-2-768x768.jpg 768w, https:\/\/gazetaregionalna.com\/wp-content\/uploads\/2024\/04\/DMK-Invest-2-1536x1536.jpg 1536w, https:\/\/gazetaregionalna.com\/wp-content\/uploads\/2024\/04\/DMK-Invest-2-2048x2048.jpg 2048w, https:\/\/gazetaregionalna.com\/wp-content\/uploads\/2024\/04\/DMK-Invest-2-215x215.jpg 215w, https:\/\/gazetaregionalna.com\/wp-content\/uploads\/2024\/04\/DMK-Invest-2-scaled.jpg 1600w\" data-sizes=\"(max-width: 1024px) 100vw, 1024px\" src=\"data:image\/svg+xml;base64,PHN2ZyB3aWR0aD0iMSIgaGVpZ2h0PSIxIiB4bWxucz0iaHR0cDovL3d3dy53My5vcmcvMjAwMC9zdmciPjwvc3ZnPg==\" \/><\/figure>\n\n\n\n<figure class=\"wp-block-image size-large\"><img decoding=\"async\" width=\"1024\" height=\"1024\" data-src=\"https:\/\/gazetaregionalna.com\/wp-content\/uploads\/2025\/01\/Wlodar-Poleska-fb-1-1024x1024.jpg\" alt=\"\" class=\"wp-image-133182 lazyload\" data-srcset=\"https:\/\/gazetaregionalna.com\/wp-content\/uploads\/2025\/01\/Wlodar-Poleska-fb-1-1024x1024.jpg 1024w, https:\/\/gazetaregionalna.com\/wp-content\/uploads\/2025\/01\/Wlodar-Poleska-fb-1-300x300.jpg 300w, https:\/\/gazetaregionalna.com\/wp-content\/uploads\/2025\/01\/Wlodar-Poleska-fb-1-150x150.jpg 150w, https:\/\/gazetaregionalna.com\/wp-content\/uploads\/2025\/01\/Wlodar-Poleska-fb-1-768x768.jpg 768w, https:\/\/gazetaregionalna.com\/wp-content\/uploads\/2025\/01\/Wlodar-Poleska-fb-1-215x215.jpg 215w, https:\/\/gazetaregionalna.com\/wp-content\/uploads\/2025\/01\/Wlodar-Poleska-fb-1.jpg 1080w\" data-sizes=\"(max-width: 1024px) 100vw, 1024px\" src=\"data:image\/svg+xml;base64,PHN2ZyB3aWR0aD0iMSIgaGVpZ2h0PSIxIiB4bWxucz0iaHR0cDovL3d3dy53My5vcmcvMjAwMC9zdmciPjwvc3ZnPg==\" style=\"--smush-placeholder-width: 1024px; --smush-placeholder-aspect-ratio: 1024\/1024;\" \/><\/figure>\n","protected":false},"excerpt":{"rendered":"<p>Pi\u0142karze Rakowa Cz\u0119stochowa wracaj\u0105 do rozgrywek w PKO BP Ekstraklasie. W poniedzia\u0142ek zagraj\u0105 w Lubinie z Zag\u0142\u0119biem. &#8211; Zdajemy sobie spraw\u0119, \u017ce czeka nas<\/p>\n","protected":false},"author":15,"featured_media":129058,"comment_status":"closed","ping_status":"open","sticky":false,"template":"","format":"standard","meta":{"_monsterinsights_skip_tracking":false,"_monsterinsights_sitenote_active":false,"_monsterinsights_sitenote_note":"","_monsterinsights_sitenote_category":0,"_uf_show_specific_survey":0,"_uf_disable_surveys":false,"footnotes":""},"categories":[94,6,5],"tags":[],"class_list":["post-135421","post","type-post","status-publish","format-standard","has-post-thumbnail","hentry","category-polecane","category-pilka-nozna","category-sport"],"_links":{"self":[{"href":"https:\/\/gazetaregionalna.com\/index.php?rest_route=\/wp\/v2\/posts\/135421","targetHints":{"allow":["GET"]}}],"collection":[{"href":"https:\/\/gazetaregionalna.com\/index.php?rest_route=\/wp\/v2\/posts"}],"about":[{"href":"https:\/\/gazetaregionalna.com\/index.php?rest_route=\/wp\/v2\/types\/post"}],"author":[{"embeddable":true,"href":"https:\/\/gazetaregionalna.com\/index.php?rest_route=\/wp\/v2\/users\/15"}],"replies":[{"embeddable":true,"href":"https:\/\/gazetaregionalna.com\/index.php?rest_route=%2Fwp%2Fv2%2Fcomments&post=135421"}],"version-history":[{"count":1,"href":"https:\/\/gazetaregionalna.com\/index.php?rest_route=\/wp\/v2\/posts\/135421\/revisions"}],"predecessor-version":[{"id":135422,"href":"https:\/\/gazetaregionalna.com\/index.php?rest_route=\/wp\/v2\/posts\/135421\/revisions\/135422"}],"wp:featuredmedia":[{"embeddable":true,"href":"https:\/\/gazetaregionalna.com\/index.php?rest_route=\/wp\/v2\/media\/129058"}],"wp:attachment":[{"href":"https:\/\/gazetaregionalna.com\/index.php?rest_route=%2Fwp%2Fv2%2Fmedia&parent=135421"}],"wp:term":[{"taxonomy":"category","embeddable":true,"href":"https:\/\/gazetaregionalna.com\/index.php?rest_route=%2Fwp%2Fv2%2Fcategories&post=135421"},{"taxonomy":"post_tag","embeddable":true,"href":"https:\/\/gazetaregionalna.com\/index.php?rest_route=%2Fwp%2Fv2%2Ftags&post=135421"}],"curies":[{"name":"wp","href":"https:\/\/api.w.org\/{rel}","templated":true}]}}